{"id":209032,"date":"2025-06-27T19:00:17","date_gmt":"2025-06-27T19:00:17","guid":{"rendered":"https:\/\/www.europesays.com\/fr\/209032\/"},"modified":"2025-06-27T19:00:17","modified_gmt":"2025-06-27T19:00:17","slug":"le-sommet-de-lotan-a-ete-un-moment-de-vassalisation-et-dhumiliation-pour-leurope","status":"publish","type":"post","link":"https:\/\/www.europesays.com\/fr\/209032\/","title":{"rendered":"\u00abLe sommet de l\u2019Otan a \u00e9t\u00e9 un moment de vassalisation et d\u2019humiliation pour l\u2019Europe\u00bb"},"content":{"rendered":"<p><strong>ENTRETIEN &#8211;<\/strong> Le sommet de l\u2019Alliance atlantique qui s\u2019est tenu mardi et mercredi \u00e0 La\u00a0Haye a mis en sc\u00e8ne une Europe soumise aux int\u00e9r\u00eats am\u00e9ricains et marginalis\u00e9e de la sc\u00e8ne diplomatique mondiale apr\u00e8s la s\u00e9quence iranienne, juge l\u2019ancien diplomate et essayiste*.<\/p>\n<p class=\"fig-paragraph\">*\u00a0Auteur notamment de \u00ab\u00a0Henry Kissinger. L\u2019Europ\u00e9en\u00a0\u00bb (Gallimard, 2021) et de \u00ab\u00a0Georges Pompidou. L\u2019intemporel\u00a0\u00bb (Gallimard, 2025).\u00a0<\/p>\n<p class=\"fig-paragraph\"><strong>LE FIGARO. &#8211; Le sommet de l\u2019Otan, qui s\u2019est tenu \u00e0 La\u00a0Haye, est apparu comme un triomphe pour Donald Trump. Pensez-vous que le r\u00e9armement annonc\u00e9 va enfin acter le r\u00e9veil de l\u2019Europe face aux \u00c9tats-Unis\u00a0?<\/strong><\/p>\n<p class=\"fig-paragraph\"><strong>J\u00e9r\u00e9mie GALLON. \u2013<\/strong> L\u00e0 o\u00f9 la presse parle de grand succ\u00e8s, je vois surtout l\u2019expression du l\u00e2che soulagement de dirigeants europ\u00e9ens qui ont\u00a0<a href=\"http:\/\/www.lefigaro.fr\/international\/on-ne-se-laisse-pas-provoquer-les-europeens-peinent-a-assumer-un-bras-de-fer-commercial-avec-donald-trump-20250626\" target=\"_blank\" data-fig-type=\"Article\" rel=\"noopener\" data-gtm-custom-categorie=\"navigation\" data-gtm-custom-action=\"crossclick\" data-gtm-custom-label=\"Contextuel\" data-gtm-event=\"customEventSPE\" data-fig-domain=\"LEFIGARO\">abord\u00e9 ce sommet la peur au ventre<\/a>. Plus que toute autre chose, ils craignaient un esclandre du pr\u00e9sident am\u00e9ricain. Mais les manifestations d\u2019autosatisfaction ne sauraient masquer la r\u00e9alit\u00e9\u00a0: alors que ce sommet aurait d\u00fb \u00eatre une opportunit\u00e9 d\u2019\u00e9mancipation europ\u00e9enne, il a d\u2019abord \u00e9t\u00e9 un moment de vassalisation et d\u2019humiliation.<\/p>\n<p class=\"fig-paragraph\">Si nous devons investir massivement en mati\u00e8re de d\u00e9fense, ce n\u2019est pas pour faire plaisir au pr\u00e9sident Trump. Nous devons le faire car c\u2019est la condition m\u00eame de notre s\u00e9curit\u00e9\u2026<\/p>\n<p class=\"fig-premium-paywall__infos\">\n        Cet article est r\u00e9serv\u00e9 aux abonn\u00e9s.        Il vous reste 88% \u00e0 d\u00e9couvrir.\n    <\/p>\n<p>                <img  data- alt=\"Le Figaro\" class=\"fig-img--complete fig-img\"\/><\/p>\n<p class=\"fig-premium-paywall__title\">Vente Flash : derniers jours<\/p>\n<p class=\"fig-premium-paywall__subtitle\">3,99\u20ac par mois pendant 12 mois. Sans engagement.<\/p>\n<p class=\"fig-premium-paywall__connect\">\n                D\u00e9j\u00e0 abonn\u00e9\u00a0?                <a class=\"fig-premium-paywall__connect-link\" href=\"https:\/\/connect.lefigaro.fr\/login?client=horizon_web&amp;type=main&amp;redirect_uri=https%3A%2F%2Fwww.lefigaro.fr%2Fvox%2Fmonde%2Fjeremie-gallon-le-sommet-de-l-otan-a-ete-un-moment-de-vassalisation-et-d-humiliation-pour-l-europe-20250627\" data-js-gtm=\"{&quot;customCategorie&quot;: &quot;conversion&quot;, &quot;customAction&quot;: &quot;before_Landing_Connexion_paywall_auto&quot;, &quot;customLabel&quot;: &quot;bGVmaWdhcm8uZnJfXzFmMDUzMjlhLWE1NmItNmM5Yy05MWM4LWE5ZmExZDkzYjY1Ml9fQXJ0aWNsZQ==_J\u00e9r\u00e9mie Gallon\u00a0: \u00abLe sommet de l\u2019Otan a \u00e9t\u00e9 un moment de vassalisation et d\u2019humiliation pour l\u2019Europe\u00bb_172&quot;, &quot;customIDSPE&quot;: &quot;bGVmaWdhcm8uZnJfXzFmMDUzMjlhLWE1NmItNmM5Yy05MWM4LWE5ZmExZDkzYjY1Ml9fQXJ0aWNsZQ==&quot;, &quot;event&quot;: &quot;customEventSPE&quot;}\" target=\"_blank\" rel=\"noopener\"><br \/>\n                    Connectez-vous<br \/>\n                <\/a>\n            <\/p>\n","protected":false},"excerpt":{"rendered":"ENTRETIEN &#8211; Le sommet de l\u2019Alliance atlantique qui s\u2019est tenu mardi et mercredi \u00e0 La\u00a0Haye a mis en&hellip;\n","protected":false},"author":2,"featured_media":209033,"comment_status":"","ping_status":"","sticky":false,"template":"","format":"standard","meta":{"footnotes":""},"categories":[1586],"tags":[11,1428,1292,2198,2197,75,1777,674,1779,1429,1011,27,14,3019,12,1427,136,1426,25,1778,364],"class_list":{"0":"post-209032","1":"post","2":"type-post","3":"status-publish","4":"format-standard","5":"has-post-thumbnail","7":"category-europe","8":"tag-actualites","9":"tag-chroniqueurs","10":"tag-debat","11":"tag-debat-monde","12":"tag-debats-international","13":"tag-donald-trump","14":"tag-eu","15":"tag-europe","16":"tag-european-union","17":"tag-figarovox","18":"tag-fr","19":"tag-france","20":"tag-international","21":"tag-iran","22":"tag-news","23":"tag-opinions","24":"tag-otan","25":"tag-questions","26":"tag-republique-francaise","27":"tag-ue","28":"tag-union-europeenne"},"share_on_mastodon":{"url":"https:\/\/pubeurope.com\/@fr\/114756873336663072","error":""},"_links":{"self":[{"href":"https:\/\/www.europesays.com\/fr\/wp-json\/wp\/v2\/posts\/209032","targetHints":{"allow":["GET"]}}],"collection":[{"href":"https:\/\/www.europesays.com\/fr\/wp-json\/wp\/v2\/posts"}],"about":[{"href":"https:\/\/www.europesays.com\/fr\/wp-json\/wp\/v2\/types\/post"}],"author":[{"embeddable":true,"href":"https:\/\/www.europesays.com\/fr\/wp-json\/wp\/v2\/users\/2"}],"replies":[{"embeddable":true,"href":"https:\/\/www.europesays.com\/fr\/wp-json\/wp\/v2\/comments?post=209032"}],"version-history":[{"count":0,"href":"https:\/\/www.europesays.com\/fr\/wp-json\/wp\/v2\/posts\/209032\/revisions"}],"wp:featuredmedia":[{"embeddable":true,"href":"https:\/\/www.europesays.com\/fr\/wp-json\/wp\/v2\/media\/209033"}],"wp:attachment":[{"href":"https:\/\/www.europesays.com\/fr\/wp-json\/wp\/v2\/media?parent=209032"}],"wp:term":[{"taxonomy":"category","embeddable":true,"href":"https:\/\/www.europesays.com\/fr\/wp-json\/wp\/v2\/categories?post=209032"},{"taxonomy":"post_tag","embeddable":true,"href":"https:\/\/www.europesays.com\/fr\/wp-json\/wp\/v2\/tags?post=209032"}],"curies":[{"name":"wp","href":"https:\/\/api.w.org\/{rel}","templated":true}]}}