{"id":209046,"date":"2025-06-27T19:08:31","date_gmt":"2025-06-27T19:08:31","guid":{"rendered":"https:\/\/www.europesays.com\/fr\/209046\/"},"modified":"2025-06-27T19:08:31","modified_gmt":"2025-06-27T19:08:31","slug":"basket-france-un-entraineur-suspendu-pour-avoir-defendu-des-sportives-portant-le-voile","status":"publish","type":"post","link":"https:\/\/www.europesays.com\/fr\/209046\/","title":{"rendered":"Basket France: un entra\u00eeneur suspendu pour avoir d\u00e9fendu des sportives portant le voile"},"content":{"rendered":"<p textalign=\"left\" class=\"\">Selon un communiqu\u00e9 publi\u00e9 sur les r\u00e9seaux sociaux du collectif Basket pour toutes, co-fond\u00e9 par Gauthierot, le pr\u00e9sident du club de basket de Noisy-le-Sec a \u00e9t\u00e9 suspendu de ses fonctions pour 6 mois, dont 3 avec sursis, par la F\u00e9d\u00e9ration fran\u00e7aise de basket pour s\u2019\u00eatre oppos\u00e9 \u00e0 l\u2019exclusion de sportives musulmanes qui portent le foulard. De plus, une amende de 300 euros a  \u00e9t\u00e9 inflig\u00e9e au Club. <\/p>\n<p textalign=\"left\" class=\"\">\u201cEn plein c\u0153ur des Jeux olympiques de Paris, alors que l\u2019esprit sportif et les valeurs d\u2019inclusion, de diversit\u00e9 et d\u2019\u00e9galit\u00e9 devraient \u00eatre c\u00e9l\u00e9br\u00e9es, une bataille cruciale se joue dans les coulisses du sport fran\u00e7ais. Elle concerne l\u2019interdiction du port du voile pour les joueuses de basket-ball et la criminalisation de la solidarit\u00e9. De fait, pour s\u2019\u00eatre oppos\u00e9 \u00e0 cette d\u00e9cision discriminatoire et avoir soutenu les sportives concern\u00e9es, Timoth\u00e9e Gauthierot, pr\u00e9sident du Club de basket de Noisy-le-Sec, a \u00e9t\u00e9 temporairement suspendu de ses fonctions par la F\u00e9d\u00e9ration fran\u00e7aise de basket-ball (FFBB)\u201d peut on lire dans le communiqu\u00e9. <\/p>\n<p textalign=\"left\" class=\"\">Gauthierot a saisi le Comit\u00e9 national olympique sportif fran\u00e7ais qui accueillera, ce jeudi 8 ao\u00fbt \u00e0 9h30, une audience de conciliation avec la FFBB.<\/p>\n<p textalign=\"left\" class=\"\">\u201cCe n\u2019est pas Timoth\u00e9e Gauthierot qu\u2019il faut suspendre, c\u2019est la r\u00e9glementation honteuse, raciste et sexiste qui exclut des femmes des terrains de sport parce qu\u2019elles portent un voile\u201d d\u00e9plore le collectif.<\/p>\n<p textalign=\"left\" class=\"\">La FFBB a interdit aux sportives musulmanes portant le <a target=\"_blank\" rel=\"noopener noreferrer\" class=\"link\" href=\"https:\/\/trt.global\/fran\u00e7ais\/article\/15278103\">voile<\/a> de participer aux matchs et comp\u00e9titions de basket en 2022. Selon le collectif, cette interdiction discriminatoire a eu des cons\u00e9quences sur la sant\u00e9 physique et mentale de nombreuses joueuses. <\/p>\n","protected":false},"excerpt":{"rendered":"Selon un communiqu\u00e9 publi\u00e9 sur les r\u00e9seaux sociaux du collectif Basket pour toutes, co-fond\u00e9 par Gauthierot, le pr\u00e9sident&hellip;\n","protected":false},"author":2,"featured_media":209047,"comment_status":"","ping_status":"","sticky":false,"template":"","format":"standard","meta":{"footnotes":""},"categories":[1414],"tags":[1465,1464,1011,27,60],"class_list":{"0":"post-209046","1":"post","2":"type-post","3":"status-publish","4":"format-standard","5":"has-post-thumbnail","7":"category-basket","8":"tag-basket","9":"tag-basketball","10":"tag-fr","11":"tag-france","12":"tag-sports"},"share_on_mastodon":{"url":"https:\/\/pubeurope.com\/@fr\/114756904788817101","error":""},"_links":{"self":[{"href":"https:\/\/www.europesays.com\/fr\/wp-json\/wp\/v2\/posts\/209046","targetHints":{"allow":["GET"]}}],"collection":[{"href":"https:\/\/www.europesays.com\/fr\/wp-json\/wp\/v2\/posts"}],"about":[{"href":"https:\/\/www.europesays.com\/fr\/wp-json\/wp\/v2\/types\/post"}],"author":[{"embeddable":true,"href":"https:\/\/www.europesays.com\/fr\/wp-json\/wp\/v2\/users\/2"}],"replies":[{"embeddable":true,"href":"https:\/\/www.europesays.com\/fr\/wp-json\/wp\/v2\/comments?post=209046"}],"version-history":[{"count":0,"href":"https:\/\/www.europesays.com\/fr\/wp-json\/wp\/v2\/posts\/209046\/revisions"}],"wp:featuredmedia":[{"embeddable":true,"href":"https:\/\/www.europesays.com\/fr\/wp-json\/wp\/v2\/media\/209047"}],"wp:attachment":[{"href":"https:\/\/www.europesays.com\/fr\/wp-json\/wp\/v2\/media?parent=209046"}],"wp:term":[{"taxonomy":"category","embeddable":true,"href":"https:\/\/www.europesays.com\/fr\/wp-json\/wp\/v2\/categories?post=209046"},{"taxonomy":"post_tag","embeddable":true,"href":"https:\/\/www.europesays.com\/fr\/wp-json\/wp\/v2\/tags?post=209046"}],"curies":[{"name":"wp","href":"https:\/\/api.w.org\/{rel}","templated":true}]}}