{"id":209051,"date":"2025-06-27T19:11:10","date_gmt":"2025-06-27T19:11:10","guid":{"rendered":"https:\/\/www.europesays.com\/fr\/209051\/"},"modified":"2025-06-27T19:11:10","modified_gmt":"2025-06-27T19:11:10","slug":"tdf-tour-de-france-arnaud-demare-le-tour-je-nai-aucune-assurance-dy-etre","status":"publish","type":"post","link":"https:\/\/www.europesays.com\/fr\/209051\/","title":{"rendered":"TDF. Tour de France &#8211; Arnaud D\u00e9mare : \u00abLe Tour ? Je n&rsquo;ai aucune assurance d&rsquo;y \u00eatre\u00bb"},"content":{"rendered":"<p> Lire la suite de l&rsquo;article&#13;<\/p>\n<p>\u00a0<\/p>\n<p>&#13;<br \/>\n\u00ab\u00a0Je ne suis ni favori, ni outsider, mais&#8230;\u00a0\u00bb&#13;<\/p>\n<p><strong>Physiquement, comment \u00e7a va \u00e0 quelques heures du Championnat de France et \u00e0 quelques jours du d\u00e9part du Tour ?<\/strong><\/p>\n<p>&#13;<\/p>\n<p>Je me sens bien. Les semaines pass\u00e9es m\u2019ont permis de retrouver de meilleures sensations, donc c\u2019est positif. Les courses que j\u2019ai disput\u00e9es r\u00e9cemment se sont bien pass\u00e9es. Maintenant, \u00e7a fait longtemps que je n\u2019ai pas fait un parcours aussi difficile que celui de dimanche. \u00c7a va \u00eatre l\u2019occasion de me jauger sur ce type de terrain. Je ne suis ni favori, ni outsider, mais en tout cas, je compte aller le plus loin possible.<\/p>\n<p>&#13;<\/p>\n<p>\u00a0<\/p>\n<p>&#13;<\/p>\n<p><strong>Est-ce que tu es all\u00e9 reconna\u00eetre le parcours ? Tu as d\u00e9j\u00e0 pu rouler dessus ?<\/strong><\/p>\n<p>&#13;<\/p>\n<p>Non, je viens tout juste d\u2019arriver \u00e0 l\u2019h\u00f4tel, il y a une demi-heure. J\u2019ai fait le voyage aujourd\u2019hui. Normalement, on ira voir le parcours demain, peut-\u00eatre autour de midi. C\u2019est ce qu\u2019on fait en g\u00e9n\u00e9ral, donc je vais le d\u00e9couvrir demain. J\u2019ai quand m\u00eame regard\u00e9 un peu, notamment des vid\u00e9os de Philippe Gilbert sur le Tour de France 2011. Je vois la bosse finale, mais il faudra la rouler pour vraiment se rendre compte.<\/p>\n<p>&#13;<\/p>\n<p>\u00a0<\/p>\n<p>&#13;<\/p>\n<p><strong>\u00c0 premi\u00e8re vue, tu te dis que ce n\u2019est pas vraiment un circuit pour toi ou tu te dis \u00ab\u00a0pourquoi pas\u00a0\u00bb ?<\/strong><\/p>\n<p>&#13;<\/p>\n<p>Moi, je me dis \u00ab\u00a0pourquoi pas aller loin dans la course\u00a0\u00bb. Apr\u00e8s, je ne suis pas favori, et je ne pense pas \u00eatre outsider non plus. On a des coureurs dans l\u2019\u00e9quipe qui sont vraiment bien taill\u00e9s pour ce genre de parcours. L\u2019objectif, ce sera de tenir le plus longtemps possible dans les \u00e9chelons. Il y a 4200 m\u00e8tres de d\u00e9nivel\u00e9, c\u2019est presque une grosse \u00e9tape de montagne. En plus, ils annoncent plus de 36 degr\u00e9s, donc la chaleur jouera un r\u00f4le. En g\u00e9n\u00e9ral, je supporte bien la chaleur, mais \u00e7a peut aussi me jouer des tours. Il faudra bien g\u00e9rer, compter ses cartouches. Celui qui passe dans le rouge aura du mal \u00e0 revenir. \u00c7a va \u00eatre une course d\u2019endurance et de gestion. Et puis j\u2019ai la famille qui sera l\u00e0, donc je compte me faire plaisir.<\/p>\n<p>&#13;<\/p>\n<p>\u00a0<\/p>\n<p>&#13;<br \/>\n\u00ab\u00a0Il y a plus de 150 salari\u00e9s concern\u00e9s&#8230;\u00a0\u00bb&#13;<\/p>\n<p><strong>\u00c0 quelques jours du Championnat de France, votre \u00e9quipe a appris le retrait des deux sponsors. Comment vous vivez \u00e7a ?<\/strong><\/p>\n<p>&#13;<\/p>\n<p>Forc\u00e9ment, c\u2019est un coup dur. Pour nous les coureurs, mais aussi pour tout l\u2019encadrement, il y a plus de 150 salari\u00e9s concern\u00e9s. On sait que le cyclisme repose sur une \u00e9conomie fragile. Je l\u2019ai appris quelques heures avant vous. On ne s\u2019attendait pas \u00e0 \u00e7a. Maintenant, \u00e7a ne veut pas dire qu\u2019il n\u2019y aura pas de repreneurs. L\u2019\u00e9quipe garde espoir. Peut-\u00eatre que c\u2019est un gros coup d\u2019alerte pour dire que la structure est l\u00e0, pr\u00eate, mais qu\u2019elle a besoin de soutien. C\u2019est s\u00fbr que c\u2019est compliqu\u00e9 pour tout le monde.<\/p>\n<p>&#13;<\/p>\n<p>\u00a0<\/p>\n<p>&#13;<\/p>\n<p><strong>Toi qui as toujours couru dans des \u00e9quipes fran\u00e7aises, est-ce que c\u2019est encore plus compliqu\u00e9 pour elles de survivre au niveau international ?<\/strong><\/p>\n<p>&#13;<\/p>\n<p>Oui, clairement. Vous le savez autant que moi, en France, en termes de salariat, ce n\u2019est pas la m\u00eame donne qu\u2019\u00e0 l\u2019\u00e9tranger. Avec toutes les charges et le mod\u00e8le \u00e9conomique, pour un m\u00eame budget, c\u2019est plus restreint en France. C\u2019est comme \u00e7a. \u00c7a me fait penser un peu \u2013 sans faire de politique \u2013 \u00e0 la baisse des budgets du minist\u00e8re des Sports. M\u00eame s\u2019il reste des fonds publics, c\u2019est pareil dans le priv\u00e9 : le sport en France est toujours plus compliqu\u00e9 \u00e0 financer.<\/p>\n<p>&#13;<\/p>\n<p>\u00a0<\/p>\n<p>&#13;<\/p>\n<p><strong>Tu n\u2019as pas encore gagn\u00e9 cette saison. Est-ce que \u00e7a te p\u00e8se ou pas du tout ?<\/strong><\/p>\n<p>&#13;<\/p>\n<p>Je ne vais pas dire que \u00e7a me p\u00e8se, mais \u00e7a m\u2019emb\u00eate, pour rester poli. Je ne vais pas me chercher d\u2019excuses : le v\u00e9lo, c\u2019est sur le terrain que \u00e7a se joue. J\u2019ai manqu\u00e9 de r\u00e9ussite, je n\u2019ai pas \u00e9t\u00e9 en forme quand il fallait. En ce moment, \u00e7a va mieux, mais les courses o\u00f9 j\u2019aurais pu performer sont pass\u00e9es. Je garde confiance. La pers\u00e9v\u00e9rance et l\u2019abn\u00e9gation, c\u2019est mon fort. M\u00eame si certains pourraient dire \u00ab\u00a0il devrait l\u00e2cher\u00a0\u00bb, moi je tiens bon. Je donne le maximum et je n\u2019ai aucun regret sur mon investissement. L\u00e0-dessus, je suis bien dans mes pompes.<\/p>\n<p>&#13;<\/p>\n<p>\u00a0<\/p>\n<p>&#13;<\/p>\n<p><strong>Comment est l\u2019ambiance dans l\u2019\u00e9quipe apr\u00e8s cette annonce ?<\/strong><\/p>\n<p>&#13;<\/p>\n<p>Je viens juste de retrouver l\u2019\u00e9quipe, il y a une demi-heure, donc je n\u2019ai pas encore pu vraiment sentir l\u2019ambiance. Mais depuis le d\u00e9but de saison, la motivation est l\u00e0. Qu\u2019il y ait une \u00e9quipe ou pas derri\u00e8re l\u2019an prochain, on a tous des contrats courts et on est tous des comp\u00e9titeurs. L\u2019investissement est total. Il va falloir un peu de temps pour se remobiliser, mais on sait que le sport de haut niveau, c\u2019est dur. Il faut s\u2019adapter et continuer \u00e0 se battre.<\/p>\n<p>&#13;<\/p>\n<p>\u00a0<\/p>\n<p>&#13;<br \/>\n\u00ab\u00a0La s\u00e9lection n\u2019a pas encore \u00e9t\u00e9 d\u00e9voil\u00e9e\u00a0\u00bb&#13;<\/p>\n<p><strong>En tant que sprinter, que penses-tu du final du Tour de France cette ann\u00e9e, avec l\u2019arriv\u00e9e \u00e0 Montmartre au lieu des Champs-\u00c9lys\u00e9es ?<\/strong><\/p>\n<p>&#13;<\/p>\n<p>C\u2019est une difficult\u00e9 de plus pour le dernier jour. On dit toujours que c\u2019est un d\u00e9fil\u00e9, mais les Champs-\u00c9lys\u00e9es, \u00e7a fait d\u00e9j\u00e0 mal. L\u00e0, avec Montmartre, ce sera encore plus dur. Il n\u2019y a pratiquement aucune chance que \u00e7a arrive au sprint. Certains coureurs pourraient ne pas avoir d\u2019ambition pour cette derni\u00e8re \u00e9tape et choisir de s\u2019arr\u00eater avant la montagne. Il y aura peut-\u00eatre moins de motivation pour certains.<\/p>\n<p>&#13;<\/p>\n<p>\u00a0<\/p>\n<p>&#13;<\/p>\n<p><strong>Dans l\u2019\u00e9quipe, qui a la meilleure carte \u00e0 jouer dimanche ?<\/strong><\/p>\n<p>&#13;<\/p>\n<p>Je ne peux pas encore r\u00e9pondre, je viens d\u2019arriver, et on n\u2019a pas fait le briefing. On sait que Kevin est tr\u00e8s en forme, mais \u00e7a ne veut pas dire que ce sera facile pour lui. Au contraire, il aura beaucoup de monde sur le dos. Il y a aussi Ewen, Cl\u00e9ment Venturini\u2026 Et d\u2019autres qui aiment les \u00e9chapp\u00e9es. Avec la chaleur, peut-\u00eatre que l\u2019\u00e9chapp\u00e9e ira au bout. Il faudra vraiment bien g\u00e9rer ses efforts. Je pense que ce sera un championnat tr\u00e8s ouvert, avec beaucoup de coureurs capables d\u2019\u00eatre l\u00e0 dans le final. Il risque aussi d\u2019y avoir des d\u00e9faillances. \u00c7a promet une course int\u00e9ressante \u00e0 suivre.<\/p>\n<p>&#13;<\/p>\n<p>\u00a0<\/p>\n<p>&#13;<\/p>\n<p><strong>Pour finir, est-ce que le Tour de France est d\u00e9j\u00e0 dans ta t\u00eate ?<\/strong><\/p>\n<p>&#13;<\/p>\n<p>Je ne peux pas dire que je l\u2019ai en t\u00eate puisque la s\u00e9lection n\u2019a pas encore \u00e9t\u00e9 d\u00e9voil\u00e9e. Il faudra voir avec Manu Hubert dans les prochains jours. Je n\u2019ai aucune assurance d\u2019y \u00eatre.<\/p>\n","protected":false},"excerpt":{"rendered":"Lire la suite de l&rsquo;article&#13; \u00a0 &#13; \u00ab\u00a0Je ne suis ni favori, ni outsider, mais&#8230;\u00a0\u00bb&#13; Physiquement, comment \u00e7a&hellip;\n","protected":false},"author":2,"featured_media":209052,"comment_status":"","ping_status":"","sticky":false,"template":"","format":"standard","meta":{"footnotes":""},"categories":[1411],"tags":[1154,207,211,1011,27,209,60,210,212,208,213],"class_list":{"0":"post-209051","1":"post","2":"type-post","3":"status-publish","4":"format-standard","5":"has-post-thumbnail","7":"category-cyclisme","8":"tag-cycling","9":"tag-cyclisme","10":"tag-ffc","11":"tag-fr","12":"tag-france","13":"tag-route","14":"tag-sports","15":"tag-tour-de-france","16":"tag-uci","17":"tag-velo","18":"tag-world-tour"},"share_on_mastodon":{"url":"https:\/\/pubeurope.com\/@fr\/114756916568929661","error":""},"_links":{"self":[{"href":"https:\/\/www.europesays.com\/fr\/wp-json\/wp\/v2\/posts\/209051","targetHints":{"allow":["GET"]}}],"collection":[{"href":"https:\/\/www.europesays.com\/fr\/wp-json\/wp\/v2\/posts"}],"about":[{"href":"https:\/\/www.europesays.com\/fr\/wp-json\/wp\/v2\/types\/post"}],"author":[{"embeddable":true,"href":"https:\/\/www.europesays.com\/fr\/wp-json\/wp\/v2\/users\/2"}],"replies":[{"embeddable":true,"href":"https:\/\/www.europesays.com\/fr\/wp-json\/wp\/v2\/comments?post=209051"}],"version-history":[{"count":0,"href":"https:\/\/www.europesays.com\/fr\/wp-json\/wp\/v2\/posts\/209051\/revisions"}],"wp:featuredmedia":[{"embeddable":true,"href":"https:\/\/www.europesays.com\/fr\/wp-json\/wp\/v2\/media\/209052"}],"wp:attachment":[{"href":"https:\/\/www.europesays.com\/fr\/wp-json\/wp\/v2\/media?parent=209051"}],"wp:term":[{"taxonomy":"category","embeddable":true,"href":"https:\/\/www.europesays.com\/fr\/wp-json\/wp\/v2\/categories?post=209051"},{"taxonomy":"post_tag","embeddable":true,"href":"https:\/\/www.europesays.com\/fr\/wp-json\/wp\/v2\/tags?post=209051"}],"curies":[{"name":"wp","href":"https:\/\/api.w.org\/{rel}","templated":true}]}}