{"id":209057,"date":"2025-06-27T19:14:17","date_gmt":"2025-06-27T19:14:17","guid":{"rendered":"https:\/\/www.europesays.com\/fr\/209057\/"},"modified":"2025-06-27T19:14:17","modified_gmt":"2025-06-27T19:14:17","slug":"spectacles-installations-et-restitution-de-letude-architecturale-a-lancienne-usine-le-guellec-a-douarnenez-samedi-28-juin","status":"publish","type":"post","link":"https:\/\/www.europesays.com\/fr\/209057\/","title":{"rendered":"Spectacles, installations et restitution de l\u2019\u00e9tude architecturale \u00e0 l\u2019ancienne usine Le Guellec \u00e0 Douarnenez, samedi 28\u00a0juin"},"content":{"rendered":"<p>L\u2019atelier parisien Bem Bem, repr\u00e9sent\u00e9 par ses architectes Caroline Monrat et Damien Beslot, a remport\u00e9 l\u2019appel \u00e0 r\u00e9sidences pour le transfert du P\u00f4le audiovisuel de Douarnenez au sein des anciens b\u00e2timents de l\u2019usine Le Guellec \u00e0 Pouldavid, un b\u00e2timent propri\u00e9t\u00e9 de Douarnenez Communaut\u00e9. La restitution de l\u2019\u00e9tude architecturale suite \u00e0 la r\u00e9sidence active (PAF) aura lieu samedi 28 juin \u00e0 partir de 16\u00a0h, en pr\u00e9sence d\u2019\u00e9lus de Douarnenez Communaut\u00e9, de membres du Conseil d\u2019architecture, d\u2019urbanisme et de l\u2019environnement du Finist\u00e8re (CAUE) et du P\u00f4l. e Audiovisuel Douarnenez Cornouaille. Ouvertes \u00e0 tous et gratuites les animations dans l\u2019ancienne usine rue du Dinou se d\u00e9rouleront comme suit.<\/p>\n<p>Le programme<\/p>\n<p>D\u00e8s 16\u00a0h\u00a0: visite de la pr\u00e9figuration spatiale par l\u2019Atelier Bem Bem, plateau de tournage, \u00e9coutes sonores sur transat (son binaural, par Lucie Hardoin et Podcasts \u00ab\u00a0Pouldavid-sur-Mer par celles et ceux qui y vivent\u00a0\u00bb par la webradio Vos Gueules les Mouettes), exposition photo \u00ab\u00a0Ici commen\u00e7ait la mer\u00a0\u00bb par l\u2019association Dahut, vid\u00e9omaton, imaginons ensemble le futur lieu, installations vid\u00e9os et diffusions d\u2019extraits de films des adh\u00e9rents du P\u00f4le, mur \u00e0 id\u00e9es pour trouver le futur nom du lieu. \u00c0 17\u00a0h des \u00e9lus de Douarnenez Communaut\u00e9, des membres du CAUE du Finist\u00e8re et du P\u00f4le prononceront un discours avant la restitution de l\u2019\u00e9tude architecturale par L\u2019Atelier Bem Bem. Puis se succ\u00e9deront des spectacles\u00a0: 18\u00a0h\u00a030 chansons par la Cie La T\u00eatue, 19\u00a0h\u00a0: \u00ab\u00a0Oups je l\u2019ai encore fait\u00a0\u00bb de la Cie Les Coulisses du Futur, \u00e0 19\u00a0h\u00a015 la chorale Choukas, \u00e0 20\u00a0h \u00ab\u00a0Marmite\u00a0\u00bb par la Compagnie Safar et enfin \u00e0 20\u00a0h\u00a030\u00a0: Jean Gloute de Braga JGdB.<\/p>\n<p>Restauration sur place par Pizza Fracas et bi\u00e8res locales par Plijadur.<\/p>\n","protected":false},"excerpt":{"rendered":"L\u2019atelier parisien Bem Bem, repr\u00e9sent\u00e9 par ses architectes Caroline Monrat et Damien Beslot, a remport\u00e9 l\u2019appel \u00e0 r\u00e9sidences&hellip;\n","protected":false},"author":2,"featured_media":209058,"comment_status":"","ping_status":"","sticky":false,"template":"","format":"standard","meta":{"footnotes":""},"categories":[1358],"tags":[1350,1348,1384,1385,1386,58,3320,59,1011,27],"class_list":{"0":"post-209057","1":"post","2":"type-post","3":"status-publish","4":"format-standard","5":"has-post-thumbnail","7":"category-arts-et-design","8":"tag-architecture","9":"tag-arts","10":"tag-arts-and-design","11":"tag-arts-et-design","12":"tag-design","13":"tag-divertissement","14":"tag-douarnenez","15":"tag-entertainment","16":"tag-fr","17":"tag-france"},"share_on_mastodon":{"url":"https:\/\/pubeurope.com\/@fr\/114756928363513546","error":""},"_links":{"self":[{"href":"https:\/\/www.europesays.com\/fr\/wp-json\/wp\/v2\/posts\/209057","targetHints":{"allow":["GET"]}}],"collection":[{"href":"https:\/\/www.europesays.com\/fr\/wp-json\/wp\/v2\/posts"}],"about":[{"href":"https:\/\/www.europesays.com\/fr\/wp-json\/wp\/v2\/types\/post"}],"author":[{"embeddable":true,"href":"https:\/\/www.europesays.com\/fr\/wp-json\/wp\/v2\/users\/2"}],"replies":[{"embeddable":true,"href":"https:\/\/www.europesays.com\/fr\/wp-json\/wp\/v2\/comments?post=209057"}],"version-history":[{"count":0,"href":"https:\/\/www.europesays.com\/fr\/wp-json\/wp\/v2\/posts\/209057\/revisions"}],"wp:featuredmedia":[{"embeddable":true,"href":"https:\/\/www.europesays.com\/fr\/wp-json\/wp\/v2\/media\/209058"}],"wp:attachment":[{"href":"https:\/\/www.europesays.com\/fr\/wp-json\/wp\/v2\/media?parent=209057"}],"wp:term":[{"taxonomy":"category","embeddable":true,"href":"https:\/\/www.europesays.com\/fr\/wp-json\/wp\/v2\/categories?post=209057"},{"taxonomy":"post_tag","embeddable":true,"href":"https:\/\/www.europesays.com\/fr\/wp-json\/wp\/v2\/tags?post=209057"}],"curies":[{"name":"wp","href":"https:\/\/api.w.org\/{rel}","templated":true}]}}