{"id":209061,"date":"2025-06-27T19:16:24","date_gmt":"2025-06-27T19:16:24","guid":{"rendered":"https:\/\/www.europesays.com\/fr\/209061\/"},"modified":"2025-06-27T19:16:24","modified_gmt":"2025-06-27T19:16:24","slug":"ce-changement-qui-vous-attend-apres-23-saisons","status":"publish","type":"post","link":"https:\/\/www.europesays.com\/fr\/209061\/","title":{"rendered":"Ce changement qui vous attend apr\u00e8s 23 saisons"},"content":{"rendered":"<p>Vous allez peut-\u00eatre \u00eatre d\u00e9stabilis\u00e9 par ce changement dans la construction des \u00e9pisodes de la saison 23 de NCIS. Apr\u00e8s une telle long\u00e9vit\u00e9, la s\u00e9rie a en effet pris une grande d\u00e9cision !<\/p>\n<p>Les spin-off sont parfois des sources d&rsquo;inspiration pour les s\u00e9ries originales ! La preuve avec <a href=\"https:\/\/www.programme-tv.net\/news\/quiz\/379789-quiz-ncis-testez-vos-connaissances-sur-les-personnages-de-la-serie-culte\/\" data-api-deeplink=\"teleloisirs:\/\/news\/379789\" target=\"_blank\" rel=\"noopener\">NCIS<\/a> qui a d\u00e9cid\u00e9, pour sa <a href=\"https:\/\/www.programme-tv.net\/news\/series-tv\/380474-ncis-ca-va-etre-votre-moment-les-premiers-details-sur-la-saison-23\/\" data-api-deeplink=\"teleloisirs:\/\/news\/380474\" target=\"_blank\" rel=\"noopener\">saison 23, dont on a d\u00e9j\u00e0 quelques d\u00e9tails<\/a>, de s&rsquo;inspirer de NCIS : Origins, \u00e0 propos duquel<a href=\"https:\/\/www.programme-tv.net\/news\/series-tv\/374853-ncis-les-fans-disent-tous-la-meme-chose-sur-le-spin-off-sur-gibbs\/\" data-api-deeplink=\"teleloisirs:\/\/news\/374853\" target=\"_blank\" rel=\"noopener\"> les fans disent tous la m\u00eame chose<\/a>. Le showrunner Steve Binder a ainsi r\u00e9v\u00e9l\u00e9 \u00e0 TV Line que les prochains \u00e9pisodes apporteront un changement majeur \u00e0 la formule de la s\u00e9rie. Les personnages et leurs arcs narratifs seront mis au premier plan, ce qui en fera la saison la plus \u00ab\u00a0centr\u00e9e sur les personnages\u00a0\u00bb de la s\u00e9rie. Pour de nombreux fans, ce sont d\u00e9j\u00e0 les personnages qui les incitent \u00e0 revenir vers la s\u00e9rie \u00e0 succ\u00e8s, et le showrunner explique que l&rsquo;\u00e9quipe derri\u00e8re NCIS va sp\u00e9cifiquement cibler ce public avec sa prochaine saison. \u00ab\u00a0Nous voulons vraiment toucher tout le monde\u00a0\u00bb, affirme Stev Binder. \u00ab\u00a0Je sais que les gens disent toujours : &lsquo;Je regarde la s\u00e9rie pour les personnages&rsquo; &#8211; cela a toujours \u00e9t\u00e9 notre credo &#8211; et je veux vraiment faire de cette saison une s\u00e9rie ax\u00e9e sur les personnages comme nous n&rsquo;avons jamais vu auparavant\u00a0\u00bb, d\u00e9taille-t-il.<\/p>\n<p>                        NCIS, Origins : une s\u00e9rie centr\u00e9e sur le personnage de Gibbs<\/p>\n<p>La s\u00e9rie d\u00e9riv\u00e9e <a href=\"https:\/\/www.programme-tv.net\/news\/series-tv\/350980-ncis-origins-date-de-sortie-casting-intrigues-ce-qu-il-faut-savoir-sur-la-serie-a-propos-des-debuts-de-gibbs\/\" data-api-deeplink=\"teleloisirs:\/\/news\/350980\" target=\"_blank\" rel=\"noopener\">NCIS : Origins<\/a> suit les jeunes ann\u00e9es de Leroy Jethro Gibbs (incarn\u00e9 par <a href=\"https:\/\/www.programme-tv.net\/biographie\/207717-stowell-austin\/\" data-link-people=\"734def1c-d976-4b84-ba50-e6204b9781e8\" target=\"_blank\" rel=\"noopener\">Austin Stowell<\/a> pour sa version jeune). La s\u00e9rie s&rsquo;appuie sur des \u00e9pisodes centr\u00e9s sur les personnages comme mode de narration. L&rsquo;intrigue remonte \u00e0 l&rsquo;ann\u00e9e 1991, lorsque Gibbs rejoint le bureau alors qu&rsquo;il s&rsquo;appelait encore NIS. En se concentrant sur les personnages, les \u00e9pisodes nous permettent de d\u00e9couvrir en profondeur la vie des acteurs principaux et secondaires.<\/p>\n<p>NCIS : un pari \u00e0 suivre pour sa saison 23<\/p>\n<p>La saison 23 de NCIS n&rsquo;abordera peut-\u00eatre pas autant le concept de mise en avant des personnages avec la m\u00eame concentration que NCIS: Origins, mais elle cherche \u00e0 donner plus d&rsquo;importance aux intrigues des personnages d&rsquo;une mani\u00e8re jamais encore d\u00e9velopp\u00e9e dans la s\u00e9rie. Un pari risqu\u00e9 apr\u00e8s une telle long\u00e9vit\u00e9 mais qui pourrait s&rsquo;av\u00e9rer gagnant pour la s\u00e9rie originale ! On en saura plus lors de sa sortie ! Affaire \u00e0 suivre&#8230;<\/p>\n<p>Article \u00e9crit en collaboration avec 6Media<\/p>\n","protected":false},"excerpt":{"rendered":"Vous allez peut-\u00eatre \u00eatre d\u00e9stabilis\u00e9 par ce changement dans la construction des \u00e9pisodes de la saison 23 de&hellip;\n","protected":false},"author":2,"featured_media":209062,"comment_status":"","ping_status":"","sticky":false,"template":"","format":"standard","meta":{"footnotes":""},"categories":[1356],"tags":[4225,244,58,59,1011,27,34813,4224,129,252,1364],"class_list":{"0":"post-209061","1":"post","2":"type-post","3":"status-publish","4":"format-standard","5":"has-post-thumbnail","7":"category-television","8":"tag-amazon-prime-vidu00e9o","9":"tag-commentaire","10":"tag-divertissement","11":"tag-entertainment","12":"tag-fr","13":"tag-france","14":"tag-ncis-origins","15":"tag-pub-streaming-prime-video","16":"tag-svod","17":"tag-television","18":"tag-tv"},"share_on_mastodon":{"url":"https:\/\/pubeurope.com\/@fr\/114756936230595026","error":""},"_links":{"self":[{"href":"https:\/\/www.europesays.com\/fr\/wp-json\/wp\/v2\/posts\/209061","targetHints":{"allow":["GET"]}}],"collection":[{"href":"https:\/\/www.europesays.com\/fr\/wp-json\/wp\/v2\/posts"}],"about":[{"href":"https:\/\/www.europesays.com\/fr\/wp-json\/wp\/v2\/types\/post"}],"author":[{"embeddable":true,"href":"https:\/\/www.europesays.com\/fr\/wp-json\/wp\/v2\/users\/2"}],"replies":[{"embeddable":true,"href":"https:\/\/www.europesays.com\/fr\/wp-json\/wp\/v2\/comments?post=209061"}],"version-history":[{"count":0,"href":"https:\/\/www.europesays.com\/fr\/wp-json\/wp\/v2\/posts\/209061\/revisions"}],"wp:featuredmedia":[{"embeddable":true,"href":"https:\/\/www.europesays.com\/fr\/wp-json\/wp\/v2\/media\/209062"}],"wp:attachment":[{"href":"https:\/\/www.europesays.com\/fr\/wp-json\/wp\/v2\/media?parent=209061"}],"wp:term":[{"taxonomy":"category","embeddable":true,"href":"https:\/\/www.europesays.com\/fr\/wp-json\/wp\/v2\/categories?post=209061"},{"taxonomy":"post_tag","embeddable":true,"href":"https:\/\/www.europesays.com\/fr\/wp-json\/wp\/v2\/tags?post=209061"}],"curies":[{"name":"wp","href":"https:\/\/api.w.org\/{rel}","templated":true}]}}