{"id":209071,"date":"2025-06-27T19:21:10","date_gmt":"2025-06-27T19:21:10","guid":{"rendered":"https:\/\/www.europesays.com\/fr\/209071\/"},"modified":"2025-06-27T19:21:10","modified_gmt":"2025-06-27T19:21:10","slug":"luc-besson-na-pu-retenir-ses-larmes-devant-des-images-de-bruce-willis","status":"publish","type":"post","link":"https:\/\/www.europesays.com\/fr\/209071\/","title":{"rendered":"Luc Besson n\u2019a pu retenir ses larmes devant des images de Bruce Willis"},"content":{"rendered":"<p>Invit\u00e9 sur le plateau du talk-show de France 5 \u00abC \u00e0 vous\u00bb, le r\u00e9alisateur a fendu l\u2019armure face \u00e0 Anne-Elisabeth Lemoine.<\/p>\n<p class=\"fig-paragraph\"><a href=\"https:\/\/www.lefigaro.fr\/tag\/luc-besson\" target=\"_blank\" rel=\"noopener nofollow\" data-gtm-custom-categorie=\"navigation\" data-gtm-custom-action=\"crossclick\" data-gtm-custom-label=\"Contextuel\" data-gtm-event=\"customEventSPE\"><strong>Luc Besson<\/strong><\/a> \u00a0en pleine tourn\u00e9e promotionnelle pour son film Dracula, en salles le 30 juillet, n\u2019a pu contenir ses larmes ce jeudi 26 juin sur le plateau de \u00ab<a href=\"https:\/\/tvmag.lefigaro.fr\/programme-tv\/programme\/c-a-vous-d629397959\" target=\"_blank\" rel=\"noopener nofollow\" data-gtm-custom-categorie=\"navigation\" data-gtm-custom-action=\"crossclick\" data-gtm-custom-label=\"Contextuel\" data-gtm-event=\"customEventSPE\"><strong>C \u00e0 Vous<\/strong><\/a> \u00bb. Il \u00e9voque l\u2019acteur du\u00a0<a href=\"https:\/\/tvmag.lefigaro.fr\/programme-tv\/programme\/le-cinquieme-element-f533612735\" target=\"_blank\" rel=\"noopener nofollow\" data-gtm-custom-categorie=\"navigation\" data-gtm-custom-action=\"crossclick\" data-gtm-custom-label=\"Contextuel\" data-gtm-event=\"customEventSPE\">Cinqui\u00e8me \u00e9l\u00e9ment<\/a> \u00a0atteint de\u00a0<a href=\"http:\/\/www.lefigaro.fr\/cinema\/emma-heming-l-epouse-de-bruce-willis-donne-des-nouvelles-de-l-acteur-malade-20230926\" data-fig-type=\"Article\" data-gtm-custom-categorie=\"navigation\" data-gtm-custom-action=\"crossclick\" data-gtm-custom-label=\"Contextuel\" data-gtm-event=\"customEventSPE\" data-fig-domain=\"LEFIGARO\" rel=\"nofollow noopener\" target=\"_blank\">d\u00e9mence fronto-temporale.\u00a0<\/a><\/p>\n<p class=\"fig-paragraph\">Il n\u2019aura fallu que quelques images d\u2019archives de\u00a0<a href=\"https:\/\/www.lefigaro.fr\/tag\/bruce-willis#:~:text=Bruce%20Willis%20atteint%20d&#039;aphasie,plus%20pr%C3%A9occupante%20selon%20ses%20proches.\" target=\"_blank\" rel=\"noopener nofollow\" data-gtm-custom-categorie=\"navigation\" data-gtm-custom-action=\"crossclick\" data-gtm-custom-label=\"Contextuel\" data-gtm-event=\"customEventSPE\"><strong>Bruce Willis<\/strong><\/a> \u00a0au cinquanti\u00e8me festival de Cannes en 1997, lors de la pr\u00e9sentation du Cinqui\u00e8me \u00e9l\u00e9ment, pour faire craquer le r\u00e9alisateur. Dans ce mythique long-m\u00e9trage de science-fiction, Bruce Willis incarne Korben Dallas. Un conducteur de taxi qui se retrouve \u00e0 devoir sauver le monde au c\u00f4t\u00e9 de la myst\u00e9rieuse Leeloo jou\u00e9e par\u00a0<a href=\"https:\/\/www.lefigaro.fr\/tag\/milla-jovovich\" target=\"_blank\" rel=\"noopener nofollow\" data-gtm-custom-categorie=\"navigation\" data-gtm-custom-action=\"crossclick\" data-gtm-custom-label=\"Contextuel\" data-gtm-event=\"customEventSPE\">Milla Jovovich<\/a>.<\/p>\n<p class=\"fig-paragraph\">Parmi ces archives, un extrait d\u2019une interview de l\u2019acteur dans lequel il complimente Luc Besson. \u00ab Plus on travaillait, plus on s\u2019amusait. On a jou\u00e9 avec de grand jouet et dans de grands d\u00e9cors (&#8230;) Luc a fait un super travail\u00bb raconte la star de\u00a0<a href=\"https:\/\/tvmag.lefigaro.fr\/programme-tv\/programme\/piege-de-cristal-f368964941\" target=\"_blank\" rel=\"noopener nofollow\" data-gtm-custom-categorie=\"navigation\" data-gtm-custom-action=\"crossclick\" data-gtm-custom-label=\"Contextuel\" data-gtm-event=\"customEventSPE\">Pi\u00e8ge de Cristal<\/a> \u00a0et d\u2019<a href=\"https:\/\/tvmag.lefigaro.fr\/programme-tv\/programme\/incassable-f1109831351#:~:text=R%C3%A9sum%C3%A9,cauchemar%20sans%20la%20moindre%20%C3%A9gratignure.\" target=\"_blank\" rel=\"noopener nofollow\" data-gtm-custom-categorie=\"navigation\" data-gtm-custom-action=\"crossclick\" data-gtm-custom-label=\"Contextuel\" data-gtm-event=\"customEventSPE\">Incassable.<\/a><\/p>\n<p class=\"fig-paragraph\">\u00ab\u00c7a m\u2019\u00e9meut de le voir comme \u00e7a, c\u2019est tout\u00bb confie-t-il les yeux embu\u00e9s face \u00e0\u00a0<a href=\"https:\/\/tvmag.lefigaro.fr\/programme-tv\/programme\/c-a-vous-d629397959\" target=\"_blank\" rel=\"noopener nofollow\" data-gtm-custom-categorie=\"navigation\" data-gtm-custom-action=\"crossclick\" data-gtm-custom-label=\"Contextuel\" data-gtm-event=\"customEventSPE\">Anne-\u00c9lisabeth Lemoine<\/a>\u00a0et\u00a0<a href=\"https:\/\/www.lefigaro.fr\/tag\/patrick-cohen\" target=\"_blank\" rel=\"noopener nofollow\" data-gtm-custom-categorie=\"navigation\" data-gtm-custom-action=\"crossclick\" data-gtm-custom-label=\"Contextuel\" data-gtm-event=\"customEventSPE\">Patrick Cohen<\/a>. \u00abC\u2019est parce qu\u2019il est malade que vous \u00eates \u00e9mu?\u00a0\u00bb demande la pr\u00e9sentatrice. Le r\u00e9alisateur de\u00a0<a href=\"https:\/\/tvmag.lefigaro.fr\/programme-tv\/programme\/leon-f730436660\" target=\"_blank\" rel=\"noopener nofollow\" data-gtm-custom-categorie=\"navigation\" data-gtm-custom-action=\"crossclick\" data-gtm-custom-label=\"Contextuel\" data-gtm-event=\"customEventSPE\">L\u00e9on<\/a> \u00a0l\u00e2che\u00a0: \u00ab Il a sauv\u00e9 le monde 53 fois et maintenant le monde l\u2019emporte, c\u2019est triste. C\u2019\u00e9tait un gars vraiment g\u00e9nial.\u00bb<\/p>\n<p class=\"fig-paragraph\">Il raconte ensuite des anecdotes de tournages entre rire et larmes\u00a0: \u00ab Il voulait qu\u2019on le pr\u00e9vienne quarante minutes avant chaque plan et ne pas travailler le samedi et le dimanche.\u00bb<\/p>\n<p>Une maladie neurod\u00e9g\u00e9n\u00e9rative<\/p>\n<p class=\"fig-paragraph\">En 2022, La famille de l\u2019acteur et son ex-femme\u00a0<a href=\"https:\/\/www.lefigaro.fr\/tag\/demi-moore\" target=\"_blank\" rel=\"noopener nofollow\" data-gtm-custom-categorie=\"navigation\" data-gtm-custom-action=\"crossclick\" data-gtm-custom-label=\"Contextuel\" data-gtm-event=\"customEventSPE\">Demi Moore\u00a0<\/a>annoncent que celui-ci souffre\u00a0<a href=\"http:\/\/www.lefigaro.fr\/culture\/bruce-willis-atteint-d-aphasie-son-etat-de-sante-se-degrade-tres-vite-selon-son-entourage-20221208\" data-fig-type=\"Article\" data-gtm-custom-categorie=\"navigation\" data-gtm-custom-action=\"crossclick\" data-gtm-custom-label=\"Contextuel\" data-gtm-event=\"customEventSPE\" data-fig-domain=\"LEFIGARO\" rel=\"nofollow noopener\" target=\"_blank\">d\u2019aphasie<\/a>\u00a0et arr\u00eate la com\u00e9die. Un an plus tard il est diagnostiqu\u00e9 de d\u00e9mence fronto-temporale. Il s\u2019agit d\u2019une maladie neurod\u00e9g\u00e9n\u00e9rative incurable qui touche le langage et le comportement.<\/p>\n<p class=\"fig-paragraph\">Les nouvelles de l\u2019acteur se font, depuis, tr\u00e8s rares. Sa benjamine de 31 ans, Talulah Willis, cr\u00e9atrice de mode, fait partie des personnes qui s\u2019occupent de lui. Le 23 juin, elle a partag\u00e9 sur son compte Instagram,\u00a0<a href=\"https:\/\/madame.lefigaro.fr\/celebrites\/actu-people\/tallulah-willis-vivement-critiquee-pour-avoir-publie-des-photos-de-son-pere-bruce-willis-20250624\" target=\"_blank\" data-fig-type=\"Article\" rel=\"noopener nofollow\" data-gtm-custom-categorie=\"navigation\" data-gtm-custom-action=\"crossclick\" data-gtm-custom-label=\"Contextuel\" data-gtm-event=\"customEventSPE\" data-fig-domain=\"MADAME\">trois photos de son p\u00e8re<\/a>\u00a0lors d\u2019une r\u00e9union familiale. Sur l\u2019une d\u2019entre elles, elle le prend dans ses bras.<\/p>\n","protected":false},"excerpt":{"rendered":"Invit\u00e9 sur le plateau du talk-show de France 5 \u00abC \u00e0 vous\u00bb, le r\u00e9alisateur a fendu l\u2019armure face&hellip;\n","protected":false},"author":2,"featured_media":209072,"comment_status":"","ping_status":"","sticky":false,"template":"","format":"standard","meta":{"footnotes":""},"categories":[8],"tags":[497,496,5631,4422,499,58,59,1011,27,4467,14990,500,504,505,495,503,502,501,498],"class_list":{"0":"post-209071","1":"post","2":"type-post","3":"status-publish","4":"format-standard","5":"has-post-thumbnail","7":"category-divertissement","8":"tag-actu-tv","9":"tag-actualite-tv","10":"tag-anne-elisabeth-lemoine","11":"tag-bruce-willis","12":"tag-buzz-tv","13":"tag-divertissement","14":"tag-entertainment","15":"tag-fr","16":"tag-france","17":"tag-france-5","18":"tag-luc-besson","19":"tag-medias","20":"tag-news-tele","21":"tag-news-television","22":"tag-news-tv","23":"tag-programme-tele","24":"tag-programme-tv","25":"tag-quiz-tv","26":"tag-tv-actu"},"share_on_mastodon":{"url":"https:\/\/pubeurope.com\/@fr\/114756956036768093","error":""},"_links":{"self":[{"href":"https:\/\/www.europesays.com\/fr\/wp-json\/wp\/v2\/posts\/209071","targetHints":{"allow":["GET"]}}],"collection":[{"href":"https:\/\/www.europesays.com\/fr\/wp-json\/wp\/v2\/posts"}],"about":[{"href":"https:\/\/www.europesays.com\/fr\/wp-json\/wp\/v2\/types\/post"}],"author":[{"embeddable":true,"href":"https:\/\/www.europesays.com\/fr\/wp-json\/wp\/v2\/users\/2"}],"replies":[{"embeddable":true,"href":"https:\/\/www.europesays.com\/fr\/wp-json\/wp\/v2\/comments?post=209071"}],"version-history":[{"count":0,"href":"https:\/\/www.europesays.com\/fr\/wp-json\/wp\/v2\/posts\/209071\/revisions"}],"wp:featuredmedia":[{"embeddable":true,"href":"https:\/\/www.europesays.com\/fr\/wp-json\/wp\/v2\/media\/209072"}],"wp:attachment":[{"href":"https:\/\/www.europesays.com\/fr\/wp-json\/wp\/v2\/media?parent=209071"}],"wp:term":[{"taxonomy":"category","embeddable":true,"href":"https:\/\/www.europesays.com\/fr\/wp-json\/wp\/v2\/categories?post=209071"},{"taxonomy":"post_tag","embeddable":true,"href":"https:\/\/www.europesays.com\/fr\/wp-json\/wp\/v2\/tags?post=209071"}],"curies":[{"name":"wp","href":"https:\/\/api.w.org\/{rel}","templated":true}]}}