{"id":209085,"date":"2025-06-27T19:28:15","date_gmt":"2025-06-27T19:28:15","guid":{"rendered":"https:\/\/www.europesays.com\/fr\/209085\/"},"modified":"2025-06-27T19:28:15","modified_gmt":"2025-06-27T19:28:15","slug":"pas-de-vogue-a-saint-etienne-la-varenne-en-juillet-2025-2","status":"publish","type":"post","link":"https:\/\/www.europesays.com\/fr\/209085\/","title":{"rendered":"Pas de vogue \u00e0 Saint-\u00c9tienne-la-Varenne en juillet 2025"},"content":{"rendered":"<p><img loading=\"lazy\" decoding=\"async\" alt=\"\u00a9 David Duvernay - Le village de Saint-Etienne-la Varenne n'aura pas de vogue cette ann\u00e9e.\" data-zoom-src=\"https:\/\/www.europesays.com\/fr\/wp-content\/uploads\/2025\/06\/1751052495_831_initial-saint-etienne-la-varenne.jpg\" data-zoomable=\"\" height=\"702\" src=\"https:\/\/www.europesays.com\/fr\/wp-content\/uploads\/2025\/06\/1751052495_831_initial-saint-etienne-la-varenne.jpg\" width=\"1248\"\/>  <\/p>\n<p class=\"article-desc\">\u00a9 David Duvernay &#8211; Le village de Saint-Etienne-la Varenne n&rsquo;aura pas de vogue cette ann\u00e9e. <\/p>\n<p>C&rsquo;est un des rendez-vous phares de l&rsquo;\u00e9t\u00e9. La <strong>vogue de Saint-\u00c9tienne-la-Varenne<\/strong>, programm\u00e9e le troisi\u00e8me week-end de juillet, avec notamment son bal le samedi soir sur le terrain de basket-ball, attire plusieurs centaines de jeunes et habitants de la commune et des alentours du vendredi au dimanche. <\/p>\n<p>Les travaux dans le bourg ont eu raison de la vogue 2025 <\/p>\n<p>Mais cette ann\u00e9e, le <strong>Comit\u00e9 d&rsquo;animation de Saint-\u00c9tienne-la-Varenne<\/strong> (Caselv) s&rsquo;est r\u00e9solue \u00e0 annuler la vogue pr\u00e9vue du vendredi 18 au dimanche 20 juillet. L&rsquo;association a officialis\u00e9 sa d\u00e9cision sur ses diff\u00e9rents r\u00e9seaux sociaux ce vendredi 27 juin. <\/p>\n<p>La raison ? Les <a href=\"https:\/\/mesinfos.fr\/69460-saint-etienne-la-varenne\/assainissement-et-requalification-du-centre-bourg-les-gros-chantiers-de-saint-etienne-la-varenne-203297.html\" rel=\"noopener\" target=\"_blank\">travaux d&rsquo;assainissement et de requalification du centre-bourg<\/a> qui ont d\u00e9but\u00e9 en janvier 2025 et qui doivent se poursuivre pour plusieurs mois encore. <\/p>\n<p>\u00ab\u00a0C&rsquo;est avec regret que le Caselv pour informe de l&rsquo;annulation compl\u00e8te du week-end de la vogue 2025. [\u2026] Cette ann\u00e9e, en raison des travaux d&rsquo;am\u00e9nagements en cours dans le bourg, les conditions ne sont malheureusement pas r\u00e9unies pour maintenir notre \u00e9v\u00e9nement. Le Caselv pr\u00e9sente ses excuses aux habitu\u00e9s qui aiment se retrouver chaque ann\u00e9e pour vivre des moments de partage et de convivialit\u00e9 tout au long du week-end\u00a0\u00bb, a communiqu\u00e9 l&rsquo;association.<\/p>\n<p>\u00a0 <\/p>\n<\/p>\n<p>\u00a0 <\/p>\n<p>Le Caselv donne rendez-vous en 2026 <\/p>\n<p>Pour autant, les <strong>gar\u00e7ons de vogue de Saint-\u00c9tienne-la-Varenne<\/strong> vont effectuer leur tourn\u00e9e de brioches. Ils seront \u00e9galement pr\u00e9sents samedi 19 juillet dans le bourg pour proposer un <strong>vin d&rsquo;honneur<\/strong> et leurs gaufres. <\/p>\n<p>\u00ab\u00a0Nous esp\u00e9rons que ce coup d&rsquo;arr\u00eat ne nous emp\u00eachera pas de vous retrouver l&rsquo;ann\u00e9e prochaine pour un programme complet\u00a0\u00bb, a ajout\u00e9 le Caselv.<\/p>\n","protected":false},"excerpt":{"rendered":"\u00a9 David Duvernay &#8211; Le village de Saint-Etienne-la Varenne n&rsquo;aura pas de vogue cette ann\u00e9e. C&rsquo;est un des&hellip;\n","protected":false},"author":2,"featured_media":209086,"comment_status":"","ping_status":"","sticky":false,"template":"","format":"standard","meta":{"footnotes":""},"categories":[9653],"tags":[1111,11,2430,1777,674,1011,27,12,25,4001,2086,22546],"class_list":{"0":"post-209085","1":"post","2":"type-post","3":"status-publish","4":"format-standard","5":"has-post-thumbnail","7":"category-saint-etienne","8":"tag-actu","9":"tag-actualites","10":"tag-auvergne-rhone-alpes","11":"tag-eu","12":"tag-europe","13":"tag-fr","14":"tag-france","15":"tag-news","16":"tag-republique-francaise","17":"tag-saint-etienne","18":"tag-travaux","19":"tag-vogue"},"share_on_mastodon":{"url":"https:\/\/pubeurope.com\/@fr\/114756983489060557","error":""},"_links":{"self":[{"href":"https:\/\/www.europesays.com\/fr\/wp-json\/wp\/v2\/posts\/209085","targetHints":{"allow":["GET"]}}],"collection":[{"href":"https:\/\/www.europesays.com\/fr\/wp-json\/wp\/v2\/posts"}],"about":[{"href":"https:\/\/www.europesays.com\/fr\/wp-json\/wp\/v2\/types\/post"}],"author":[{"embeddable":true,"href":"https:\/\/www.europesays.com\/fr\/wp-json\/wp\/v2\/users\/2"}],"replies":[{"embeddable":true,"href":"https:\/\/www.europesays.com\/fr\/wp-json\/wp\/v2\/comments?post=209085"}],"version-history":[{"count":0,"href":"https:\/\/www.europesays.com\/fr\/wp-json\/wp\/v2\/posts\/209085\/revisions"}],"wp:featuredmedia":[{"embeddable":true,"href":"https:\/\/www.europesays.com\/fr\/wp-json\/wp\/v2\/media\/209086"}],"wp:attachment":[{"href":"https:\/\/www.europesays.com\/fr\/wp-json\/wp\/v2\/media?parent=209085"}],"wp:term":[{"taxonomy":"category","embeddable":true,"href":"https:\/\/www.europesays.com\/fr\/wp-json\/wp\/v2\/categories?post=209085"},{"taxonomy":"post_tag","embeddable":true,"href":"https:\/\/www.europesays.com\/fr\/wp-json\/wp\/v2\/tags?post=209085"}],"curies":[{"name":"wp","href":"https:\/\/api.w.org\/{rel}","templated":true}]}}