{"id":209087,"date":"2025-06-27T19:29:14","date_gmt":"2025-06-27T19:29:14","guid":{"rendered":"https:\/\/www.europesays.com\/fr\/209087\/"},"modified":"2025-06-27T19:29:14","modified_gmt":"2025-06-27T19:29:14","slug":"images-au-chru-de-nancy-un-jardin-therapeutique-a-ete-cree-pour-les-enfants-hospitalises","status":"publish","type":"post","link":"https:\/\/www.europesays.com\/fr\/209087\/","title":{"rendered":"IMAGES. Au CHRU de Nancy, un jardin th\u00e9rapeutique a \u00e9t\u00e9 cr\u00e9\u00e9 pour les enfants hospitalis\u00e9s"},"content":{"rendered":"<p>            Par<br \/>\n        <strong><br \/>\n            <a href=\"https:\/\/actu.fr\/auteur\/amandine-mehl\" title=\"Consulter tous les articles de Amandine Mehl\" target=\"_blank\" rel=\"noopener\">Amandine Mehl<\/a><br \/>\n        <\/strong><\/p>\n<p>        Publi\u00e9 le<\/p>\n<p>            27 juin 2025 \u00e0 17h55        <\/p>\n<p>Ce vendredi 27\u00a0juin 2025, le <a href=\"https:\/\/actu.fr\/tag\/chru-de-nancy\" target=\"_blank\" rel=\"noopener\">CHRU de Nancy<\/a> a inaugur\u00e9 un <strong>nouvel espace d\u00e9di\u00e9 aux enfants hospitalis\u00e9s<\/strong> au sein de <a href=\"https:\/\/actu.fr\/grand-est\/nancy_54395\/nouveau-chru-de-nancy-l-hopital-d-enfants-ne-sera-pas-demoli-finalement-voici-a-quoi-il-va-servir_62204765.html\" target=\"_blank\" rel=\"noopener\">l\u2019h\u00f4pital d\u2019enfants<\/a>\u2009: un <strong>jardin th\u00e9rapeutique<\/strong>.<\/p>\n<p class=\" wall-content\">Pens\u00e9 comme un lieu de <strong>bien-\u00eatre<\/strong> pour les petits malades, il se veut \u00eatre un endroit d\u2019<strong>apaisement<\/strong>, de <strong>d\u00e9couverte<\/strong> et d\u2019<strong>inclusion<\/strong>. Dans une d\u00e9marche solidaire et inclusive, les am\u00e9nagements ont \u00e9t\u00e9 r\u00e9alis\u00e9s par l\u2019<strong>\u00c9tablissement et service d\u2019accompagnement par le travail Andr\u00e9 Lanciot<\/strong>.<\/p>\n<p>Un jardin th\u00e9rapeutique accessible aux enfants hospitalis\u00e9s<\/p>\n<p class=\" wall-content\">Le jardin est accessible aux <a href=\"https:\/\/actu.fr\/tag\/enfants\" target=\"_blank\" rel=\"noopener\">enfants<\/a> accompagn\u00e9s d\u2019un soignant ou d\u2019un b\u00e9n\u00e9vole des Blouses Roses. Outre des <strong>ateliers p\u00e9dagogiques<\/strong> qui seront propos\u00e9s ponctuellement, il propose des <strong>plantations en pleine terre et en carr\u00e9s potagers<\/strong>, mais aussi un abri contenant <strong>tout le mat\u00e9riel n\u00e9cessaire pour jardiner<\/strong>.<\/p>\n<p class=\" wall-content\">Gr\u00e2ce \u00e0 un travail men\u00e9 avec le <a href=\"https:\/\/actu.fr\/grand-est\/villers-les-nancy_54578\/le-phallus-de-titan-a-debute-sa-floraison-au-jardin-botanique-de-nancy-un-spectacle-tres-rare_62791030.html\" target=\"_blank\" rel=\"noopener\">Jardin Botanique<\/a> de Villers-l\u00e8s-Nancy, un <strong>livret de jeux<\/strong> permettant une exploration ludique a \u00e9t\u00e9 r\u00e9alis\u00e9.<\/p>\n<p>Vid\u00e9os : en ce moment sur Actu<\/p>\n<p class=\" wall-content\">Suivez toute l\u2019actualit\u00e9 de vos villes et m\u00e9dias favoris en vous inscrivant \u00e0 <a href=\"https:\/\/moncompte.actu.fr\" title=\"D\u00e9couvez Mon Actu\" rel=\"nofollow noopener\" data-trk=\"{&quot;cta&quot;:{&quot;action&quot;:&quot;https:\\\/\\\/moncompte.actu.fr&quot;,&quot;category&quot;:&quot;mon compte&quot;,&quot;from&quot;:&quot;article footer&quot;,&quot;name&quot;:&quot;Mon actu&quot;,&quot;type&quot;:&quot;cta&quot;}}\" target=\"_blank\">Mon Actu<\/a>.<\/p>\n","protected":false},"excerpt":{"rendered":"Par Amandine Mehl Publi\u00e9 le 27 juin 2025 \u00e0 17h55 Ce vendredi 27\u00a0juin 2025, le CHRU de Nancy&hellip;\n","protected":false},"author":2,"featured_media":209088,"comment_status":"","ping_status":"","sticky":false,"template":"","format":"standard","meta":{"footnotes":""},"categories":[9635],"tags":[1111,11,12765,1719,1777,674,1011,27,775,1702,12,25,104],"class_list":{"0":"post-209087","1":"post","2":"type-post","3":"status-publish","4":"format-standard","5":"has-post-thumbnail","7":"category-nancy","8":"tag-actu","9":"tag-actualites","10":"tag-chru-de-nancy","11":"tag-enfants","12":"tag-eu","13":"tag-europe","14":"tag-fr","15":"tag-france","16":"tag-grand-est","17":"tag-nancy","18":"tag-news","19":"tag-republique-francaise","20":"tag-societe"},"share_on_mastodon":{"url":"https:\/\/pubeurope.com\/@fr\/114756987569613116","error":""},"_links":{"self":[{"href":"https:\/\/www.europesays.com\/fr\/wp-json\/wp\/v2\/posts\/209087","targetHints":{"allow":["GET"]}}],"collection":[{"href":"https:\/\/www.europesays.com\/fr\/wp-json\/wp\/v2\/posts"}],"about":[{"href":"https:\/\/www.europesays.com\/fr\/wp-json\/wp\/v2\/types\/post"}],"author":[{"embeddable":true,"href":"https:\/\/www.europesays.com\/fr\/wp-json\/wp\/v2\/users\/2"}],"replies":[{"embeddable":true,"href":"https:\/\/www.europesays.com\/fr\/wp-json\/wp\/v2\/comments?post=209087"}],"version-history":[{"count":0,"href":"https:\/\/www.europesays.com\/fr\/wp-json\/wp\/v2\/posts\/209087\/revisions"}],"wp:featuredmedia":[{"embeddable":true,"href":"https:\/\/www.europesays.com\/fr\/wp-json\/wp\/v2\/media\/209088"}],"wp:attachment":[{"href":"https:\/\/www.europesays.com\/fr\/wp-json\/wp\/v2\/media?parent=209087"}],"wp:term":[{"taxonomy":"category","embeddable":true,"href":"https:\/\/www.europesays.com\/fr\/wp-json\/wp\/v2\/categories?post=209087"},{"taxonomy":"post_tag","embeddable":true,"href":"https:\/\/www.europesays.com\/fr\/wp-json\/wp\/v2\/tags?post=209087"}],"curies":[{"name":"wp","href":"https:\/\/api.w.org\/{rel}","templated":true}]}}