{"id":209102,"date":"2025-06-27T19:38:16","date_gmt":"2025-06-27T19:38:16","guid":{"rendered":"https:\/\/www.europesays.com\/fr\/209102\/"},"modified":"2025-06-27T19:38:16","modified_gmt":"2025-06-27T19:38:16","slug":"fontaine-ce-mardi-1er-juillet-collecte-de-sang-salle-edmond-vigne","status":"publish","type":"post","link":"https:\/\/www.europesays.com\/fr\/209102\/","title":{"rendered":"Fontaine. Ce mardi 1er \u00a0juillet, collecte de sang salle Edmond-Vigne"},"content":{"rendered":"<p>La prochaine collecte de sang aura lieu ce mardi 1er \u00a0juillet salle Edmond-Vigne \u00e0 Fontaine de 16 heures \u00e0 19\u00a0h\u00a030. Ce sera la deuxi\u00e8me collecte de sang de l\u2019ann\u00e9e 2025 avec la participation de l\u2019Amicale des donneurs de sang de Fontaine La goutte de sang. Ne pas oublier de vous munir d\u2019une pi\u00e8ce d\u2019identit\u00e9 et ne pas venir \u00e0 jeun. Une collation vous sera offerte apr\u00e8s votre don.<\/p>\n<p class=\"note\">Inscription recommand\u00e9e sur\u00a0: mon-rdv-dondesang.efs.sante.fr<\/p>\n","protected":false},"excerpt":{"rendered":"La prochaine collecte de sang aura lieu ce mardi 1er \u00a0juillet salle Edmond-Vigne \u00e0 Fontaine de 16 heures&hellip;\n","protected":false},"author":2,"featured_media":209103,"comment_status":"","ping_status":"","sticky":false,"template":"","format":"standard","meta":{"footnotes":""},"categories":[9566],"tags":[1111,11,2430,112,1777,674,9592,11680,1011,27,2731,12,25,71],"class_list":{"0":"post-209102","1":"post","2":"type-post","3":"status-publish","4":"format-standard","5":"has-post-thumbnail","7":"category-grenoble","8":"tag-actu","9":"tag-actualites","10":"tag-auvergne-rhone-alpes","11":"tag-edition-grenoble-agglomeration","12":"tag-eu","13":"tag-europe","14":"tag-fontaine","15":"tag-fontaine-bassin","16":"tag-fr","17":"tag-france","18":"tag-grenoble","19":"tag-news","20":"tag-republique-francaise","21":"tag-sante"},"share_on_mastodon":{"url":"https:\/\/pubeurope.com\/@fr\/114757022755962243","error":""},"_links":{"self":[{"href":"https:\/\/www.europesays.com\/fr\/wp-json\/wp\/v2\/posts\/209102","targetHints":{"allow":["GET"]}}],"collection":[{"href":"https:\/\/www.europesays.com\/fr\/wp-json\/wp\/v2\/posts"}],"about":[{"href":"https:\/\/www.europesays.com\/fr\/wp-json\/wp\/v2\/types\/post"}],"author":[{"embeddable":true,"href":"https:\/\/www.europesays.com\/fr\/wp-json\/wp\/v2\/users\/2"}],"replies":[{"embeddable":true,"href":"https:\/\/www.europesays.com\/fr\/wp-json\/wp\/v2\/comments?post=209102"}],"version-history":[{"count":0,"href":"https:\/\/www.europesays.com\/fr\/wp-json\/wp\/v2\/posts\/209102\/revisions"}],"wp:featuredmedia":[{"embeddable":true,"href":"https:\/\/www.europesays.com\/fr\/wp-json\/wp\/v2\/media\/209103"}],"wp:attachment":[{"href":"https:\/\/www.europesays.com\/fr\/wp-json\/wp\/v2\/media?parent=209102"}],"wp:term":[{"taxonomy":"category","embeddable":true,"href":"https:\/\/www.europesays.com\/fr\/wp-json\/wp\/v2\/categories?post=209102"},{"taxonomy":"post_tag","embeddable":true,"href":"https:\/\/www.europesays.com\/fr\/wp-json\/wp\/v2\/tags?post=209102"}],"curies":[{"name":"wp","href":"https:\/\/api.w.org\/{rel}","templated":true}]}}