{"id":209104,"date":"2025-06-27T19:39:10","date_gmt":"2025-06-27T19:39:10","guid":{"rendered":"https:\/\/www.europesays.com\/fr\/209104\/"},"modified":"2025-06-27T19:39:10","modified_gmt":"2025-06-27T19:39:10","slug":"la-france-coule-face-au-bresil-en-moins-de-quinze-minutes-de-jeu-suivez-la-rencontre","status":"publish","type":"post","link":"https:\/\/www.europesays.com\/fr\/209104\/","title":{"rendered":"la France coule face au Br\u00e9sil en moins de quinze minutes de jeu&#8230; suivez la rencontre"},"content":{"rendered":"<p>G\u00ean\u00e9es par des douleurs musculaires, la capitaine Griedge Mbock et la milieu Amel Majri sont forfaits pour la rencontre. En l\u2019absence de la d\u00e9fenseure, c\u2019est Sandie Toletti qui r\u00e9cup\u00e8re le brassard de capitaine.<\/p>\n<p>A la pointe de l\u2019attaque, Laurent Bonadei l\u2019avait annonc\u00e9, Clara Mateo a \u00e9t\u00e9 privil\u00e9gi\u00e9e \u00e0 Marie-Antoinette Katoto, actuellement en manque de confiance. La Vauclusienne Ma\u00eblle Lakrar tiendra bien sa place dans l\u2019axe de la d\u00e9fense.<\/p>\n<p><strong>La composition de l\u2019\u00e9quipe de France\u00a0:<\/strong> Peyraud-Magnin \u2013 De Almeida, Lakrar, Samoura, Bacha \u2013 Geyoro, Toletti (cap.), Karchaoui \u2013 Diani, Mateo, Baltimore.<\/p>\n<p><strong>Rempla\u00e7antes\u00a0:<\/strong> Lerond, Picaud, Mbock, Sombath, N\u2019dongala, Bogaert, Majri, Jean-Fran\u00e7ois, Katoto, Cascarino, Malard, Gago<\/p>\n","protected":false},"excerpt":{"rendered":"G\u00ean\u00e9es par des douleurs musculaires, la capitaine Griedge Mbock et la milieu Amel Majri sont forfaits pour la&hellip;\n","protected":false},"author":2,"featured_media":209105,"comment_status":"","ping_status":"","sticky":false,"template":"","format":"standard","meta":{"footnotes":""},"categories":[9566],"tags":[1111,11,2430,3545,112,113,114,34063,1777,674,107,1701,63,1011,27,2731,2732,108,12,25,517],"class_list":{"0":"post-209104","1":"post","2":"type-post","3":"status-publish","4":"format-standard","5":"has-post-thumbnail","7":"category-grenoble","8":"tag-actu","9":"tag-actualites","10":"tag-auvergne-rhone-alpes","11":"tag-direct-sport","12":"tag-edition-grenoble-agglomeration","13":"tag-edition-gresivaudan-oisans","14":"tag-edition-voiron-saint-marcellin","15":"tag-equipe-de-france-feminine-de-football","16":"tag-eu","17":"tag-europe","18":"tag-fil-info","19":"tag-fil-info-sport","20":"tag-football","21":"tag-fr","22":"tag-france","23":"tag-grenoble","24":"tag-grenoble-bassin","25":"tag-isere","26":"tag-news","27":"tag-republique-francaise","28":"tag-sport"},"share_on_mastodon":{"url":"https:\/\/pubeurope.com\/@fr\/114757027264784675","error":""},"_links":{"self":[{"href":"https:\/\/www.europesays.com\/fr\/wp-json\/wp\/v2\/posts\/209104","targetHints":{"allow":["GET"]}}],"collection":[{"href":"https:\/\/www.europesays.com\/fr\/wp-json\/wp\/v2\/posts"}],"about":[{"href":"https:\/\/www.europesays.com\/fr\/wp-json\/wp\/v2\/types\/post"}],"author":[{"embeddable":true,"href":"https:\/\/www.europesays.com\/fr\/wp-json\/wp\/v2\/users\/2"}],"replies":[{"embeddable":true,"href":"https:\/\/www.europesays.com\/fr\/wp-json\/wp\/v2\/comments?post=209104"}],"version-history":[{"count":0,"href":"https:\/\/www.europesays.com\/fr\/wp-json\/wp\/v2\/posts\/209104\/revisions"}],"wp:featuredmedia":[{"embeddable":true,"href":"https:\/\/www.europesays.com\/fr\/wp-json\/wp\/v2\/media\/209105"}],"wp:attachment":[{"href":"https:\/\/www.europesays.com\/fr\/wp-json\/wp\/v2\/media?parent=209104"}],"wp:term":[{"taxonomy":"category","embeddable":true,"href":"https:\/\/www.europesays.com\/fr\/wp-json\/wp\/v2\/categories?post=209104"},{"taxonomy":"post_tag","embeddable":true,"href":"https:\/\/www.europesays.com\/fr\/wp-json\/wp\/v2\/tags?post=209104"}],"curies":[{"name":"wp","href":"https:\/\/api.w.org\/{rel}","templated":true}]}}