{"id":209128,"date":"2025-06-27T19:51:13","date_gmt":"2025-06-27T19:51:13","guid":{"rendered":"https:\/\/www.europesays.com\/fr\/209128\/"},"modified":"2025-06-27T19:51:13","modified_gmt":"2025-06-27T19:51:13","slug":"linquietude-apres-un-nouvel-effondrement-dans-ce-quartier","status":"publish","type":"post","link":"https:\/\/www.europesays.com\/fr\/209128\/","title":{"rendered":"l&rsquo;inqui\u00e9tude apr\u00e8s un nouvel effondrement dans ce quartier"},"content":{"rendered":"<p>            Par<br \/>\n        <strong><br \/>\n            <a href=\"https:\/\/actu.fr\/auteur\/lea-afonso\" title=\"Consulter tous les articles de L\u00e9a Afonso\" rel=\"nofollow noopener\" target=\"_blank\">L\u00e9a Afonso<\/a><br \/>\n        <\/strong><\/p>\n<p>        Publi\u00e9 le<\/p>\n<p>            27 juin 2025 \u00e0 20h55        <\/p>\n<p>De l\u2019agitation dans ce quartier et m\u00eame \u00e0 c\u00f4t\u00e9\u2026 Rappelez-vous, il a une semaine \u00e0 peine, le <a href=\"https:\/\/actu.fr\/occitanie\/toulouse_31555\/toulouse-elle-a-eu-le-temps-de-dire-j-entends-un-crac-avant-que-tout-s-effondre-dans-sa-maison_62802510.html\" rel=\"nofollow noopener\" target=\"_blank\">plancher d\u2019une maison s\u2019est affaiss\u00e9 rue Louis Mass\u00e9<\/a> dans le quartier <strong>Bonnefoy<\/strong> \u00e0 Toulouse, e<a href=\"https:\/\/actu.fr\/occitanie\/toulouse_31555\/toulouse-effondrement-sur-le-chantier-de-la-ligne-c-du-metro-une-mauvaise-nouvelle-pour-certains-habitants_62811832.html\" rel=\"nofollow noopener\" target=\"_blank\">ntra\u00eenant l\u2019\u00e9vacuation de 24\u00a0personnes<\/a>. Quelques jours plus tard, ce vendredi 27\u00a0juin 2025, ce quartier de la Ville rose est de nouveau au c\u0153ur de toutes les bouches, enfin \u00e0 une rue pr\u00e8s. La raison n\u2019est pas joviale\u2009: <a href=\"https:\/\/actu.fr\/occitanie\/toulouse_31555\/toulouse-nouvel-effondrement-dans-ce-quartier-un-trou-de-20-metres-de-profondeur-dans-un-jardin_62838590.html\" rel=\"nofollow noopener\" target=\"_blank\">un <strong>nouvel effondrement<\/strong><\/a> a eu lieu. Explications et r\u00e9action de Tiss\u00e9o.<\/p>\n<p>Un trou de 20\u00a0m\u00e8tres de profondeur<\/p>\n<p class=\" wall-content\">C\u2019est aux alentours de <strong>16\u2009h\u200930<\/strong> en cette apr\u00e8s-midi ensoleill\u00e9e que les choses se sont compliqu\u00e9es \u00e0 deux pas du quartier Bonnefoy, <strong>rue du G\u00e9n\u00e9ral Taupin<\/strong>. \u00ab\u2009Le passage du <strong>tunnelier<\/strong> a \u00e0 nouveau <strong>cr\u00e9\u00e9<\/strong> un <strong>trou<\/strong> a priori <strong>de 20\u00a0m de profondeur<\/strong> dans un jardin vers le 41 ou 43 de la rue du g\u00e9n\u00e9ral Taupin\u2009\u00bb a rapidement annonc\u00e9 une lectrice \u00e0 Actu Toulouse.<\/p>\n<p>    <a href=\"https:\/\/www.google.com\/maps\/embed?pb=!1m18!1m12!1m3!1d4996.203954275271!2d1.4529553838535818!3d43.61665188336199!2m3!1f0!2f0!3f0!3m2!1i1024!2i768!4f13.1!3m3!1m2!1s0x12aebcb96c744c7d%3A0x7f6ac670c40a2212!2sRue%20du%20G%C3%A9n%C3%A9ral%20Taupin%2C%2031500%20Toulouse!5e0!3m2!1sfr!2sfr!4v1751042979601!5m2!1sfr!2sfr\" title=\"Ouvrie le lien\" rel=\"nofollow noopener\" target=\"_blank\">Cliquez ici pour visualiser le contenu<\/a><\/p>\n<p class=\" wall-content\">\u00ab\u2009Lorsque j\u2019ai vu de l\u2019agitation, j\u2019y suis all\u00e9. Une foreuse \u00e9tait pr\u00e9sente. Un agent m\u2019a dit qu\u2019ils remplissaient jusqu\u2019\u00e0 20\u00a0m\u00e8tres de profondeur de b\u00e9ton, tandis qu\u2019un coll\u00e8gue lui a dit de me r\u00e9pondre qu\u2019ils sondaient le sol\u2009\u00bb, raconte un habitant de la rue, stup\u00e9fait face \u00e0 l\u2019inexactitude.<\/p>\n<p class=\" wall-content\">Rapidement, les secours et <strong>\u00e9quipes Tiss\u00e9o<\/strong> sont arriv\u00e9s sur les lieux, accompagn\u00e9s de <strong>b\u00e9tonni\u00e8res et foreuses.<\/strong><\/p>\n<p>    <img   decoding=\"async\" loading=\"lazy\" src=\"https:\/\/www.europesays.com\/fr\/wp-content\/uploads\/2025\/06\/237121897475955290-960x640.jpg\" alt=\"Une foreuse a \u00e9t\u00e9 apport\u00e9e sur place. \" width=\"960\" height=\"640\"\/><br \/>\n    Une foreuse a \u00e9t\u00e9 apport\u00e9e sur place. (\u00a9Photo fournie par un habitant de la rue)Une tension palpable<\/p>\n<p class=\" wall-content\">Alors que les effondrements s\u2019encha\u00eenent dans un p\u00e9rim\u00e8tre quelque peu r\u00e9duit, les Toulousains commencent \u00e0 s\u2019inqui\u00e9ter. \u00ab\u2009Nous, en tant que riverain, <strong>on n\u2019est pas du tout rassur\u00e9.<\/strong> Il y en a un \u00e0 Bonnefoy la semaine derni\u00e8re (un effondrement, NDLR), <a href=\"https:\/\/actu.fr\/occitanie\/toulouse_31555\/un-enorme-trou-se-forme-dans-un-jardin-apres-le-passage-d-un-tunnelier-de-la-ligne-c-du-metro-de-toulouse_62719633.html\" rel=\"nofollow noopener\" target=\"_blank\">un autre trou dans un jardin<\/a> il y a quelques semaines. Plus ils avancent, plus ils font des trous. Il ne faut pas qu\u2019ils nous disent que ce n\u2019est pas \u00e0 cause du m\u00e9tro\u2009\u00bb, s\u2019emporte l\u2019habitant de la rue.<\/p>\n<p class=\" wall-content\">\u00c9tant historiquement un quartier de cheminots, Bonnefoy \u2014 et ses environs \u2014 est effectivement compos\u00e9 de vieilles habitations sans fondations solides. \u00ab\u2009Les<strong> maisons ont peut-\u00eatre des d\u00e9fauts d\u2019entretien,<\/strong> mais bon\u2026 C\u2019est vraiment inqui\u00e9tant, \u00e0 chaque fois qu\u2019ils avancent il y a un probl\u00e8me. Les gens commencent \u00e0 <strong>stresser<\/strong>. L\u00e0, c\u2019est un papi qui habite dans la maison\u2009\u00bb, raconte l\u2019habitant.<\/p>\n<p>Que s\u2019est-il pass\u00e9\u2009?<\/p>\n<p class=\" wall-content\">Aupr\u00e8s des habitants, les sp\u00e9culations sur la raison de cet affaissement ont rapidement commenc\u00e9\u2009: \u00ab\u2009ils ont <strong>rencontr\u00e9 une poche d\u2019air,<\/strong> qui para\u00eet-il, a g\u00e9n\u00e9r\u00e9 un geyser, ils sont en train de <strong>combler ce trou avec\u2026 du b\u00e9ton<\/strong>\u2009\u00bb, raconte une habitante de la rue du Mar\u00e9chal Lyautey, \u00e0 proximit\u00e9 de celle concern\u00e9e.<\/p>\n<p class=\" wall-content\">De son c\u00f4t\u00e9, Tiss\u00e9o communique\u2009:<\/p>\n<p class=\" wall-content\">\u00ab\u2009Suite aux investigations approfondies lanc\u00e9es apr\u00e8s l\u2019incident du vendredi 20\u00a0juin 2025, des actions sont en cours pour v\u00e9rifier la stabilit\u00e9 du terrain (secteur Bonnefoy). Ces investigations compl\u00e9mentaires sont r\u00e9alis\u00e9es \u00e0 partir des donn\u00e9es du tunnelier. D\u00e8s qu\u2019un <strong>vide est d\u00e9tect\u00e9<\/strong>, qu\u2019il soit pr\u00e9existant au passage du tunnelier ou pas, ces investigations permettent de le combler en<strong> injectant du b\u00e9ton.<\/strong><br \/>Depuis cet apr\u00e8s-midi, deux sites font l\u2019objet d\u2019une action particuli\u00e8re\u2009:<br \/>\u2013 rue Fr\u00e9d\u00e9ric Petit\u2009: un vide a \u00e9t\u00e9 identifi\u00e9 \u00e0 plus de 25\u00a0m\u00e8tres de profondeur, le comblement est en cours par mesure de pr\u00e9caution.<br \/>\u2013 rue Albert Sorel (sur le lieu de l\u2019apparition du fontis d\u00e9but juin)\u2009: des sondages sont en cours pour lever toute suspicion de vide r\u00e9siduel. Si un vide est d\u00e9tect\u00e9, le comblement sera r\u00e9alis\u00e9 au plus tard demain matin (samedi 28\u00a0juin au matin, NDLR). Ces op\u00e9rations de contr\u00f4le et de pr\u00e9vention mobilisent des<strong> engins de g\u00e9nie civil<\/strong> dont l\u2019activit\u00e9 ne passe pas inaper\u00e7ue dans le quartier, pouvant donner lieu \u00e0 de mauvaises interpr\u00e9tations. Or, de nouveaux fontis ne sont pas apparus. Les engins sont seulement pr\u00e9sents pour combler, de mani\u00e8re pr\u00e9ventive, des cavit\u00e9s identifi\u00e9es en sous-sol, mais <strong>n\u2019ayant pas caus\u00e9 de dommage en surface<\/strong>\u00ab\u00a0, rassure Tiss\u00e9o.<\/p>\n<p class=\" wall-content\">Pour le week-end, l<strong>es habitants ont \u00e9t\u00e9 relog\u00e9s.<\/strong> \u00ab\u2009Le relogement des personnes concern\u00e9es est r\u00e9alis\u00e9\u2009\u00bb, confirme l\u2019entreprise Toulousaine.<\/p>\n<p>Une surveillance renforc\u00e9e<\/p>\n<p class=\" wall-content\">Comme <a href=\"https:\/\/actu.fr\/occitanie\/toulouse_31555\/toulouse-effondrement-sur-le-chantier-de-la-ligne-c-du-metro-une-mauvaise-nouvelle-pour-certains-habitants_62811832.html\" rel=\"nofollow noopener\" target=\"_blank\">annonc\u00e9 en d\u00e9but de semaine par Actu Toulouse<\/a>, \u00ab\u2009pour la suite des travaux, Tiss\u00e9o a <strong>renforc\u00e9 le dispositif de surveillance<\/strong> et de caract\u00e9risation des sols concern\u00e9s par le passage des tunneliers. Les \u00e9tudes g\u00e9otechniques, r\u00e9alis\u00e9es pr\u00e9alablement au passage des tunneliers, seront r\u00e9examin\u00e9es. Sur les zones les plus sensibles, des sondages suppl\u00e9mentaires seront r\u00e9alis\u00e9s. Pendant les phases de creusement, d\u00e8s que le fontim\u00e8tre du tunnelier signalera une anomalie, que les capteurs signaleront un mouvement de sol, ou si des fissures \u00e9volutives sont d\u00e9cel\u00e9es, des sondages compl\u00e9mentaires seront r\u00e9alis\u00e9s en surface pour v\u00e9rifier la stabilit\u00e9 des sols. Ces mesures viennent renforcer un dispositif de surveillance et de monitorage des tunneliers\u2009\u00bb.<\/p>\n<p class=\" wall-content\">Suivez toute l\u2019actualit\u00e9 de vos villes et m\u00e9dias favoris en vous inscrivant \u00e0 <a href=\"https:\/\/moncompte.actu.fr\" title=\"D\u00e9couvez Mon Actu\" rel=\"nofollow noopener\" data-trk=\"{&quot;cta&quot;:{&quot;action&quot;:&quot;https:\\\/\\\/moncompte.actu.fr&quot;,&quot;category&quot;:&quot;mon compte&quot;,&quot;from&quot;:&quot;article footer&quot;,&quot;name&quot;:&quot;Mon actu&quot;,&quot;type&quot;:&quot;cta&quot;}}\" target=\"_blank\">Mon Actu<\/a>.<\/p>\n","protected":false},"excerpt":{"rendered":"Par L\u00e9a Afonso Publi\u00e9 le 27 juin 2025 \u00e0 20h55 De l\u2019agitation dans ce quartier et m\u00eame \u00e0&hellip;\n","protected":false},"author":2,"featured_media":209129,"comment_status":"","ping_status":"","sticky":false,"template":"","format":"standard","meta":{"footnotes":""},"categories":[2816],"tags":[1111,11,1777,674,1011,27,12,2680,25,104,5400,2312,1352],"class_list":{"0":"post-209128","1":"post","2":"type-post","3":"status-publish","4":"format-standard","5":"has-post-thumbnail","7":"category-toulouse","8":"tag-actu","9":"tag-actualites","10":"tag-eu","11":"tag-europe","12":"tag-fr","13":"tag-france","14":"tag-news","15":"tag-occitanie","16":"tag-republique-francaise","17":"tag-societe","18":"tag-tisseo","19":"tag-toulouse","20":"tag-urbanisme"},"share_on_mastodon":{"url":"https:\/\/pubeurope.com\/@fr\/114757073997589845","error":""},"_links":{"self":[{"href":"https:\/\/www.europesays.com\/fr\/wp-json\/wp\/v2\/posts\/209128","targetHints":{"allow":["GET"]}}],"collection":[{"href":"https:\/\/www.europesays.com\/fr\/wp-json\/wp\/v2\/posts"}],"about":[{"href":"https:\/\/www.europesays.com\/fr\/wp-json\/wp\/v2\/types\/post"}],"author":[{"embeddable":true,"href":"https:\/\/www.europesays.com\/fr\/wp-json\/wp\/v2\/users\/2"}],"replies":[{"embeddable":true,"href":"https:\/\/www.europesays.com\/fr\/wp-json\/wp\/v2\/comments?post=209128"}],"version-history":[{"count":0,"href":"https:\/\/www.europesays.com\/fr\/wp-json\/wp\/v2\/posts\/209128\/revisions"}],"wp:featuredmedia":[{"embeddable":true,"href":"https:\/\/www.europesays.com\/fr\/wp-json\/wp\/v2\/media\/209129"}],"wp:attachment":[{"href":"https:\/\/www.europesays.com\/fr\/wp-json\/wp\/v2\/media?parent=209128"}],"wp:term":[{"taxonomy":"category","embeddable":true,"href":"https:\/\/www.europesays.com\/fr\/wp-json\/wp\/v2\/categories?post=209128"},{"taxonomy":"post_tag","embeddable":true,"href":"https:\/\/www.europesays.com\/fr\/wp-json\/wp\/v2\/tags?post=209128"}],"curies":[{"name":"wp","href":"https:\/\/api.w.org\/{rel}","templated":true}]}}