{"id":209132,"date":"2025-06-27T19:53:13","date_gmt":"2025-06-27T19:53:13","guid":{"rendered":"https:\/\/www.europesays.com\/fr\/209132\/"},"modified":"2025-06-27T19:53:13","modified_gmt":"2025-06-27T19:53:13","slug":"le-los-angeles-fc-officialise-le-depart-de-giroud-attendu-a-lille","status":"publish","type":"post","link":"https:\/\/www.europesays.com\/fr\/209132\/","title":{"rendered":"le Los Angeles FC officialise le d\u00e9part de Giroud, attendu \u00e0 Lille"},"content":{"rendered":"<p>\u00c2g\u00e9 de 38 ans, l\u2019ancien attaquant de l\u2019\u00e9quipe de France n\u2019aura pass\u00e9 qu\u2019un an au sein du club californien.<\/p>\n<p class=\"fig-paragraph\">Un petit tour et puis s\u2019en va.\u00a0<a href=\"http:\/\/www.lefigaro.fr\/sports\/football\/transferts\/mercato-giroud-va-signer-au-los-angeles-fc-et-faire-une-croix-sur-les-jo-20240423\" data-fig-type=\"NewsFlash\" data-gtm-custom-categorie=\"navigation\" data-gtm-custom-action=\"crossclick\" data-gtm-custom-label=\"Contextuel\" data-gtm-event=\"customEventSPE\" data-fig-domain=\"LEFIGARO\" target=\"_blank\" rel=\"noopener\">Arriv\u00e9 au Los Angeles FC l\u2019\u00e9t\u00e9 dernier<\/a>, Olivier Giroud quitte d\u00e9j\u00e0 le club californien. C\u2019est officiel. Les deux parties \u00abont d\u00e9cid\u00e9 d\u2019un commun accord de se s\u00e9parer\u00bb, pr\u00e9cise-t-on, ajoutant que l\u2019int\u00e9ress\u00e9 disputera son dernier match en Black &amp; Gold ce dimanche, contre Vancouver, au BMO Stadium. \u00abOlivier a \u00e9t\u00e9 un professionnel exemplaire durant son passage au LAFC. Il a insuffl\u00e9 une humilit\u00e9 et un esprit de gagnant qui ont contribu\u00e9 \u00e0 \u00e9lever tous ceux qui l\u2019entouraient. Olivier a \u00e9t\u00e9 un formidable ambassadeur du club, sur le terrain comme en dehors. Nous lui sommes reconnaissants pour sa contribution et lui souhaitons, ainsi qu\u2019\u00e0 son \u00e9pouse Jennifer et \u00e0 sa famille, le meilleur pour ce nouveau chapitre\u00bb, indique John Thorrington, copr\u00e9sident et directeur g\u00e9n\u00e9ral du LAFC.<\/p>\n<p class=\"fig-paragraph\">Recrut\u00e9 pour un an, plus une option pour 2026, Giroud a inscrit cinq buts en 37 rencontres sous les couleurs du LAFC. \u00abJe tiens \u00e0 remercier tous les supporters, mes co\u00e9quipiers et le staff du LAFC pour avoir fait de cette \u00e9tape une \u00e9tape agr\u00e9able de ma carri\u00e8re. Je suis heureux d\u2019avoir contribu\u00e9 au succ\u00e8s du LAFC. De la victoire d\u2019un troph\u00e9e la saison derni\u00e8re \u00e0 la participation \u00e0 la Coupe du monde des clubs, ce fut une exp\u00e9rience formidable \u00e0 Los Angeles pour moi et ma famille\u00bb, d\u00e9clare Giroud, meilleur buteur de l\u2019histoire de l\u2019\u00e9quipe de France (57 buts). Pass\u00e9 par Grenoble, Istres, Tours, Montpellier, Arsenal, Chelsea et Milan, Olivier Giroud n\u2019a \u00e9videmment pas l\u2019intention de raccrocher. Son avenir passera, selon diverses sources, par la Ligue 1 et Lille. \u00abHere we go\u00bb, l\u00e2che le journaliste italien Fabrizio Romano, assurant que l\u2019int\u00e9ress\u00e9, \u00e2g\u00e9 de 38 ans, a dit oui aux Dogues pour un contrat d\u2019un an.<\/p>\n","protected":false},"excerpt":{"rendered":"\u00c2g\u00e9 de 38 ans, l\u2019ancien attaquant de l\u2019\u00e9quipe de France n\u2019aura pass\u00e9 qu\u2019un an au sein du club&hellip;\n","protected":false},"author":2,"featured_media":209133,"comment_status":"","ping_status":"","sticky":false,"template":"","format":"standard","meta":{"footnotes":""},"categories":[2815],"tags":[1111,11,69,2261,1777,674,63,1011,27,811,3309,6201,453,66,446,1307,2267,1434,12,5959,70,25,67,969,10662],"class_list":{"0":"post-209132","1":"post","2":"type-post","3":"status-publish","4":"format-standard","5":"has-post-thumbnail","7":"category-lille","8":"tag-actu","9":"tag-actualites","10":"tag-bundesliga","11":"tag-calcio","12":"tag-eu","13":"tag-europe","14":"tag-football","15":"tag-fr","16":"tag-france","17":"tag-hauts-de-france","18":"tag-l1","19":"tag-l2","20":"tag-liga","21":"tag-ligue-1","22":"tag-ligue-2","23":"tag-lille","24":"tag-losc","25":"tag-mercato","26":"tag-news","27":"tag-olivier-giroud","28":"tag-premier-league","29":"tag-republique-francaise","30":"tag-serie-a","31":"tag-transfert","32":"tag-transferts"},"share_on_mastodon":{"url":"https:\/\/pubeurope.com\/@fr\/114757081726635489","error":""},"_links":{"self":[{"href":"https:\/\/www.europesays.com\/fr\/wp-json\/wp\/v2\/posts\/209132","targetHints":{"allow":["GET"]}}],"collection":[{"href":"https:\/\/www.europesays.com\/fr\/wp-json\/wp\/v2\/posts"}],"about":[{"href":"https:\/\/www.europesays.com\/fr\/wp-json\/wp\/v2\/types\/post"}],"author":[{"embeddable":true,"href":"https:\/\/www.europesays.com\/fr\/wp-json\/wp\/v2\/users\/2"}],"replies":[{"embeddable":true,"href":"https:\/\/www.europesays.com\/fr\/wp-json\/wp\/v2\/comments?post=209132"}],"version-history":[{"count":0,"href":"https:\/\/www.europesays.com\/fr\/wp-json\/wp\/v2\/posts\/209132\/revisions"}],"wp:featuredmedia":[{"embeddable":true,"href":"https:\/\/www.europesays.com\/fr\/wp-json\/wp\/v2\/media\/209133"}],"wp:attachment":[{"href":"https:\/\/www.europesays.com\/fr\/wp-json\/wp\/v2\/media?parent=209132"}],"wp:term":[{"taxonomy":"category","embeddable":true,"href":"https:\/\/www.europesays.com\/fr\/wp-json\/wp\/v2\/categories?post=209132"},{"taxonomy":"post_tag","embeddable":true,"href":"https:\/\/www.europesays.com\/fr\/wp-json\/wp\/v2\/tags?post=209132"}],"curies":[{"name":"wp","href":"https:\/\/api.w.org\/{rel}","templated":true}]}}