{"id":209134,"date":"2025-06-27T19:54:09","date_gmt":"2025-06-27T19:54:09","guid":{"rendered":"https:\/\/www.europesays.com\/fr\/209134\/"},"modified":"2025-06-27T19:54:09","modified_gmt":"2025-06-27T19:54:09","slug":"lanimateur-de-skyrock-fred-musa-au-centre-penitentiaire-des-baumettes-a-marseille-pour-un-atelier-radio","status":"publish","type":"post","link":"https:\/\/www.europesays.com\/fr\/209134\/","title":{"rendered":"L&rsquo;animateur de Skyrock Fred Musa au centre p\u00e9nitentiaire des Baumettes \u00e0 Marseille pour un atelier radio"},"content":{"rendered":"<p>En prison, la radio est partout. Elle est, avec la t\u00e9l\u00e9vision, l&rsquo;une des rares fen\u00eatres sur le monde pour les d\u00e9tenus, enferm\u00e9s 22 heures sur 24, parfois jusqu&rsquo;\u00e0 quatre, dans une cellule 9 m2. \u00ab\u00a0Au mitard, les prisonniers ont droit \u00e0 seulement deux choses : un lit, et un poste radio\u00a0\u00bb, assure Fred Musa, voix embl\u00e9matique de Plan\u00e8te rap sur Skyrock.<\/p>\n<p>Cet univers carc\u00e9ral, Fred Musa le conna\u00eet bien. Depuis dix ans, il intervient r\u00e9guli\u00e8rement dans des prisons de France (Fleury-M\u00e9rogis, la Sant\u00e9, Nanterre&#8230;.) pour animer des ateliers radio.<\/p>\n<p>En d\u00e9but de semaine, il \u00e9tait \u00e0 Marseille, aux Baumettes, avec son pote le Toulonnais Mouloud Mansouri, producteur de rap et lui-m\u00eame ancien d\u00e9tenu. Le but des deux jours pass\u00e9s derri\u00e8re les barreaux: construire une \u00e9mission d&rsquo;une heure avec des prisonniers volontaires. \u00ab\u00a0Un vrai temps d&rsquo;a\u00e9ration pour eux\u00a0\u00bb, analyse l&rsquo;animateur qui adore l&rsquo;exercice.<\/p>\n<p>\u00ab\u00a0La prison par populisme\u00a0\u00bb<\/p>\n<p>Mais au-del\u00e0 du simple partage de sa passion pour le m\u00e9dia radio, Fred Musa place dans ses interventions une conviction profonde. \u00ab\u00a0J&rsquo;ai une vraie col\u00e8re sur le sujet\u00a0\u00bb, s&#8217;emporte le sp\u00e9cialiste de rap en France.<\/p>\n<p>Le sujet ? \u00ab\u00a0Le discours du moment qui fait de la prison une r\u00e9ponse \u00e0 tous les probl\u00e8mes de la soci\u00e9t\u00e9. Darmanin, Retailleau&#8230; n&rsquo;en jurent que par l&rsquo;enfermement comme solution ; c&rsquo;est du populisme\u00a0\u00bb, insiste l&rsquo;homme de radio, aux premi\u00e8res loges pour observer la soci\u00e9t\u00e9 telle qu&rsquo;elle \u00e9volue.<\/p>\n<p>Car selon lui, \u00ab\u00a0si 80 % des personnes priv\u00e9es de libert\u00e9 en prison r\u00e9cidivent une fois lib\u00e9r\u00e9es\u00a0\u00bb, c&rsquo;est que le syst\u00e8me ne se donne pas les moyens de pr\u00e9parer la r\u00e9insertion des d\u00e9tenus, livr\u00e9 \u00e0 eux-m\u00eames sur ce chemin de la r\u00e9demption.<\/p>\n<p>\u00ab\u00a0Le personnel p\u00e9nitentiaire fait un travail incroyable. On leur demande d&rsquo;\u00eatre gardien, confident, psychiatre, assistante sociale tout en maintenant l&rsquo;ordre\u00a0\u00bb, poursuit Fred Musa. \u00ab\u00a0Sans parler du fait que la vraie place d&rsquo;une grand nombre de d\u00e9tenus n&rsquo;est pas en prison mais dans un h\u00f4pital avec des soins psychiatriques\u00a0\u00bb, assure-t-il.<\/p>\n<p>Peu importe. Entre deux \u00e9mission sur Skyrock, Fred Musa continuera son travail. Rendez-vous est d\u00e9j\u00e0 pris \u00e0 la prison de la Sant\u00e9, en octobre.<\/p>\n","protected":false},"excerpt":{"rendered":"En prison, la radio est partout. Elle est, avec la t\u00e9l\u00e9vision, l&rsquo;une des rares fen\u00eatres sur le monde&hellip;\n","protected":false},"author":2,"featured_media":209135,"comment_status":"","ping_status":"","sticky":false,"template":"","format":"standard","meta":{"footnotes":""},"categories":[2814],"tags":[1111,11,1777,674,332,1011,27,884,12,882,25],"class_list":{"0":"post-209134","1":"post","2":"type-post","3":"status-publish","4":"format-standard","5":"has-post-thumbnail","7":"category-marseille","8":"tag-actu","9":"tag-actualites","10":"tag-eu","11":"tag-europe","12":"tag-faits-de-societe","13":"tag-fr","14":"tag-france","15":"tag-marseille","16":"tag-news","17":"tag-provence-alpes-cote-dazur","18":"tag-republique-francaise"},"share_on_mastodon":{"url":"https:\/\/pubeurope.com\/@fr\/114757085731851961","error":""},"_links":{"self":[{"href":"https:\/\/www.europesays.com\/fr\/wp-json\/wp\/v2\/posts\/209134","targetHints":{"allow":["GET"]}}],"collection":[{"href":"https:\/\/www.europesays.com\/fr\/wp-json\/wp\/v2\/posts"}],"about":[{"href":"https:\/\/www.europesays.com\/fr\/wp-json\/wp\/v2\/types\/post"}],"author":[{"embeddable":true,"href":"https:\/\/www.europesays.com\/fr\/wp-json\/wp\/v2\/users\/2"}],"replies":[{"embeddable":true,"href":"https:\/\/www.europesays.com\/fr\/wp-json\/wp\/v2\/comments?post=209134"}],"version-history":[{"count":0,"href":"https:\/\/www.europesays.com\/fr\/wp-json\/wp\/v2\/posts\/209134\/revisions"}],"wp:featuredmedia":[{"embeddable":true,"href":"https:\/\/www.europesays.com\/fr\/wp-json\/wp\/v2\/media\/209135"}],"wp:attachment":[{"href":"https:\/\/www.europesays.com\/fr\/wp-json\/wp\/v2\/media?parent=209134"}],"wp:term":[{"taxonomy":"category","embeddable":true,"href":"https:\/\/www.europesays.com\/fr\/wp-json\/wp\/v2\/categories?post=209134"},{"taxonomy":"post_tag","embeddable":true,"href":"https:\/\/www.europesays.com\/fr\/wp-json\/wp\/v2\/tags?post=209134"}],"curies":[{"name":"wp","href":"https:\/\/api.w.org\/{rel}","templated":true}]}}