{"id":209173,"date":"2025-06-27T20:14:18","date_gmt":"2025-06-27T20:14:18","guid":{"rendered":"https:\/\/www.europesays.com\/fr\/209173\/"},"modified":"2025-06-27T20:14:18","modified_gmt":"2025-06-27T20:14:18","slug":"martin-couvra-et-adrien-saddier-en-mode-chasseurs","status":"publish","type":"post","link":"https:\/\/www.europesays.com\/fr\/209173\/","title":{"rendered":"Martin Couvra et Adrien Saddier en mode chasseurs"},"content":{"rendered":"<p>\t\t\t\t\t\t<img width=\"770\" height=\"556\" src=\"https:\/\/www.europesays.com\/fr\/wp-content\/uploads\/2025\/06\/adriensaddierjoburg-770x556.jpg\" class=\"img-responsive wp-post-image\" alt=\"\" decoding=\"async\" fetchpriority=\"high\"  \/>\t\t\t\t\t<\/p>\n<p>\t\t\t\t\t\t Partager cet article <\/p>\n<p class=\"screen-reader-text juiz_sps_maybe_hidden_text\">Partager la publication \u00ab\u00a0Martin Couvra et Adrien Saddier en mode chasseurs\u00a0\u00bb<\/p>\n<p><strong>Respectivement 2e et 6e \u00e0 -8 (132) et -7 (133) apr\u00e8s deux tours, Martin Couvra, co-d\u00e9tenteur du record du parcours (63), et Adrien Saddier (photo), ex-recordman avec son 64 matinal, sont en position de force avant le week-end \u00e0 l\u2019Argentario Golf Club, h\u00f4te de l\u2019Italian Open 2025. Seul leader \u00e0 -9 (131), l\u2019Espagnol Angel Ayora est pr\u00e9venu !<\/strong><\/p>\n<p>\u00a0<\/p>\n<p><strong>L.V.<\/strong><\/p>\n<p>S\u2019il ne reste qu\u2019une poign\u00e9e de golfeurs fran\u00e7ais ce week-end alors qu\u2019ils \u00e9taient quinze \u00e0 s\u2019\u00e9lancer jeudi matin, ces quelques rescap\u00e9s sont id\u00e9alement plac\u00e9s pour jouer la gagne sur les deux derniers tours de l\u2019\u00e9dition 2025 de l\u2019<strong>Italian Open<\/strong>.<\/p>\n<p><a href=\"https:\/\/www.europeantour.com\/dpworld-tour\/italian-open-2025\/leaderboard?round=2\" target=\"_blank\" rel=\"noopener nofollow\">Retrouvez le classement complet et les tee times du 3e tour<\/a><\/p>\n<p>\t\t\t\t\t<a id=\"177253\" href=\"https:\/\/www.noyangolf.com\/fr\/\" target=\"_blank\" rel=\"sponsorised nofollow noopener\"><img decoding=\"async\" src=\"data:image\/svg+xml,%3Csvg%20xmlns=\" http:=\"\" class=\"img-responsive\" alt=\"\" data-lazy-src=\"https:\/\/www.europesays.com\/fr\/wp-content\/uploads\/2025\/06\/noyan-e01-where-golf-meets-excellence-1170x275-1.jpg\"\/><\/a><\/p>\n<p>Auteur d\u2019une magnifique carte de 63 (-7), nouveau record du parcours toscan partag\u00e9 avec l\u2019Espagnol <strong>Rafa Cabrera Bello<\/strong>, d\u00e9chain\u00e9 ce vendredi apr\u00e8s un terrible 76 (+6) inaugural, <strong>Martin Couvra<\/strong> a, lui aussi, parfaitement r\u00e9agi apr\u00e8s sa terrible fin de partie lors du 1er tour avec un double et deux bogeys conc\u00e9d\u00e9s sur ses trois derniers trous.<\/p>\n<p>\u00a0<\/p>\n<blockquote class=\"twitter-tweet\">\n<p dir=\"ltr\" lang=\"en\">What a difference a day makes \ud83d\ude05<a href=\"https:\/\/twitter.com\/RCabreraBello?ref_src=twsrc%5Etfw\" rel=\"nofollow noopener\" target=\"_blank\">@RCabreraBello<\/a> sets a new course record to make the cut with a birdie, birdie, birdie finish, having recorded two double bogeys plus an EIGHT on Thursday. <a href=\"https:\/\/twitter.com\/hashtag\/ItalianOpen?src=hash&amp;ref_src=twsrc%5Etfw\" rel=\"nofollow noopener\" target=\"_blank\">#ItalianOpen<\/a> <a href=\"https:\/\/t.co\/i3J8zDtPDM\" rel=\"nofollow\">pic.twitter.com\/i3J8zDtPDM<\/a><\/p>\n<p>\u2014 DP World Tour (@DPWorldTour) <a href=\"https:\/\/twitter.com\/DPWorldTour\/status\/1938642304711225487?ref_src=twsrc%5Etfw\" rel=\"nofollow noopener\" target=\"_blank\">June 27, 2025<\/a><\/p>\n<\/blockquote>\n<p>\u00a0<\/p>\n<p>Sous un soleil de plomb (jusqu\u2019\u00e0 35 degr\u00e9s en milieu d\u2019apr\u00e8s-midi) malgr\u00e9 tout quelque peu att\u00e9nu\u00e9 par un vent tr\u00e8s soutenu (rafales jusqu\u2019\u00e0 40 km\/h par moment aux alentours de 18h00), l\u2019Azur\u00e9en a fait encore preuve d\u2019une classe immense (huit birdies, un bogey), gagnant au passage 37 places au leaderboard.<\/p>\n<p>Deuxi\u00e8me ex aequo en compagnie de l\u2019Allemand <strong>Marcel Schneider<\/strong>, du Norv\u00e9gien <strong>Andreas Halvorsen<\/strong> et de l\u2019Anglais <strong>Dan Bradbury<\/strong>, il n\u2019accuse qu\u2019une seule petite longueur de retard sur l\u2019Espagnol <strong>Angel Ayora<\/strong>, impeccable avec son 65 (-5) sans la moindre rature. Pour l\u2019instant projet\u00e9 5e \u00e0 la Race, il en profiterait pour valider \u00e0 90 % son ticket pour <a href=\"https:\/\/www.golfplanete.com\/actualites\/martin-couvra-bientot-qualifie-pour-the-open\/\" target=\"_blank\" rel=\"noopener nofollow\">The Open via le top 20 de la Race non encore exempt\u00e9<\/a>.<\/p>\n<p>\u00a0<\/p>\n<blockquote class=\"twitter-tweet\">\n<p dir=\"ltr\" lang=\"en\">Angel Ayora finishes with a birdie to take the lead \ud83d\ude4c<a href=\"https:\/\/twitter.com\/hashtag\/ItalianOpen?src=hash&amp;ref_src=twsrc%5Etfw\" rel=\"nofollow noopener\" target=\"_blank\">#ItalianOpen<\/a> <a href=\"https:\/\/t.co\/Q0Y4diWiK2\" rel=\"nofollow\">pic.twitter.com\/Q0Y4diWiK2<\/a><\/p>\n<p>\u2014 DP World Tour (@DPWorldTour) <a href=\"https:\/\/twitter.com\/DPWorldTour\/status\/1938629045081514270?ref_src=twsrc%5Etfw\" rel=\"nofollow noopener\" target=\"_blank\">June 27, 2025<\/a><\/p>\n<\/blockquote>\n<p>\u00a0<\/p>\n<p><strong>Adrien Saddier<\/strong> avait montr\u00e9 le chemin en matin\u00e9e en claquant un 64 (-6) alors record, avant que celui-ci ne soit effac\u00e9 dans l\u2019apr\u00e8s-midi. Le Haut-Savoyard, qui retrouve ici toutes ses sensations apr\u00e8s avoir \u00e9t\u00e9 oblig\u00e9 de se retirer au <strong>Soudal Open<\/strong> \u00e0 l\u2019issue du 1er tour en raison d\u2019une mauvaise grippe. Seul sixi\u00e8me \u00e0 -7 (133), il ne compte que deux coups de retard sur l\u2019homme de t\u00eate.<\/p>\n<p>\t\t\t\t\t<a id=\"177269\" href=\"https:\/\/www.golfcapdagde.com\/\" target=\"_blank\" rel=\"sponsorised nofollow noopener\"><img decoding=\"async\" src=\"data:image\/svg+xml,%3Csvg%20xmlns=\" http:=\"\" class=\"img-responsive\" alt=\"\" data-lazy-src=\"https:\/\/www.europesays.com\/fr\/wp-content\/uploads\/2025\/06\/capdagdegolf-e01-experience-golf-1170x275-1.gif\"\/><\/a><\/p>\n<p>\u00ab Je me sens compl\u00e8tement r\u00e9tabli et en pleine forme, souligne-t-il au micro du <strong>DP World Tour<\/strong>. C\u2019\u00e9tait une bonne journ\u00e9e. Il faisait un peu frais ce matin, c\u2019\u00e9tait agr\u00e9able. Les greens \u00e9taient un peu plus souples qu\u2019hier apr\u00e8s-midi, ce qui m\u2019a permis de me rapprocher plus facilement du trou. J\u2019ai eu de bonnes opportunit\u00e9s sur le parcours et j\u2019ai fait une bonne journ\u00e9e de putting. Je ne joue pas bien quand il fait trop chaud. Je viens des montagnes. Je pr\u00e9f\u00e8re le froid. \u00bb<\/p>\n<p>\u00a0<\/p>\n<p>Sauv\u00e9 gr\u00e2ce \u00e0 un\u2026 bogey !<\/p>\n<p>Apr\u00e8s un 69 (-1) jeudi, <strong>Tom Vaillant<\/strong> fait lui aussi une bonne op\u00e9ration comptable avec son 68 (-2) du jour qui le propulse aux portes du top 20. 24e \u00e0 -3 (137), il a un s\u00e9rieux coup \u00e0 jouer ce week-end. Combler six coups en 36 trous, c\u2019est en effet loin d\u2019\u00eatre insurmontable. Et cela lui permettrait de reprendre confiance apr\u00e8s deux cuts manqu\u00e9s en Belgique puis en Autriche et une tr\u00e8s anecdotique 60e place au <strong>KLM Open<\/strong>.<\/p>\n<p>On l\u2019a dit, le clan tricolore est fortement d\u00e9cim\u00e9 pour les deux derniers tours puisque seuls <strong>Cl\u00e9ment Sordet<\/strong> et <strong>Bastien Amat<\/strong> parviennent \u00e0 franchir \u00e9galement le cut. Le Lyonnais install\u00e9 sur la C\u00f4te d\u2019Azur pointe \u00e0 la 52e place dans le par total (140) tandis que <a href=\"https:\/\/www.golfplanete.com\/actualites\/bastien-amat-en-manque-de-resultats-prend-le-meilleur-depart-du-clan-tricolore-en-italie\/\" target=\"_blank\" rel=\"noopener nofollow\">le meilleur \u00e9l\u00e9ment tricolore la veille<\/a> doit une fi\u00e8re chandelle au Slovaque <strong>Tadeas Tetak<\/strong> qui, en conc\u00e9dant le bogey sur son dernier trou (le 18), d\u00e9place le cut \u00e0 +1 (141) et embarque de facto dans l\u2019aventure tous les joueurs class\u00e9s\u2026 65es !<\/p>\n<p>\u00a0<\/p>\n<p>Le leaderboard<\/p>\n<p><img loading=\"lazy\" decoding=\"async\" class=\"alignnone wp-image-177766 size-large\" src=\"data:image\/svg+xml,%3Csvg%20xmlns=\" http:=\"\" alt=\"\" width=\"770\" height=\"498\" data-lazy- data-lazy- data-lazy-src=\"https:\/\/www.europesays.com\/fr\/wp-content\/uploads\/2025\/06\/capture1dp-1-770x498.jpg\"\/><\/p>\n<p><img loading=\"lazy\" decoding=\"async\" class=\"alignnone wp-image-177767 size-large\" src=\"data:image\/svg+xml,%3Csvg%20xmlns=\" http:=\"\" alt=\"\" width=\"770\" height=\"141\" data-lazy- data-lazy- data-lazy-src=\"https:\/\/www.europesays.com\/fr\/wp-content\/uploads\/2025\/06\/capture2dp-1-770x141.jpg\"\/><\/p>\n<p>\u00a0<\/p>\n<p>Le leaderboard des autres Fran\u00e7ais<\/p>\n<p><img loading=\"lazy\" decoding=\"async\" class=\"alignnone wp-image-177768 size-large\" src=\"data:image\/svg+xml,%3Csvg%20xmlns=\" http:=\"\" alt=\"\" width=\"770\" height=\"139\" data-lazy- data-lazy- data-lazy-src=\"https:\/\/www.europesays.com\/fr\/wp-content\/uploads\/2025\/06\/capture3dp-1-770x139.jpg\"\/><\/p>\n<p><img loading=\"lazy\" decoding=\"async\" class=\"alignnone wp-image-177769 size-large\" src=\"data:image\/svg+xml,%3Csvg%20xmlns=\" http:=\"\" alt=\"\" width=\"770\" height=\"495\" data-lazy- data-lazy- data-lazy-src=\"https:\/\/www.europesays.com\/fr\/wp-content\/uploads\/2025\/06\/capture4dp-1-770x495.jpg\"\/><\/p>\n<p>\u00a0<\/p>\n<p>Photo : Luke Walker \/ GETTY IMAGES EUROPE \/ Getty Images via AFP<\/p>\n<p>\t\t\t\t\t<a id=\"175134\" href=\"https:\/\/bluegreen.fr\/saint-laurent\/stages\/\" target=\"_blank\" rel=\"sponsorised nofollow noopener\"><img decoding=\"async\" src=\"data:image\/svg+xml,%3Csvg%20xmlns=\" http:=\"\" class=\"img-responsive\" alt=\"\" data-lazy-src=\"https:\/\/www.europesays.com\/fr\/wp-content\/uploads\/2025\/06\/golfstlaurent-e02-stages-ete-1170x275-1.gif\"\/><\/a><\/p>\n<p>\u00a0<\/p>\n<p>\t\t\t<script async src=\"https:\/\/platform.twitter.com\/widgets.js\" charset=\"utf-8\"><\/script><\/p>\n","protected":false},"excerpt":{"rendered":"Partager cet article Partager la publication \u00ab\u00a0Martin Couvra et Adrien Saddier en mode chasseurs\u00a0\u00bb Respectivement 2e et 6e&hellip;\n","protected":false},"author":2,"featured_media":209174,"comment_status":"","ping_status":"","sticky":false,"template":"","format":"standard","meta":{"footnotes":""},"categories":[1418],"tags":[1011,27,1472,60],"class_list":{"0":"post-209173","1":"post","2":"type-post","3":"status-publish","4":"format-standard","5":"has-post-thumbnail","7":"category-golf","8":"tag-fr","9":"tag-france","10":"tag-golf","11":"tag-sports"},"share_on_mastodon":{"url":"https:\/\/pubeurope.com\/@fr\/114757164691475449","error":""},"_links":{"self":[{"href":"https:\/\/www.europesays.com\/fr\/wp-json\/wp\/v2\/posts\/209173","targetHints":{"allow":["GET"]}}],"collection":[{"href":"https:\/\/www.europesays.com\/fr\/wp-json\/wp\/v2\/posts"}],"about":[{"href":"https:\/\/www.europesays.com\/fr\/wp-json\/wp\/v2\/types\/post"}],"author":[{"embeddable":true,"href":"https:\/\/www.europesays.com\/fr\/wp-json\/wp\/v2\/users\/2"}],"replies":[{"embeddable":true,"href":"https:\/\/www.europesays.com\/fr\/wp-json\/wp\/v2\/comments?post=209173"}],"version-history":[{"count":0,"href":"https:\/\/www.europesays.com\/fr\/wp-json\/wp\/v2\/posts\/209173\/revisions"}],"wp:featuredmedia":[{"embeddable":true,"href":"https:\/\/www.europesays.com\/fr\/wp-json\/wp\/v2\/media\/209174"}],"wp:attachment":[{"href":"https:\/\/www.europesays.com\/fr\/wp-json\/wp\/v2\/media?parent=209173"}],"wp:term":[{"taxonomy":"category","embeddable":true,"href":"https:\/\/www.europesays.com\/fr\/wp-json\/wp\/v2\/categories?post=209173"},{"taxonomy":"post_tag","embeddable":true,"href":"https:\/\/www.europesays.com\/fr\/wp-json\/wp\/v2\/tags?post=209173"}],"curies":[{"name":"wp","href":"https:\/\/api.w.org\/{rel}","templated":true}]}}