{"id":209179,"date":"2025-06-27T20:18:25","date_gmt":"2025-06-27T20:18:25","guid":{"rendered":"https:\/\/www.europesays.com\/fr\/209179\/"},"modified":"2025-06-27T20:18:25","modified_gmt":"2025-06-27T20:18:25","slug":"jordan-brand-prolonge-pour-un-contrat-comme-equipementier-de-la-ffbb","status":"publish","type":"post","link":"https:\/\/www.europesays.com\/fr\/209179\/","title":{"rendered":"Jordan Brand prolonge pour un contrat comme \u00e9quipementier de la FFBB"},"content":{"rendered":"<p><strong>La F\u00e9d\u00e9ration avait lanc\u00e9 une consultation en d\u00e9but d\u2019ann\u00e9e 2024 sur laquelle \u00ab\u00a0plusieurs marques se sont positionn\u00e9es\u00a0\u00bb<\/strong>. <strong>Jordan Brand avait succ\u00e9d\u00e9 \u00e0\u00a0<a href=\"https:\/\/sport.newstank.fr\/directory\/organisation\/4094\/adidas.html\" target=\"_blank\" rel=\"noopener\">adidas<\/a>\u00a0<\/strong>comme \u00e9quipementier de toutes les \u00e9quipes nationales, hommes, femmes, 5&#215;5, 3&#215;3 ainsi que des \u00e9quipes juniors de la\u00a0<a href=\"https:\/\/sport.newstank.fr\/directory\/organisation\/4760\/federation-francaise-basketball-ffbb.html\" target=\"_blank\" rel=\"noopener\">FFBB<\/a><strong>\u00a0\u00e0 partir de novembre\u00a02017.<\/strong><\/p>\n<p>\u00ab\u00a0Les basketteurs tricolores et leurs supporters seront cet \u00e9t\u00e9 les seuls repr\u00e9sentants fran\u00e7ais \u00e0 porter les tenues officielles sigl\u00e9es du fameux Jumpman\u00a0\u00bb, indique Nike. En effet, <strong>la marque am\u00e9ricaine<\/strong>, qui remplace r\u00e9guli\u00e8rement le logo de Nike sur les maillots away ou third du\u00a0<a href=\"https:\/\/sport.newstank.fr\/directory\/organisation\/1153\/paris-saint-germain-psg.html\" target=\"_blank\" rel=\"noopener\">Paris Saint-Germain<\/a>\u00a0(Ligue 1 McDonald\u2019s), sera notamment <strong>visible sur les maillots des \u00e9quipes de France masculine et f\u00e9minine<\/strong> de basket 5&#215;5 et 3&#215;3 <strong>lors des\u00a0JOP\u00a0de\u00a0Paris 2024.<\/strong><\/p>\n<p>Afin de ne pas \u00eatre concern\u00e9e par le contrat qui lie le\u00a0CNOSF\u00a0et le\u00a0CPSF\u00a0au Coq Sportif, l&rsquo;\u00e9quipementier officiel de la d\u00e9l\u00e9gation fran\u00e7aise pour ces Jeux, et ainsi conserver leur fournisseur officiel pendant les Jeux, quatre f\u00e9d\u00e9rations (FFA\u00a0et\u00a0FFHandball\u00a0avec adidas\u00a0;\u00a0FFF\u00a0et FFBB avec Nike \/ Jordan Brand) ont d\u00fb verser une contribution de 400\u00a0000\u00a0euros \u00e0 un fonds de solidarit\u00e9 adress\u00e9 \u00ab\u00a0au b\u00e9n\u00e9fice des f\u00e9d\u00e9rations n\u00e9cessitant d\u2019\u00eatre soutenues.\u00a0\u00bb Ces quatre f\u00e9d\u00e9rations porteront cependant les tenues de repr\u00e9sentation du Coq Sportif.<\/p>\n<p>Article offert par notre partenaire :\u00a0<a href=\"https:\/\/sport.newstank.fr\/home\" target=\"_blank\" rel=\"noopener\">https:\/\/sport.newstank.fr\/home<\/a><\/p>\n","protected":false},"excerpt":{"rendered":"La F\u00e9d\u00e9ration avait lanc\u00e9 une consultation en d\u00e9but d\u2019ann\u00e9e 2024 sur laquelle \u00ab\u00a0plusieurs marques se sont positionn\u00e9es\u00a0\u00bb. Jordan&hellip;\n","protected":false},"author":2,"featured_media":209180,"comment_status":"","ping_status":"","sticky":false,"template":"","format":"standard","meta":{"footnotes":""},"categories":[1414],"tags":[1465,1464,1011,27,60],"class_list":{"0":"post-209179","1":"post","2":"type-post","3":"status-publish","4":"format-standard","5":"has-post-thumbnail","7":"category-basket","8":"tag-basket","9":"tag-basketball","10":"tag-fr","11":"tag-france","12":"tag-sports"},"share_on_mastodon":{"url":"https:\/\/pubeurope.com\/@fr\/114757180254388477","error":""},"_links":{"self":[{"href":"https:\/\/www.europesays.com\/fr\/wp-json\/wp\/v2\/posts\/209179","targetHints":{"allow":["GET"]}}],"collection":[{"href":"https:\/\/www.europesays.com\/fr\/wp-json\/wp\/v2\/posts"}],"about":[{"href":"https:\/\/www.europesays.com\/fr\/wp-json\/wp\/v2\/types\/post"}],"author":[{"embeddable":true,"href":"https:\/\/www.europesays.com\/fr\/wp-json\/wp\/v2\/users\/2"}],"replies":[{"embeddable":true,"href":"https:\/\/www.europesays.com\/fr\/wp-json\/wp\/v2\/comments?post=209179"}],"version-history":[{"count":0,"href":"https:\/\/www.europesays.com\/fr\/wp-json\/wp\/v2\/posts\/209179\/revisions"}],"wp:featuredmedia":[{"embeddable":true,"href":"https:\/\/www.europesays.com\/fr\/wp-json\/wp\/v2\/media\/209180"}],"wp:attachment":[{"href":"https:\/\/www.europesays.com\/fr\/wp-json\/wp\/v2\/media?parent=209179"}],"wp:term":[{"taxonomy":"category","embeddable":true,"href":"https:\/\/www.europesays.com\/fr\/wp-json\/wp\/v2\/categories?post=209179"},{"taxonomy":"post_tag","embeddable":true,"href":"https:\/\/www.europesays.com\/fr\/wp-json\/wp\/v2\/tags?post=209179"}],"curies":[{"name":"wp","href":"https:\/\/api.w.org\/{rel}","templated":true}]}}