{"id":209195,"date":"2025-06-27T20:26:12","date_gmt":"2025-06-27T20:26:12","guid":{"rendered":"https:\/\/www.europesays.com\/fr\/209195\/"},"modified":"2025-06-27T20:26:12","modified_gmt":"2025-06-27T20:26:12","slug":"un-role-recurrent-pour-jean-luc-r","status":"publish","type":"post","link":"https:\/\/www.europesays.com\/fr\/209195\/","title":{"rendered":"un r\u00f4le r\u00e9current pour Jean-Luc R &#8230;"},"content":{"rendered":"<p class=\"tls__ed-content__exc\">Jean-Luc Reichmann d\u00e9barque dans<br \/>\nDemain nous appartient. Et il ne le cache pas : c\u2019est un choix du<br \/>\nc\u0153ur\u2026 On s\u00a0\u00bbexplique !<\/p>\n<p>EN BREF<\/p>\n<ul class=\"bloc_resume_post_list\">\n<li>Jean-Luc Reichmann rejoint la s\u00e9rie Demain nous<br \/>\nappartient sur TF1 \u00e0 partir du 10 juillet 2025.<\/li>\n<li>Il incarne Pierre Dalvin, un p\u00e8re luttant pour sauver son<br \/>\nfils de la drogue.<\/li>\n<li>Bien que sa participation soit temporaire, son personnage<br \/>\na d\u00e9j\u00e0 conquis le public, laissant entrevoir la possibilit\u00e9 d&rsquo;un<br \/>\nretour futur.<\/li>\n<\/ul>\n<p data-start=\"241\" data-end=\"1110\">Surprise pleine de soleil pour<br \/>\nles fans de <a href=\"https:\/\/www.telestar.fr\/serie_tv\/demain-nous-appartient-je-deteste-pour-cette-intrigue-charlie-nune-soizic-sest-assise-sur-ses-valeurs-a-contrecoeur-1728709\" target=\"_blank\" rel=\"noopener\"><br \/>\nDemain nous appartient<\/a><br \/>\n: <strong>Jean-Luc Reichmann rejoint le feuilleton<\/strong> \u00e0<br \/>\nsucc\u00e8s de TF1 pour une intrigue in\u00e9dite. \u00c0 partir du 10 juillet \u00e0<br \/>\n19h10, l\u2019animateur star incarnera Pierre Dalvin, <strong>un papa<br \/>\npr\u00eat \u00e0 tout pour sauver son fils<\/strong> de la spirale infernale<br \/>\nde la drogue. Une histoire forte, intense, mais aussi tr\u00e8s<br \/>\npersonnelle pour celui qui s\u2019est toujours battu \u00e0 l\u2019\u00e9cran, comme<br \/>\ndans la vie, pour les plus fragiles.<\/p>\n<p data-start=\"241\" data-end=\"1110\">\u00ab\u00a0<strong>Mes combats sont<br \/>\nles m\u00eames<\/strong> depuis que je suis n\u00e9\u00a0\u00bb, confie-t-il.<br \/>\nL\u2019acteur n\u2019a pas h\u00e9sit\u00e9 une seconde lorsqu\u2019on lui a propos\u00e9 ce r\u00f4le<br \/>\nsur-mesure. Il faut dire que Demain nous appartient, ce n\u2019est pas n\u2019importe quelle<br \/>\ns\u00e9rie pour lui. \u00ab\u00a0C\u2019est la production de DNA qui m\u2019a contact\u00e9\u2026<br \/>\nJe me devais de leur rendre la pareille.\u00a0\u00bb Et au c\u0153ur de cette<br \/>\naventure, il y a <strong>un lien essentiel<\/strong> : celui qui<br \/>\nl\u2019unit <a href=\"https:\/\/www.telestar.fr\/serie-tv\/ingrid-chauvin-sa-seule-condition-pour-apparaitre-dans-leo-mattei-sur-tf1-856657\" target=\"_blank\" rel=\"noopener\"><br \/>\n\u00e0 Ingrid Chauvin<\/a>.<\/p>\n<p>Demain nous appartient : Jean-Luc Reichmann et Ingrid Chauvin,<br \/>\nune complicit\u00e9 hors-champ<\/p>\n<p data-start=\"1213\" data-end=\"2080\">Dans Demain nous appartient, <a href=\"https:\/\/www.telestar.fr\/serie_tv\/leo-mattei-une-saison-13-pour-la-serie-avec-jean-luc-reichmann-il-repond-1727144\" target=\"_blank\" rel=\"noopener\"><br \/>\nJean-Luc Reichmann<\/a> donne la r\u00e9plique \u00e0 Ingrid Chauvin, alias<br \/>\nChlo\u00e9 Delcourt. Et leur relation d\u00e9passe largement le cadre du<br \/>\ntournage. \u00ab\u00a0Ingrid est <strong>comme une petite s\u0153ur<\/strong><br \/>\npour moi\u00a0\u00bb, d\u00e9clare-t-il, \u00e9mu. Il se souvient de ce moment en<br \/>\n2015 o\u00f9, alors qu\u2019elle traversait une p\u00e9riode tragique, il l\u2019avait<br \/>\nconvaincue de revenir sur sc\u00e8ne avec Hibernatus. \u00ab\u00a0Elle a trouv\u00e9 la force\u2026 Elle<br \/>\nm\u2019a dit que s<strong>ans moi, elle ne serait jamais remont\u00e9e sur<br \/>\nsc\u00e8ne.<\/strong>\u00ab\u00a0<\/p>\n<p data-start=\"1213\" data-end=\"2080\">Un geste que la com\u00e9dienne<br \/>\nn\u2019oublie pas. \u00ab\u00a0Jean-Luc m\u2019a remise dans la vie\u00a0\u00bb,<br \/>\nconfie-t-elle aujourd\u2019hui. Leur complicit\u00e9 est intacte, imm\u00e9diate,<br \/>\net cr\u00e8ve l\u2019\u00e9cran. Ajoutez \u00e0 cela Alexandre Brasseur,<br \/>\n\u00ab\u00a0<strong>un grand fr\u00e8re bienveillant<\/strong>\u00a0\u00bb selon<br \/>\nJean-Luc Reichmann, et vous obtenez le cocktail parfait<br \/>\nd&rsquo;<strong>une amiti\u00e9 solide<\/strong> comme un sc\u00e9nario de prime<br \/>\ntime. \u00ab\u00a0DNA, <strong>c\u2019est plus qu\u2019une famille, c\u2019est mon ADN<br \/>\n!<\/strong>\u00ab\u00a0, l\u00e2che-t-il dans un sourire.<\/p>\n<p>Demain nous appartient : Jean-Luc<br \/>\nReichmann bient\u00f4t install\u00e9 dans la s\u00e9rie ?<\/p>\n<p data-start=\"2169\" data-end=\"3034\" data-is-last-node=\"\" data-is-only-node=\"\">Si Jean-Luc Reichmann rayonne dans<br \/>\nDemain nous appartient,<br \/>\ndoit-on esp\u00e9rer le voir revenir r\u00e9guli\u00e8rement \u00e0 S\u00e8te ? Pour<br \/>\nl\u2019instant, rien n\u2019est grav\u00e9 dans le marbre. \u00ab\u00a0Non, <strong>ce<br \/>\nn\u2019est pas ce qui est pr\u00e9vu.<\/strong> J\u2019y suis juste le temps d\u2019une<br \/>\nhistoire.\u00a0\u00bb Une petite phrase qui laisse malgr\u00e9 tout la porte<br \/>\nentrouverte\u2026 surtout quand on sait que le public est d\u00e9j\u00e0 conquis<br \/>\npar son personnage poignant, loin de l\u2019uniforme de <a href=\"https:\/\/www.telestar.fr\/serie_tv\/leo-mattei-nest-plus-asexue-et-ca-gene-un-peu-jean-luc-reichmann-1719678\" target=\"_blank\" rel=\"noopener\"><br \/>\nL\u00e9o Matt\u00e9\u00ef<\/a>.<\/p>\n<p data-start=\"2169\" data-end=\"3034\" data-is-last-node=\"\" data-is-only-node=\"\">Un p\u00e8re fragile, d\u00e9pass\u00e9, touchant. Un r\u00f4le<br \/>\nqui lui va comme un gant. Ingrid Chauvin le dit elle-m\u00eame :<br \/>\n\u00ab\u00a0<strong>On ne l\u2019a jamais vu comme \u00e7a.<\/strong>\u00a0\u00bb Et m\u00eame<br \/>\ns\u2019il n\u2019enfile le costume de Pierre Dalvin que pour quelques<br \/>\n\u00e9pisodes, il y met toute son \u00e2me. \u00ab\u00a0Je me suis mis \u00e0 nu\u00a0\u00bb,<br \/>\navoue-t-il. Alors que l\u2019\u00e9t\u00e9 s\u2019installe, Demain nous appartient gagne un nouvel \u00e9clat<br \/>\ngr\u00e2ce \u00e0 cet invit\u00e9 pas comme les autres. Et si ce n\u2019\u00e9tait que le<br \/>\nd\u00e9but d\u2019une belle histoire ?<\/p>\n<p>Interview \u00e0 retrouver en int\u00e9gralit\u00e9 dans votre magazine<br \/>\nT\u00e9l\u00e9 Star en kiosque et en version num\u00e9rique ce lundi 30 juin<br \/>\n2025. Propos recueillis par Sylvia De Abreu.<\/p>\n","protected":false},"excerpt":{"rendered":"Jean-Luc Reichmann d\u00e9barque dans Demain nous appartient. Et il ne le cache pas : c\u2019est un choix du&hellip;\n","protected":false},"author":2,"featured_media":209196,"comment_status":"","ping_status":"","sticky":false,"template":"","format":"standard","meta":{"footnotes":""},"categories":[1356],"tags":[548,3598,58,59,1011,27,34819,465,521,252,199,1364],"class_list":{"0":"post-209195","1":"post","2":"type-post","3":"status-publish","4":"format-standard","5":"has-post-thumbnail","7":"category-television","8":"tag-article-simple","9":"tag-demain-nous-appartient","10":"tag-divertissement","11":"tag-entertainment","12":"tag-fr","13":"tag-france","14":"tag-ingrid-chauvin","15":"tag-jean-luc-reichmann","16":"tag-serie","17":"tag-television","18":"tag-tf1","19":"tag-tv"},"share_on_mastodon":{"url":"https:\/\/pubeurope.com\/@fr\/114757211550273948","error":""},"_links":{"self":[{"href":"https:\/\/www.europesays.com\/fr\/wp-json\/wp\/v2\/posts\/209195","targetHints":{"allow":["GET"]}}],"collection":[{"href":"https:\/\/www.europesays.com\/fr\/wp-json\/wp\/v2\/posts"}],"about":[{"href":"https:\/\/www.europesays.com\/fr\/wp-json\/wp\/v2\/types\/post"}],"author":[{"embeddable":true,"href":"https:\/\/www.europesays.com\/fr\/wp-json\/wp\/v2\/users\/2"}],"replies":[{"embeddable":true,"href":"https:\/\/www.europesays.com\/fr\/wp-json\/wp\/v2\/comments?post=209195"}],"version-history":[{"count":0,"href":"https:\/\/www.europesays.com\/fr\/wp-json\/wp\/v2\/posts\/209195\/revisions"}],"wp:featuredmedia":[{"embeddable":true,"href":"https:\/\/www.europesays.com\/fr\/wp-json\/wp\/v2\/media\/209196"}],"wp:attachment":[{"href":"https:\/\/www.europesays.com\/fr\/wp-json\/wp\/v2\/media?parent=209195"}],"wp:term":[{"taxonomy":"category","embeddable":true,"href":"https:\/\/www.europesays.com\/fr\/wp-json\/wp\/v2\/categories?post=209195"},{"taxonomy":"post_tag","embeddable":true,"href":"https:\/\/www.europesays.com\/fr\/wp-json\/wp\/v2\/tags?post=209195"}],"curies":[{"name":"wp","href":"https:\/\/api.w.org\/{rel}","templated":true}]}}