{"id":209197,"date":"2025-06-27T20:27:10","date_gmt":"2025-06-27T20:27:10","guid":{"rendered":"https:\/\/www.europesays.com\/fr\/209197\/"},"modified":"2025-06-27T20:27:10","modified_gmt":"2025-06-27T20:27:10","slug":"oh-mon-dieu-kendji-surprend-lex-miss-france-diane-leyre","status":"publish","type":"post","link":"https:\/\/www.europesays.com\/fr\/209197\/","title":{"rendered":"\u00ab\u00a0Oh mon Dieu !\u00a0\u00bb, Kendji surprend l\u2019ex Miss France, Diane Leyre"},"content":{"rendered":"<p>      R\u00e9sum\u00e9<\/p>\n<p>Kendji Girac a surpris Diane Leyre en chantant \u00ab\u00a0La Boh\u00e8me\u00a0\u00bb lors d\u2019un moment musical improvis\u00e9 \u00e0 Montmartre, attirant une foule enchant\u00e9e par cette sc\u00e8ne pleine d\u2019\u00e9motion.<\/p>\n<p>        Sommaire<\/p>\n<p>Il s&rsquo;appelle Aur\u00e9lien Froissart, il a 29 ans, il est suivi par plus de 4 millions de personnes sur TikTok. Et <strong>c&rsquo;est le prodige du piano dans les gares !<\/strong> Il joue sur des pianos publics depuis 3 ans. Et cette semaine, il a partag\u00e9 une vid\u00e9o tourn\u00e9e \u00e0 Montmartre, <strong>avec Kendji Girac, en pr\u00e9sence de Diane Leyre. <\/strong><\/p>\n<p>C&rsquo;est l&rsquo;ex Miss France qui vient au d\u00e9but de l&rsquo;enregistrement le trouver. <strong>Elle lui demande (en anglais) s&rsquo;il peut jouer \u00ab\u00a0La Boh\u00e8me\u00a0\u00bb.<\/strong> Derri\u00e8re le piano, on reconnait tout de suite Kendji Girac, assis dans un caf\u00e9, sur la butte Montmartre. <\/p>\n<p>Et tr\u00e8s vite, la magie op\u00e8re&#8230; Le chanteur de \u00ab\u00a0Color Gitano\u00a0\u00bb retire ses lunettes de soleil, il se l\u00e8ve et se dirige vers le centre de la place. <strong>Il chante la classique de Charles Aznavour,<\/strong> sur le piano d&rsquo;Aur\u00e9lien Froissart. <\/p>\n<p>Moment suspendu \u00e0 Montmartre<\/p>\n<p>L&rsquo;arriv\u00e9e d&rsquo;un percussionniste fait alors danser Diane Leyre, en rythme, tandis qu&rsquo;une foule se rassemble. Comme \u00e0 chacune des vid\u00e9os de la star des Internets, les passants d\u00e9gainent tous leurs t\u00e9l\u00e9phones portables, pour filmer la sc\u00e8ne. <\/p>\n<p>On entend une jeune fan crier <strong>\u00ab\u00a0Oh my god Kendji\u00a0\u00bb.<\/strong> Et sur Instagram, les internautes sont conquis : \u00ab\u00a0Magnifique et magique\u00a0\u00bb, \u00ab\u00a0Les frissons\u00a0\u00bb, \u00ab\u00a0Comme dans un r\u00eave\u00a0\u00bb, \u00ab\u00a0J&rsquo;aurais tellement aim\u00e9 \u00eatre l\u00e0\u00a0\u00bb, \u00ab\u00a0Quelle sublime voix\u00a0\u00bb, \u00ab\u00a0Le pouvoir de la musique\u00a0\u00bb, \u00ab\u00a0On se laisse emporter\u00a0\u00bb.<\/p>\n<p>C&rsquo;est ce qui a fait le succ\u00e8s d&rsquo;Aur\u00e9lien Froissart. Depuis 3 ans, il joue dans les grandes capitales, pour apporter de la musique classique ou lyrique \u00e0 des publics plus populaires.<\/p>\n<p>O\u00f9 en est Kendji Girac ?<\/p>\n<p>De son c\u00f4t\u00e9, <strong>Kendji Girac se pr\u00e9pare pour sa grande tourn\u00e9e anniversaire<\/strong> qui d\u00e9butera en janvier 2026. <a href=\"https:\/\/vsd.fr\/65067-kendji-girac-trois-mois-apres-son-coup-de-folie-il-reprend-son-destin-en-main-tout-ce-quil-faut-savoir-sur-son-nouvel-album\/\" target=\"_blank\" rel=\"noopener\">Apr\u00e8s un \u00e9pisode sombre, en avril 2024<\/a>, il a pr\u00e9vu de sillonner la France et la Belgique durant trois mois pour retrouver son public. Il sera notamment \u00e0 l&rsquo;Accor Arena de Paris le 14 mars 2026 ! <\/p>\n<p>Dix ans apr\u00e8s avoir particip\u00e9 \u00e0 The Voice, le chanteur a fond\u00e9 une famille avec Soraya. Ils ont d&rsquo;abord eu une fille, Eva Alba, n\u00e9e en janvier 2021. Puis, en mai 2025, <a href=\"https:\/\/www.public.fr\/kendji-girac-de-nouveau-papa-le-chanteur-depense-une-petite-fortune-dans-un-magasin-pour-bebes\" target=\"_blank\" rel=\"noopener\">leur petit gar\u00e7on est n\u00e9. <\/a><\/p>\n<p>      Mentionn\u00e9s dans cet article<\/p>\n<p>\u00c0 lire aussi<\/p>\n","protected":false},"excerpt":{"rendered":"R\u00e9sum\u00e9 Kendji Girac a surpris Diane Leyre en chantant \u00ab\u00a0La Boh\u00e8me\u00a0\u00bb lors d\u2019un moment musical improvis\u00e9 \u00e0 Montmartre,&hellip;\n","protected":false},"author":2,"featured_media":209198,"comment_status":"","ping_status":"","sticky":false,"template":"","format":"standard","meta":{"footnotes":""},"categories":[1355],"tags":[34820,58,59,1011,27,7780,7661,1361,873,5176],"class_list":{"0":"post-209197","1":"post","2":"type-post","3":"status-publish","4":"format-standard","5":"has-post-thumbnail","7":"category-musique","8":"tag-diane-leyre","9":"tag-divertissement","10":"tag-entertainment","11":"tag-fr","12":"tag-france","13":"tag-kendji-girac","14":"tag-montmartre","15":"tag-music","16":"tag-musique","17":"tag-piano"},"share_on_mastodon":{"url":"https:\/\/pubeurope.com\/@fr\/114757215490473191","error":""},"_links":{"self":[{"href":"https:\/\/www.europesays.com\/fr\/wp-json\/wp\/v2\/posts\/209197","targetHints":{"allow":["GET"]}}],"collection":[{"href":"https:\/\/www.europesays.com\/fr\/wp-json\/wp\/v2\/posts"}],"about":[{"href":"https:\/\/www.europesays.com\/fr\/wp-json\/wp\/v2\/types\/post"}],"author":[{"embeddable":true,"href":"https:\/\/www.europesays.com\/fr\/wp-json\/wp\/v2\/users\/2"}],"replies":[{"embeddable":true,"href":"https:\/\/www.europesays.com\/fr\/wp-json\/wp\/v2\/comments?post=209197"}],"version-history":[{"count":0,"href":"https:\/\/www.europesays.com\/fr\/wp-json\/wp\/v2\/posts\/209197\/revisions"}],"wp:featuredmedia":[{"embeddable":true,"href":"https:\/\/www.europesays.com\/fr\/wp-json\/wp\/v2\/media\/209198"}],"wp:attachment":[{"href":"https:\/\/www.europesays.com\/fr\/wp-json\/wp\/v2\/media?parent=209197"}],"wp:term":[{"taxonomy":"category","embeddable":true,"href":"https:\/\/www.europesays.com\/fr\/wp-json\/wp\/v2\/categories?post=209197"},{"taxonomy":"post_tag","embeddable":true,"href":"https:\/\/www.europesays.com\/fr\/wp-json\/wp\/v2\/tags?post=209197"}],"curies":[{"name":"wp","href":"https:\/\/api.w.org\/{rel}","templated":true}]}}