{"id":209218,"date":"2025-06-27T20:38:17","date_gmt":"2025-06-27T20:38:17","guid":{"rendered":"https:\/\/www.europesays.com\/fr\/209218\/"},"modified":"2025-06-27T20:38:17","modified_gmt":"2025-06-27T20:38:17","slug":"jausiers-un-recital-de-la-chorale-de-saint-etienne-de-tinee","status":"publish","type":"post","link":"https:\/\/www.europesays.com\/fr\/209218\/","title":{"rendered":"Jausiers. Un r\u00e9cital de la chorale de Saint-\u00c9tienne-de-Tin\u00e9e"},"content":{"rendered":"<p>La Chorale de Saint-\u00c9tienne-de-Tin\u00e9e est compos\u00e9e d\u2019une trentaine d\u2019amateurs qui chantent \u00e0 quatre voix mixtes, sous la direction de Fabienne Verg\u00e9. Elle est accompagn\u00e9e au piano par Fr\u00e9d\u00e9ric Chauvel. Elle aborde les multiples facettes du chant choral, des \u0153uvres classiques \u00e0 la revue musicale, l\u2019op\u00e9ra, les grandes pages du r\u00e9pertoire lyrique ou religieux\u2026<\/p>\n<p class=\"note\">Samedi 28\u00a0juin \u00e0 17 heures \u00e0 l\u2019\u00e9glise Saint-Nicolas-de-Myre de Jausiers. Gratuit.<\/p>\n","protected":false},"excerpt":{"rendered":"La Chorale de Saint-\u00c9tienne-de-Tin\u00e9e est compos\u00e9e d\u2019une trentaine d\u2019amateurs qui chantent \u00e0 quatre voix mixtes, sous la direction&hellip;\n","protected":false},"author":2,"featured_media":209219,"comment_status":"","ping_status":"","sticky":false,"template":"","format":"standard","meta":{"footnotes":""},"categories":[9653],"tags":[1111,11,2430,1687,4521,1777,674,1011,27,34821,873,12,25,4001,10430],"class_list":{"0":"post-209218","1":"post","2":"type-post","3":"status-publish","4":"format-standard","5":"has-post-thumbnail","7":"category-saint-etienne","8":"tag-actu","9":"tag-actualites","10":"tag-auvergne-rhone-alpes","11":"tag-culture-loisirs","12":"tag-edition-hautes-alpes-alpes-de-haute-provence","13":"tag-eu","14":"tag-europe","15":"tag-fr","16":"tag-france","17":"tag-jausiers","18":"tag-musique","19":"tag-news","20":"tag-republique-francaise","21":"tag-saint-etienne","22":"tag-ubaye-pays-de-seyne"},"share_on_mastodon":{"url":"https:\/\/pubeurope.com\/@fr\/114757258721445588","error":""},"_links":{"self":[{"href":"https:\/\/www.europesays.com\/fr\/wp-json\/wp\/v2\/posts\/209218","targetHints":{"allow":["GET"]}}],"collection":[{"href":"https:\/\/www.europesays.com\/fr\/wp-json\/wp\/v2\/posts"}],"about":[{"href":"https:\/\/www.europesays.com\/fr\/wp-json\/wp\/v2\/types\/post"}],"author":[{"embeddable":true,"href":"https:\/\/www.europesays.com\/fr\/wp-json\/wp\/v2\/users\/2"}],"replies":[{"embeddable":true,"href":"https:\/\/www.europesays.com\/fr\/wp-json\/wp\/v2\/comments?post=209218"}],"version-history":[{"count":0,"href":"https:\/\/www.europesays.com\/fr\/wp-json\/wp\/v2\/posts\/209218\/revisions"}],"wp:featuredmedia":[{"embeddable":true,"href":"https:\/\/www.europesays.com\/fr\/wp-json\/wp\/v2\/media\/209219"}],"wp:attachment":[{"href":"https:\/\/www.europesays.com\/fr\/wp-json\/wp\/v2\/media?parent=209218"}],"wp:term":[{"taxonomy":"category","embeddable":true,"href":"https:\/\/www.europesays.com\/fr\/wp-json\/wp\/v2\/categories?post=209218"},{"taxonomy":"post_tag","embeddable":true,"href":"https:\/\/www.europesays.com\/fr\/wp-json\/wp\/v2\/tags?post=209218"}],"curies":[{"name":"wp","href":"https:\/\/api.w.org\/{rel}","templated":true}]}}