{"id":209226,"date":"2025-06-27T20:42:19","date_gmt":"2025-06-27T20:42:19","guid":{"rendered":"https:\/\/www.europesays.com\/fr\/209226\/"},"modified":"2025-06-27T20:42:19","modified_gmt":"2025-06-27T20:42:19","slug":"toulon-aux-plages-du-mourillon-pique-niquer-oui-mais-pas-partout","status":"publish","type":"post","link":"https:\/\/www.europesays.com\/fr\/209226\/","title":{"rendered":"Toulon : aux plages du Mourillon, pique-niquer oui, mais pas partout !"},"content":{"rendered":"<p><img loading=\"lazy\" decoding=\"async\" alt=\"\u00a9 S. Foliot - Les plages du Mourillon disposent d\u00e9sormais d'une dizaine de tables de pique-nique.\" data-zoom-src=\"https:\/\/www.europesays.com\/fr\/wp-content\/uploads\/2025\/06\/initial-aires-de-pique-nique-mourillon.jpg\" data-zoomable=\"\" height=\"702\" src=\"https:\/\/www.europesays.com\/fr\/wp-content\/uploads\/2025\/06\/initial-aires-de-pique-nique-mourillon.jpg\" width=\"1248\"\/>  <\/p>\n<p class=\"article-desc\">\u00a9 S. Foliot &#8211; Les plages du Mourillon disposent d\u00e9sormais d&rsquo;une dizaine de tables de pique-nique. <\/p>\n<p>Sous des voiles d\u2019ombrages, entre des arbres fra\u00eechement plant\u00e9s et des massifs en fleur, <strong>trois aires de pique-nique<\/strong> vont \u00eatre am\u00e9nag\u00e9es sur <strong>les plages du Mourillon \u00e0 Toulon<\/strong>. Celle principale, <a href=\"https:\/\/mesinfos.fr\/83000-toulon\/toulon-quoi-de-neuf-au-mourillon-cet-ete-219100.html\" rel=\"noopener nofollow\" target=\"_blank\">au niveau du circuit de karting<\/a>, est d\u00e9j\u00e0 en place. Il faudra attendre d\u00e9but juillet pour que les deux autres soient install\u00e9es de part et d&rsquo;autres de la promenade et que la <strong>dizaine de tables<\/strong>, d\u2019une capacit\u00e9 de <strong>80 places<\/strong>, soit totalement accessible.\u00a0 <\/p>\n<p>Ce nouvel am\u00e9nagement est suivi d&rsquo;une <strong>\u00e9volution de l&rsquo;utilisation des abords plages<\/strong>. D\u00e9sormais, les Toulonnais et les touristes <strong>ne pourront plus rapporter leur barbecue, leurs tables, leurs si\u00e8ges<\/strong> ou tout autre objet volumineux destin\u00e9s \u00e0 des \u00ab\u00a0pique-niques sauvages\u00a0\u00bb. L\u2019objectif : lutter contre les d\u00e9bordements constat\u00e9s avec du mobilier personnel et des d\u00e9chets parfois abandonn\u00e9s sur place ou encore des nuisances sonores r\u00e9p\u00e9t\u00e9es. <\/p>\n<p> Mourillon : les pique-niques interdits du c\u00f4t\u00e9 des restaurants <\/p>\n<p>Si d\u00e9jeuner sur l\u2019herbe ou dans le sable sera toujours autoris\u00e9, les <strong>espaces verts c\u00f4t\u00e9 restaurants<\/strong>, dans les zones d\u00e9limit\u00e9es au sud de la promenade Henri Fabre, seront<strong> interdits aux pique-niques.<\/strong><\/p>\n<blockquote>\n<p>\u00ab\u00a0Les plages du Mourillon doivent \u00eatre un lieu o\u00f9 il fait bon vivre mais avec des r\u00e8gles \u00bb r\u00e9agit Jos\u00e9e Massi, maire de Toulon, lors de la pr\u00e9sentation de cette nouvelle r\u00e9glementation le 26 juin. <\/p>\n<\/blockquote>\n<p>  Un flou persiste concernant l\u2019interdiction de fumer <\/p>\n<p>Il ne s&rsquo;agit pas de la seule modification de la r\u00e9glementation. \u00c0 partir du 1er juillet, le Gouvernement a annonc\u00e9 qu\u2019il sera <a href=\"https:\/\/mesinfos.fr\/cigarette-interdite-des-le-1er-juillet-2025-ou-ne-pourra-t-on-plus-fumer-223538.html\" rel=\"noopener nofollow\" target=\"_blank\">interdit de fumer<\/a> dans les parcs, aux abords des \u00e9coles, dans les centres sportifs mais aussi \u00e0 la plage. Un flou persiste toutefois concernant les parcelles de d\u00e9l\u00e9gation de service public, c\u2019est-\u00e0-dire<strong> les plages priv\u00e9es des restaurants<\/strong>. Le texte n\u2019\u00e9tant pas encore paru au Journal Officiel, la Ville n\u2019a pas pu se prononcer \u00e0 ce sujet.<\/p>\n<p>Concernant ces interdictions, des patrouilles de s\u00e9curit\u00e9 circuleront tout au long de la saison estivale pour s&rsquo;assurer du \u00ab bon \u00e9quilibre entre dynamisme du lieu et r\u00e9gulation \u00bb. <\/p>\n<p> Les radios, enceintes et micros interdits <\/p>\n<p>Parmi les \u00e9volutions de la r\u00e9glementation des plages, qui sera affich\u00e9e aux d\u2019entr\u00e9e, se trouve l<strong>\u2019interdiction d\u2019utiliser des appareils de diffusion sonore<\/strong> comme une radio, une enceinte ou encore un micro. L\u2019enjeu, une nouvelle fois, est de lutter contre la pollution sonore. <\/p>\n<p>Enfin, les <strong>chiens <\/strong>seront autoris\u00e9s, toujours tenu en laisse, uniquement <strong>le matin entre 6h et 8h30<\/strong> sur la promenade Henri Fabre et le reste de la journ\u00e9e dans les deux parcs canins <strong>du 1er juin au 31 ao\u00fbt.<\/strong> <\/p>\n<p>Mais, comme l&rsquo;a r\u00e9p\u00e9t\u00e9 Jos\u00e9e Massi, ce qui est mis en place aujourd&rsquo;hui pour am\u00e9liorer la qualit\u00e9 des plages est en phase d&rsquo;exp\u00e9rimentation. La Mairie reste ouverte \u00e0 toute recommandation ou r\u00e9clamation afin de permettre des \u00e9volutions dans le temps.\u00a0<\/p>\n","protected":false},"excerpt":{"rendered":"\u00a9 S. Foliot &#8211; Les plages du Mourillon disposent d\u00e9sormais d&rsquo;une dizaine de tables de pique-nique. Sous des&hellip;\n","protected":false},"author":2,"featured_media":209227,"comment_status":"","ping_status":"","sticky":false,"template":"","format":"standard","meta":{"footnotes":""},"categories":[9619],"tags":[1111,11,1777,674,1011,27,12,882,25,2310,1352],"class_list":{"0":"post-209226","1":"post","2":"type-post","3":"status-publish","4":"format-standard","5":"has-post-thumbnail","7":"category-toulon","8":"tag-actu","9":"tag-actualites","10":"tag-eu","11":"tag-europe","12":"tag-fr","13":"tag-france","14":"tag-news","15":"tag-provence-alpes-cote-dazur","16":"tag-republique-francaise","17":"tag-toulon","18":"tag-urbanisme"},"share_on_mastodon":{"url":"https:\/\/pubeurope.com\/@fr\/114757274506503739","error":""},"_links":{"self":[{"href":"https:\/\/www.europesays.com\/fr\/wp-json\/wp\/v2\/posts\/209226","targetHints":{"allow":["GET"]}}],"collection":[{"href":"https:\/\/www.europesays.com\/fr\/wp-json\/wp\/v2\/posts"}],"about":[{"href":"https:\/\/www.europesays.com\/fr\/wp-json\/wp\/v2\/types\/post"}],"author":[{"embeddable":true,"href":"https:\/\/www.europesays.com\/fr\/wp-json\/wp\/v2\/users\/2"}],"replies":[{"embeddable":true,"href":"https:\/\/www.europesays.com\/fr\/wp-json\/wp\/v2\/comments?post=209226"}],"version-history":[{"count":0,"href":"https:\/\/www.europesays.com\/fr\/wp-json\/wp\/v2\/posts\/209226\/revisions"}],"wp:featuredmedia":[{"embeddable":true,"href":"https:\/\/www.europesays.com\/fr\/wp-json\/wp\/v2\/media\/209227"}],"wp:attachment":[{"href":"https:\/\/www.europesays.com\/fr\/wp-json\/wp\/v2\/media?parent=209226"}],"wp:term":[{"taxonomy":"category","embeddable":true,"href":"https:\/\/www.europesays.com\/fr\/wp-json\/wp\/v2\/categories?post=209226"},{"taxonomy":"post_tag","embeddable":true,"href":"https:\/\/www.europesays.com\/fr\/wp-json\/wp\/v2\/tags?post=209226"}],"curies":[{"name":"wp","href":"https:\/\/api.w.org\/{rel}","templated":true}]}}