{"id":209230,"date":"2025-06-27T20:44:09","date_gmt":"2025-06-27T20:44:09","guid":{"rendered":"https:\/\/www.europesays.com\/fr\/209230\/"},"modified":"2025-06-27T20:44:09","modified_gmt":"2025-06-27T20:44:09","slug":"une-septuagenaire-decede-par-noyade-sur-la-rive-droite-a-palavas-les-flots","status":"publish","type":"post","link":"https:\/\/www.europesays.com\/fr\/209230\/","title":{"rendered":"une septuag\u00e9naire d\u00e9c\u00e8de par noyade sur la rive droite \u00e0 Palavas-les-Flots"},"content":{"rendered":"<p>            Par<br \/>\n        <strong><br \/>\n            <a href=\"https:\/\/actu.fr\/auteur\/jm-aubert\" title=\"Consulter tous les articles de Jean-Marc Aubert\" rel=\"nofollow noopener\" target=\"_blank\">Jean-Marc Aubert<\/a><br \/>\n        <\/strong><\/p>\n<p>        Publi\u00e9 le<\/p>\n<p>            27 juin 2025 \u00e0 19h54        <\/p>\n<p>Une septuag\u00e9naire est <strong>d\u00e9c\u00e9d\u00e9e par noyade<\/strong>, ce vendredi 27 juin 2025, sur une plage de la rive droite \u00e0\u00a0<strong>Palavas-les-Flots<\/strong>.<\/p>\n<p>    <a href=\"https:\/\/www.google.com\/maps\/embed?pb=!1m18!1m12!1m3!1d4718.7100914931325!2d3.9225456919258073!3d43.52349465872197!2m3!1f0!2f0!3f0!3m2!1i1024!2i768!4f13.1!3m3!1m2!1s0x12b6bbe814603327%3A0xf10c4e5ba97c4316!2sPlage%20Rive%20Droite!5e0!3m2!1sfr!2sfr!4v1751046467384!5m2!1sfr!2sfr\" title=\"Ouvrie le lien\" rel=\"nofollow noopener\" target=\"_blank\">Cliquez ici pour visualiser le contenu<\/a><\/p>\n<p class=\" wall-content\">Elle se baignait quand a a \u00e9t\u00e9 prise d\u2019un malaise, sur la plage situ\u00e9e au niveau de l\u2019Institut Saint-Pierre. Des t\u00e9moins sont venus aussit\u00f4t \u00e0 son secours et ont pratiqu\u00e9 les premiers soins d\u2019urgence, jusqu\u2019\u00e0 l\u2019arriv\u00e9e des sapeurs-pompiers du <strong>Sdis 34<\/strong> et d\u2019un m\u00e9decin. \u00c2g\u00e9e de 77 ans, elle se trouvait en arr\u00eat cardio-respiratoire.<\/p>\n<p class=\" wall-content\">De longs massages lui ont \u00e9t\u00e9 prodigu\u00e9s par les secouristes, alors que se posait sur le site l\u2019h\u00e9licopt\u00e8re de la S\u00e9curit\u00e9 civile, le <strong>Dragon 34<\/strong> en vue d\u2019un transfert en urgence au CHU. Mais la victime n\u2019a pas pu \u00eatre r\u00e9anim\u00e9e et a \u00e9t\u00e9 d\u00e9clar\u00e9e d\u00e9c\u00e9d\u00e9e sur place.<\/p>\n<p class=\" wall-content\">\n<p class=\" wall-content\">Les<strong> gendarmes<\/strong> de la compagnie de Lunel \u00e9taient sur les lieux, une enqu\u00eate va \u00eatre ou!verte pour d\u00e9terminer les circonstances exactes de ce nouveau drame en mer. Mercredi, sur le littoral ouest de l\u2019H\u00e9rault, treize noyades ont \u00e9t\u00e9 recens\u00e9s, avec un d\u00e9c\u00e8s. Prudence ce week-end sur les plages qui vont \u00eatre bond\u00e9es en raison de la canicule et d\u2019une mer propice \u00e0 la baignade.<\/p>\n<p>Vid\u00e9os : en ce moment sur Actu<\/p>\n<p class=\" wall-content\">Suivez toute l\u2019actualit\u00e9 de vos villes et m\u00e9dias favoris en vous inscrivant \u00e0 <a href=\"https:\/\/moncompte.actu.fr\" title=\"D\u00e9couvez Mon Actu\" rel=\"nofollow noopener\" data-trk=\"{&quot;cta&quot;:{&quot;action&quot;:&quot;https:\\\/\\\/moncompte.actu.fr&quot;,&quot;category&quot;:&quot;mon compte&quot;,&quot;from&quot;:&quot;article footer&quot;,&quot;name&quot;:&quot;Mon actu&quot;,&quot;type&quot;:&quot;cta&quot;}}\" target=\"_blank\">Mon Actu<\/a>.<\/p>\n","protected":false},"excerpt":{"rendered":"Par Jean-Marc Aubert Publi\u00e9 le 27 juin 2025 \u00e0 19h54 Une septuag\u00e9naire est d\u00e9c\u00e9d\u00e9e par noyade, ce vendredi&hellip;\n","protected":false},"author":2,"featured_media":209231,"comment_status":"","ping_status":"","sticky":false,"template":"","format":"standard","meta":{"footnotes":""},"categories":[9599],"tags":[1111,11,1777,674,118,1011,27,3381,2208,12,2680,1311,25],"class_list":{"0":"post-209230","1":"post","2":"type-post","3":"status-publish","4":"format-standard","5":"has-post-thumbnail","7":"category-montpellier","8":"tag-actu","9":"tag-actualites","10":"tag-eu","11":"tag-europe","12":"tag-faits-divers","13":"tag-fr","14":"tag-france","15":"tag-gendarmerie","16":"tag-montpellier","17":"tag-news","18":"tag-occitanie","19":"tag-pompiers","20":"tag-republique-francaise"},"share_on_mastodon":{"url":"https:\/\/pubeurope.com\/@fr\/114757282251254051","error":""},"_links":{"self":[{"href":"https:\/\/www.europesays.com\/fr\/wp-json\/wp\/v2\/posts\/209230","targetHints":{"allow":["GET"]}}],"collection":[{"href":"https:\/\/www.europesays.com\/fr\/wp-json\/wp\/v2\/posts"}],"about":[{"href":"https:\/\/www.europesays.com\/fr\/wp-json\/wp\/v2\/types\/post"}],"author":[{"embeddable":true,"href":"https:\/\/www.europesays.com\/fr\/wp-json\/wp\/v2\/users\/2"}],"replies":[{"embeddable":true,"href":"https:\/\/www.europesays.com\/fr\/wp-json\/wp\/v2\/comments?post=209230"}],"version-history":[{"count":0,"href":"https:\/\/www.europesays.com\/fr\/wp-json\/wp\/v2\/posts\/209230\/revisions"}],"wp:featuredmedia":[{"embeddable":true,"href":"https:\/\/www.europesays.com\/fr\/wp-json\/wp\/v2\/media\/209231"}],"wp:attachment":[{"href":"https:\/\/www.europesays.com\/fr\/wp-json\/wp\/v2\/media?parent=209230"}],"wp:term":[{"taxonomy":"category","embeddable":true,"href":"https:\/\/www.europesays.com\/fr\/wp-json\/wp\/v2\/categories?post=209230"},{"taxonomy":"post_tag","embeddable":true,"href":"https:\/\/www.europesays.com\/fr\/wp-json\/wp\/v2\/tags?post=209230"}],"curies":[{"name":"wp","href":"https:\/\/api.w.org\/{rel}","templated":true}]}}