{"id":209234,"date":"2025-06-27T20:48:30","date_gmt":"2025-06-27T20:48:30","guid":{"rendered":"https:\/\/www.europesays.com\/fr\/209234\/"},"modified":"2025-06-27T20:48:30","modified_gmt":"2025-06-27T20:48:30","slug":"grenoble-affaire-piolle-martin-lenquete-delocalisee-a-valence","status":"publish","type":"post","link":"https:\/\/www.europesays.com\/fr\/209234\/","title":{"rendered":"Grenoble. Affaire Piolle\/Martin\u00a0: l\u2019enqu\u00eate d\u00e9localis\u00e9e \u00e0 Valence"},"content":{"rendered":"<p>\u00ab\u00a0L\u2019enqu\u00eate pr\u00e9liminaire initialement ouverte au parquet [de Grenoble] mettant en cause Monsieur Eric Piolle et Madame Elisa Martin a \u00e9t\u00e9 d\u00e9localis\u00e9e par le parquet g\u00e9n\u00e9ral le 24\u00a0mars 2025 au profit du parquet de Valence\u00a0\u00bb, a indiqu\u00e9 ce vendredi soir Etienne Manteaux, procureur de la R\u00e9publique de Grenoble.<\/p>\n<p><a href=\"https:\/\/www.ledauphine.com\/faits-divers-justice\/2024\/06\/05\/eric-piolle-et-elisa-martin-mis-en-cause-qu-est-ce-que-le-delit-de-concussion\" target=\"_blank\" rel=\"nofollow noopener\">Le 5\u00a0juin 2024<\/a> , le parquet de Grenoble avait ouvert <a href=\"https:\/\/www.ledauphine.com\/politique\/2024\/11\/05\/isere-grenoble-affaire-piolle-martin-l-enquete-se-poursuit-plusieurs-personnes-ont-ete-entendues\" target=\"_blank\" rel=\"nofollow noopener\">une enqu\u00eate<\/a> pour \u00ab\u00a0concussion\u00a0\u00bb et \u00ab\u00a0recel de ce d\u00e9lit\u00a0\u00bb visant plus particuli\u00e8rement Eric Piolle, le maire EELV de Grenoble, et la d\u00e9put\u00e9e LFI Elisa Martin, ex-premi\u00e8re adjointe.<\/p>\n<p>Cette affaire concerne un ancien collaborateur au cabinet du maire, Enzo Lesourt, qui \u00e9tait parti en assez mauvais termes de la mairie en 2022. Ce dernier affirme avoir obtenu en 2016 une augmentation de 600\u00a0euros mensuels, mais \u00e0 la condition d\u2019en r\u00e9troc\u00e9der chaque mois 400\u00a0euros, au nez du fisc, \u00e0 \u00c9lisa Martin. \u00ab\u00a0Une m\u00e9canique pour me salir\u00a0\u00bb, avait aussit\u00f4t r\u00e9torqu\u00e9 Eric Piolle, alors qu\u2019Elisa Martin expliquait quatre jours plus tard\u00a0: \u00ab\u00a0Quand j\u2019ai lu \u00e7a, j\u2019ai \u00e9t\u00e9 abasourdie. Je le suis encore. Mais je ne commenterai pas une enqu\u00eate en cours, c\u2019est un principe. J\u2019ai pris un avocat, c\u2019est tout ce que je peux vous dire\u00a0\u00bb.<\/p>\n<p>Dans cette affaire, plusieurs personnes ont d\u00e9j\u00e0 \u00e9t\u00e9 entendues, mais il semble que les auditions d\u2019Eric Piolle, Elisa Martin et Enzo Lesourt n\u2019aient pas encore \u00e9t\u00e9 men\u00e9es par les policiers grenoblois en charge du dossier.<\/p>\n<p>Ces derniers vont donc poursuivre leur travail, mais sous la direction du parquet de Valence. Il n\u2019est pas inhabituel que des affaires susceptibles de mettre en cause des personnalit\u00e9s politiques soient d\u00e9pays\u00e9es afin de garantir l\u2019impartialit\u00e9 de la direction d\u2019enqu\u00eate, les \u00e9lus locaux ayant, par la nature de leurs fonctions, des rapports r\u00e9guliers avec l\u2019autorit\u00e9 judiciaire locale.<\/p>\n<p>Un d\u00e9paysement \u00e0 Valence avait d\u2019ailleurs d\u00e9j\u00e0 \u00e9t\u00e9 ordonn\u00e9 dans le dossier de l\u2019affaire de la f\u00eate des Tuiles, qui s\u2019\u00e9tait sold\u00e9e en septembre\u00a02023 par <a href=\"https:\/\/www.ledauphine.com\/faits-divers-justice\/2023\/09\/06\/isere-le-maire-de-grenoble-eric-piolle-condamne-il-y-a-du-favoritisme-sans-favorise-reagit-son-avocat\" target=\"_blank\" rel=\"nofollow noopener\">la condamnation<\/a> en appel du maire de Grenoble \u00e0 une peine de\u00a08\u00a0000\u00a0euros d\u2019amende avec sursis pour favoritisme.<\/p>\n","protected":false},"excerpt":{"rendered":"\u00ab\u00a0L\u2019enqu\u00eate pr\u00e9liminaire initialement ouverte au parquet [de Grenoble] mettant en cause Monsieur Eric Piolle et Madame Elisa Martin&hellip;\n","protected":false},"author":2,"featured_media":209235,"comment_status":"","ping_status":"","sticky":false,"template":"","format":"standard","meta":{"footnotes":""},"categories":[9566],"tags":[1111,11,2430,271,272,2730,112,1777,674,274,107,1011,27,2731,2732,108,12,25,2733,2734],"class_list":{"0":"post-209234","1":"post","2":"type-post","3":"status-publish","4":"format-standard","5":"has-post-thumbnail","7":"category-grenoble","8":"tag-actu","9":"tag-actualites","10":"tag-auvergne-rhone-alpes","11":"tag-crime","12":"tag-delit-et-contravention","13":"tag-drome","14":"tag-edition-grenoble-agglomeration","15":"tag-eu","16":"tag-europe","17":"tag-faits-divers-justice","18":"tag-fil-info","19":"tag-fr","20":"tag-france","21":"tag-grenoble","22":"tag-grenoble-bassin","23":"tag-isere","24":"tag-news","25":"tag-republique-francaise","26":"tag-valence","27":"tag-valence-bassin"},"share_on_mastodon":{"url":"https:\/\/pubeurope.com\/@fr\/114757298123019126","error":""},"_links":{"self":[{"href":"https:\/\/www.europesays.com\/fr\/wp-json\/wp\/v2\/posts\/209234","targetHints":{"allow":["GET"]}}],"collection":[{"href":"https:\/\/www.europesays.com\/fr\/wp-json\/wp\/v2\/posts"}],"about":[{"href":"https:\/\/www.europesays.com\/fr\/wp-json\/wp\/v2\/types\/post"}],"author":[{"embeddable":true,"href":"https:\/\/www.europesays.com\/fr\/wp-json\/wp\/v2\/users\/2"}],"replies":[{"embeddable":true,"href":"https:\/\/www.europesays.com\/fr\/wp-json\/wp\/v2\/comments?post=209234"}],"version-history":[{"count":0,"href":"https:\/\/www.europesays.com\/fr\/wp-json\/wp\/v2\/posts\/209234\/revisions"}],"wp:featuredmedia":[{"embeddable":true,"href":"https:\/\/www.europesays.com\/fr\/wp-json\/wp\/v2\/media\/209235"}],"wp:attachment":[{"href":"https:\/\/www.europesays.com\/fr\/wp-json\/wp\/v2\/media?parent=209234"}],"wp:term":[{"taxonomy":"category","embeddable":true,"href":"https:\/\/www.europesays.com\/fr\/wp-json\/wp\/v2\/categories?post=209234"},{"taxonomy":"post_tag","embeddable":true,"href":"https:\/\/www.europesays.com\/fr\/wp-json\/wp\/v2\/tags?post=209234"}],"curies":[{"name":"wp","href":"https:\/\/api.w.org\/{rel}","templated":true}]}}