{"id":209242,"date":"2025-06-27T20:52:16","date_gmt":"2025-06-27T20:52:16","guid":{"rendered":"https:\/\/www.europesays.com\/fr\/209242\/"},"modified":"2025-06-27T20:52:16","modified_gmt":"2025-06-27T20:52:16","slug":"un-guet-apens-sur-fond-de-vol-de-puff-trois-personnes-mises-en-examen","status":"publish","type":"post","link":"https:\/\/www.europesays.com\/fr\/209242\/","title":{"rendered":"un guet-apens sur fond de vol de \u00ab\u00a0puff\u00a0\u00bb, trois personnes mises en examen"},"content":{"rendered":"<p>  Un guet-apens<\/p>\n<p>Un petit vol serait \u00e0 l\u2019origine de la rixe. Une jeune femme de 20 ans, qui pensait s\u2019\u00eatre fait d\u00e9rober sa cigarette \u00e9lectronique, a tendu un guet-apens \u00e0 celle qu\u2019elle supposait \u00eatre la voleuse. Elle a embarqu\u00e9 dans son projet plusieurs adolescents de son entourage.<\/p>\n<p>Le petit groupe a tent\u00e9 de se faire remettre de l\u2019argent. La victime de ce pi\u00e8ge a appel\u00e9 des renforts. Une bagarre a \u00e9clat\u00e9 entre les gar\u00e7ons des deux bandes rivales.<\/p>\n<p>Deux individus, un de chaque groupe, se sont mis \u00e0 l\u2019\u00e9cart. L\u2019un d\u2019eux, \u00e2g\u00e9 de 14 ans, a ass\u00e9n\u00e9 plusieurs coups de couteau dans le dos de l\u2019autre.<\/p>\n<p>Dans le m\u00eame temps, un autre adolescent, lui aussi \u00e2g\u00e9 de 14 ans, a entaill\u00e9 la gorge d\u2019un rival. L\u2019auteur des coups de couteau dans le dos est venu l\u2019aider, blessant le jeune homme au flanc. La jeune femme qui s\u2019\u00e9tait fait voler sa \u00ab\u00a0puff\u00a0\u00bb a extrait les agresseurs en voiture.<\/p>\n<p>  Les couteaux enterr\u00e9s, puis jet\u00e9s dans l\u2019Ill<\/p>\n<p>Les deux adolescents, originaires d\u2019Entzheim, se sont empress\u00e9s d\u2019enterrer les couteaux dans un champ. Inform\u00e9 de cette dissimulation, le p\u00e8re de l\u2019un d\u2019eux est all\u00e9 les d\u00e9terrer pour les jeter dans l\u2019Ill \u2013 des plongeurs de la gendarmerie sont depuis parvenus \u00e0 les retrouver.<\/p>\n<p>L\u2019enqu\u00eate, men\u00e9e par la police de Strasbourg, a rapidement permis d\u2019identifier les deux auteurs pr\u00e9sum\u00e9s des coups de couteau, ainsi que la jeune femme \u00e0 l\u2019origine des violences. <a href=\"https:\/\/www.dna.fr\/faits-divers-justice\/2025\/06\/25\/adolescents-blesses-au-couteau-a-illkirch-graffenstaden-trois-interpellations\" target=\"_blank\" rel=\"noopener\"> Tous trois ont \u00e9t\u00e9 interpell\u00e9s mercredi 25\u00a0juin<\/a>.<\/p>\n<p>D\u00e9f\u00e9r\u00e9s devant la justice vendredi 27\u00a0juin \u00e0 l\u2019issue de leur garde \u00e0 vue, ils ont \u00e9t\u00e9 pr\u00e9sent\u00e9s \u00e0 un juge d\u2019instruction qui leur a signifi\u00e9 leur mise en examen pour tentative de meurtre et complicit\u00e9 de tentative de meurtre. Le parquet a demand\u00e9 le placement en d\u00e9tention provisoire des deux adolescents et le placement sous contr\u00f4le judiciaire de la jeune femme.<\/p>\n","protected":false},"excerpt":{"rendered":"Un guet-apens Un petit vol serait \u00e0 l\u2019origine de la rixe. Une jeune femme de 20 ans, qui&hellip;\n","protected":false},"author":2,"featured_media":209243,"comment_status":"","ping_status":"","sticky":false,"template":"","format":"standard","meta":{"footnotes":""},"categories":[2820],"tags":[1111,11,2389,2649,2880,1777,674,274,107,1011,27,775,3088,12,25,640,3089],"class_list":{"0":"post-209242","1":"post","2":"type-post","3":"status-publish","4":"format-standard","5":"has-post-thumbnail","7":"category-strasbourg","8":"tag-actu","9":"tag-actualites","10":"tag-alsace","11":"tag-bas-rhin","12":"tag-edition-strasbourg","13":"tag-eu","14":"tag-europe","15":"tag-faits-divers-justice","16":"tag-fil-info","17":"tag-fr","18":"tag-france","19":"tag-grand-est","20":"tag-illkirch-graffenstaden","21":"tag-news","22":"tag-republique-francaise","23":"tag-strasbourg","24":"tag-strasbourg-sud"},"share_on_mastodon":{"url":"https:\/\/pubeurope.com\/@fr\/114757313765871083","error":""},"_links":{"self":[{"href":"https:\/\/www.europesays.com\/fr\/wp-json\/wp\/v2\/posts\/209242","targetHints":{"allow":["GET"]}}],"collection":[{"href":"https:\/\/www.europesays.com\/fr\/wp-json\/wp\/v2\/posts"}],"about":[{"href":"https:\/\/www.europesays.com\/fr\/wp-json\/wp\/v2\/types\/post"}],"author":[{"embeddable":true,"href":"https:\/\/www.europesays.com\/fr\/wp-json\/wp\/v2\/users\/2"}],"replies":[{"embeddable":true,"href":"https:\/\/www.europesays.com\/fr\/wp-json\/wp\/v2\/comments?post=209242"}],"version-history":[{"count":0,"href":"https:\/\/www.europesays.com\/fr\/wp-json\/wp\/v2\/posts\/209242\/revisions"}],"wp:featuredmedia":[{"embeddable":true,"href":"https:\/\/www.europesays.com\/fr\/wp-json\/wp\/v2\/media\/209243"}],"wp:attachment":[{"href":"https:\/\/www.europesays.com\/fr\/wp-json\/wp\/v2\/media?parent=209242"}],"wp:term":[{"taxonomy":"category","embeddable":true,"href":"https:\/\/www.europesays.com\/fr\/wp-json\/wp\/v2\/categories?post=209242"},{"taxonomy":"post_tag","embeddable":true,"href":"https:\/\/www.europesays.com\/fr\/wp-json\/wp\/v2\/tags?post=209242"}],"curies":[{"name":"wp","href":"https:\/\/api.w.org\/{rel}","templated":true}]}}