{"id":209251,"date":"2025-06-27T20:57:10","date_gmt":"2025-06-27T20:57:10","guid":{"rendered":"https:\/\/www.europesays.com\/fr\/209251\/"},"modified":"2025-06-27T20:57:10","modified_gmt":"2025-06-27T20:57:10","slug":"la-decision-de-la-lfp-pour-un-report-tombe","status":"publish","type":"post","link":"https:\/\/www.europesays.com\/fr\/209251\/","title":{"rendered":"La d\u00e9cision de la LFP pour un report tombe"},"content":{"rendered":"<p><strong>Le Paris Saint-Germain, champion de France en titre, se retrouve face \u00e0 un calendrier infernal pour la reprise de la saison 2025-2026. Malgr\u00e9 la demande du club de reporter son d\u00e9placement \u00e0 Nantes, la Ligue de Football Professionnel (LFP) a refus\u00e9, selon RMC Sport. Les Parisiens devront donc \u00eatre pr\u00eats d\u00e8s le 13 ao\u00fbt pour la Supercoupe d\u2019Europe face \u00e0 Tottenham, avant de d\u00e9fier les Canaris le week-end suivant.<\/strong><\/p>\n<p>\u00ab\u00a0Une chose est s\u00fbre, le PSG devra \u00eatre pr\u00eat le 13 ao\u00fbt\u00a0\u00bb<\/p>\n<blockquote>\n<p>\u00ab\u00a0Une chose est s\u00fbre, le PSG devra \u00eatre pr\u00eat le 13 ao\u00fbt, jour de la Supercoupe d\u2019Europe face \u00e0 Tottenham, vainqueur de la Ligue Europa. Alors que le doute plane quant \u00e0 la condition physique des joueurs apr\u00e8s une coupure qu\u2019on imagine courte, ce premier match officiel de la saison 2025-2026 qui pourrait offrir un premier troph\u00e9e aux Parisiens se disputera le mercredi 13 ao\u00fbt \u00e0 Udine, en Italie (21h), soit trois ou quatre jours avant la reprise de la Ligue 1 face aux Canaris.<\/p>\n<p>En raison de ce timing d\u00e9j\u00e0 serr\u00e9, la direction du club parisien a demand\u00e9 \u00e0 la LFP le report du match Nantes-PSG ce vendredi. Mais selon nos informations, la tendance est \u00e0 un maintien de cette affiche le week-end du 16-17 ao\u00fbt, le calendrier \u00e9tant d\u00e9j\u00e0 tr\u00e8s charg\u00e9.\u00a0\u00bb<\/p>\n<\/blockquote>\n<p>La d\u00e9cision de la LFP de maintenir Nantes-PSG le week-end du 16-17 ao\u00fbt place le club parisien dans une situation d\u00e9licate. Apr\u00e8s une Coupe du monde des clubs qui pourrait emmener les hommes de Luis Enrique (54 ans) jusqu\u2019\u00e0 la mi-juillet, la pr\u00e9paration estivale s\u2019annonce express. \u00c0 peine revenus de vacances, Marquinhos (31 ans) et ses co\u00e9quipiers devront d\u00e9j\u00e0 viser un premier troph\u00e9e lors de la Supercoupe d\u2019Europe contre Tottenham, le 13 ao\u00fbt \u00e0 Udine.<\/p>\n<p>Ce match, programm\u00e9 seulement trois ou quatre jours avant la reprise de la Ligue 1, laisse planer des doutes sur la fra\u00eecheur physique du groupe. Le PSG avait pourtant alert\u00e9 sur ce risque en sollicitant un report, mais la densit\u00e9 du calendrier et la volont\u00e9 de la LFP de ne pas bouleverser l\u2019organisation ont pr\u00e9valu.<\/p>\n<p>Ce choix, qui ne fait pas l\u2019unanimit\u00e9, pose une nouvelle fois la question de la gestion des clubs engag\u00e9s sur plusieurs fronts et de l\u2019\u00e9quit\u00e9 sportive en d\u00e9but de saison.<\/p>\n<p>\t\t\t\t\t\t\t\t\t\t\t\t\t\t\t\t\t\t\t\t\t\t\t<img loading=\"lazy\" src=\"https:\/\/www.europesays.com\/fr\/wp-content\/uploads\/2025\/04\/ParisFans_Logo.png\" decoding=\"async\" class=\"lazyload\" width=\"240\" height=\"54\" data-eio-rwidth=\"240\" data-eio-rheight=\"54\"\/><\/p>\n","protected":false},"excerpt":{"rendered":"Le Paris Saint-Germain, champion de France en titre, se retrouve face \u00e0 un calendrier infernal pour la reprise&hellip;\n","protected":false},"author":2,"featured_media":209252,"comment_status":"","ping_status":"","sticky":false,"template":"","format":"standard","meta":{"footnotes":""},"categories":[2818],"tags":[1111,11,7650,1777,674,1011,27,66,34825,766,12800,12,2636,14728,24384,25],"class_list":{"0":"post-209251","1":"post","2":"type-post","3":"status-publish","4":"format-standard","5":"has-post-thumbnail","7":"category-nantes","8":"tag-actu","9":"tag-actualites","10":"tag-demande","11":"tag-eu","12":"tag-europe","13":"tag-fr","14":"tag-france","15":"tag-ligue-1","16":"tag-ligue-de-football-professionnelle","17":"tag-nantes","18":"tag-nantes-psg","19":"tag-news","20":"tag-pays-de-la-loire","21":"tag-refus","22":"tag-report","23":"tag-republique-francaise"},"share_on_mastodon":{"url":"https:\/\/pubeurope.com\/@fr\/114757333438588189","error":""},"_links":{"self":[{"href":"https:\/\/www.europesays.com\/fr\/wp-json\/wp\/v2\/posts\/209251","targetHints":{"allow":["GET"]}}],"collection":[{"href":"https:\/\/www.europesays.com\/fr\/wp-json\/wp\/v2\/posts"}],"about":[{"href":"https:\/\/www.europesays.com\/fr\/wp-json\/wp\/v2\/types\/post"}],"author":[{"embeddable":true,"href":"https:\/\/www.europesays.com\/fr\/wp-json\/wp\/v2\/users\/2"}],"replies":[{"embeddable":true,"href":"https:\/\/www.europesays.com\/fr\/wp-json\/wp\/v2\/comments?post=209251"}],"version-history":[{"count":0,"href":"https:\/\/www.europesays.com\/fr\/wp-json\/wp\/v2\/posts\/209251\/revisions"}],"wp:featuredmedia":[{"embeddable":true,"href":"https:\/\/www.europesays.com\/fr\/wp-json\/wp\/v2\/media\/209252"}],"wp:attachment":[{"href":"https:\/\/www.europesays.com\/fr\/wp-json\/wp\/v2\/media?parent=209251"}],"wp:term":[{"taxonomy":"category","embeddable":true,"href":"https:\/\/www.europesays.com\/fr\/wp-json\/wp\/v2\/categories?post=209251"},{"taxonomy":"post_tag","embeddable":true,"href":"https:\/\/www.europesays.com\/fr\/wp-json\/wp\/v2\/tags?post=209251"}],"curies":[{"name":"wp","href":"https:\/\/api.w.org\/{rel}","templated":true}]}}