{"id":209257,"date":"2025-06-27T21:00:10","date_gmt":"2025-06-27T21:00:10","guid":{"rendered":"https:\/\/www.europesays.com\/fr\/209257\/"},"modified":"2025-06-27T21:00:10","modified_gmt":"2025-06-27T21:00:10","slug":"municipales-2026-a-toulouse-salah-amokrane-et-lassemblee-des-quartiers-rejoignent-francois-piquemal-lfi","status":"publish","type":"post","link":"https:\/\/www.europesays.com\/fr\/209257\/","title":{"rendered":"Municipales 2026 \u00e0 Toulouse. Salah Amokrane et l&rsquo;Assembl\u00e9e des quartiers rejoignent Fran\u00e7ois Piquemal (LFI)"},"content":{"rendered":"<p>            Par<br \/>\n        <strong><br \/>\n            <a href=\"https:\/\/actu.fr\/auteur\/nina-hossein-zadeh\" title=\"Consulter tous les articles de Nina Hossein-Zadeh\" rel=\"nofollow noopener\" target=\"_blank\">Nina Hossein-Zadeh<\/a><br \/>\n        <\/strong><\/p>\n<p>        Publi\u00e9 le<\/p>\n<p>            27 juin 2025 \u00e0 20h02        <\/p>\n<p>Dans un contexte politique o\u00f9 la gauche peine \u00e0 accorder ses violons \u00e0 <a href=\"https:\/\/actu.fr\/toulouse\/\" rel=\"nofollow noopener\" target=\"_blank\"><strong>Toulouse<\/strong><\/a>, <strong>l\u2019Assembl\u00e9e des quartiers 31<\/strong> a tranch\u00e9. Ce collectif pr\u00e9sent dans les quartiers populaires de Toulouse a annonc\u00e9, ce jeudi 26 juin 2025, son ralliement \u00e0 la candidature de La France insoumise pour les \u00e9lections municipales 2026 \u00e0 Toulouse. <strong>Salah Amokrane<\/strong>, qui fut la t\u00eate de liste des Motiv\u00e9e-s lors des municipales 2001 (12% au premier tour), ainsi \u00ab\u2009qu\u2019une cinquantaine de membres du collectif\u2009\u00bb, se rangent ainsi derri\u00e8re <strong><a href=\"https:\/\/actu.fr\/occitanie\/toulouse_31555\/municipales-2026-a-toulouse-le-depute-francois-piquemal-officialise-sa-candidature_62129612.html\" rel=\"nofollow noopener\" target=\"_blank\">Fran\u00e7ois Piquemal<\/a><\/strong><a href=\"https:\/\/actu.fr\/occitanie\/toulouse_31555\/municipales-2026-a-toulouse-le-depute-francois-piquemal-officialise-sa-candidature_62129612.html\" rel=\"nofollow noopener\" target=\"_blank\"> et Agathe Roby<\/a>.<\/p>\n<p>\u00ab\u2009Une liste d\u2019union qui nous ressemble et qui nous rassemble\u2009\u00bb<\/p>\n<p class=\" wall-content\">Apr\u00e8s avoir tenu un forum mi-juin, l\u2019Assembl\u00e9e des quartiers 31 affirme entrer \u00ab\u2009r\u00e9solument en campagne\u2009\u00bb dans une dynamique territoriale et politique. Le collectif revendique sa volont\u00e9 de faire des quartiers populaires le c\u0153ur strat\u00e9gique de la bataille \u00e9lectorale \u00e0 venir, avec pour cap\u2009: \u00ab\u2009Contribuer \u00e0 construire <strong>une liste d\u2019union qui nous ressemble et qui nous rassemble\u2009\u00bb.<\/strong><\/p>\n<p>Pourquoi soutenir Fran\u00e7ois Piquemal\u2009?<\/p>\n<p class=\" wall-content\">Mais alors pourquoi rejoindre le candidat LFI\u2009? \u00ab\u2009On a choisi de soutenir et de <strong>participer \u00e0 la liste<\/strong> conduite par Fran\u00e7ois Piquemal et Agathe Roby\u2009\u00bb, indique Salah Amokrane, alors que la gauche est plus que jamais fractur\u00e9e dans la Ville rose.<\/p>\n<p class=\" wall-content\">\u00ab\u2009La situation est la suivante\u2009: il est act\u00e9 qu\u2019il y aura eu moins deux listes \u00e0 gauche. De notre point de vue, on s\u2019est rapproch\u00e9 de LFI parce qu\u2019<strong>on se rejoint sur la question des quartiers populaires, <\/strong>qui doit devenir prioritaire\u2009\u00bb.<\/p>\n<p>Une alliance sous condition d\u2019autonomie<\/p>\n<p class=\" wall-content\">L\u2019ancien \u00e9lu municipal (2001-2008) et son collectif souhaitent \u00ab\u2009r\u00e9sorber cette fracture entre les quartiers populaires et le reste de la ville de Toulouse\u2009\u00bb et ils consid\u00e8rent que \u00ab\u2009LFI est la force qui s\u2019est le plus positionn\u00e9e sur les enjeux qui nous pr\u00e9occupent\u2009\u00bb.<\/p>\n<p>Vid\u00e9os : en ce moment sur Actu<\/p>\n<p class=\" wall-content\">D\u2019apr\u00e8s eux, cette alliance repose n\u00e9anmoins<strong> sur deux piliers<\/strong>\u2009: \u00ab\u2009La reconnaissance mutuelle d\u2019un <strong>socle commun de valeurs<\/strong>, \u00e0 savoir les luttes contre le racisme, pour l\u2019\u00e9galit\u00e9, la d\u00e9mocratie participative et la justice sociale\u2009\u00bb, ainsi que <strong>\u00ab\u2009l\u2019autonomie politique<\/strong> du collectif\u2009\u00bb.<\/p>\n<p class=\" wall-content\">\u00ab\u2009Nous disons haut et fort \u00e0 ceux qui pensent nous voir sous tutelle\u2009: nous avons une histoire, nous avons une colonne vert\u00e9brale et nous ne roulons que pour notre cause commune avec toutes celles et tous ceux qui ont les quartiers au c\u0153ur\u2009! Et pour y arriver, la condition sera de faire passer l\u2019int\u00e9r\u00eat collectif avant l\u2019int\u00e9r\u00eat individuel\u2009\u00bb.<\/p>\n<p>\u00ab\u2009On veut des \u00e9lus, des responsabilit\u00e9s\u2009\u00bb<\/p>\n<p class=\" wall-content\">Sans chercher \u00e0 prendre les commandes, l\u2019Assembl\u00e9e des quartiers 31 participera pleinement \u00e0 la campagne. Salah Amokrane insiste\u2009:<strong> \u00ab\u2009On ne pr\u00e9tend pas \u00e0 diriger la liste, <\/strong>mais <strong>on veut des \u00e9lus, des responsabilit\u00e9s <\/strong>dans la campagne et, demain, dans l\u2019ex\u00e9cutif municipal\u2009\u00bb.<\/p>\n<p class=\" wall-content\">Le collectif pr\u00f4ne un nouveau type de gouvernance, pour rompre avec la verticalit\u00e9 incarn\u00e9e selon lui par le maire (ex-LR) sortant Jean-Luc Moudenc.<\/p>\n<blockquote class=\"ac-article-quote wall-content\">\n<p>Par exemple, Fran\u00e7ois Piquemal ne sera pas le pr\u00e9sident de la M\u00e9tropole s\u2019il est \u00e9lu, il faut en finir avec \u00e7a.<\/p>\n<p>    <strong>Salah Amokrane<\/strong><br \/>\n        Membre de l\u2019Assembl\u00e9e des quartiers 31    <\/p><\/blockquote>\n<p>Que r\u00e9clament-ils\u2009?<\/p>\n<p class=\" wall-content\">Dans cette alliance avec LFI, les priorit\u00e9s sont claires\u2009: ils demandent un <strong>moratoire sur la r\u00e9novation urbaine,<\/strong> un <strong>encadrement des loyers<\/strong>, une coconstruction avec les habitants et une<strong> relance d\u2019une d\u00e9mocratie locale forte<\/strong>. \u00ab\u2009On veut une campagne de terrain aussi, avec un recueil des propositions des habitants\u2009\u00bb, mart\u00e8le Am\u00e8le Lakhouache.<\/p>\n<p class=\" wall-content\">Bref, pour l\u2019Assembl\u00e9e des quartiers 31, \u00ab\u2009il est temps d\u2019agir et d\u2019entrer en campagne\u2009\u00bb, esp\u00e9rant, disent-ils, que d\u2019autres forces de gauche \u00ab\u2009prennent part au d\u00e9bat\u2009\u00bb \u00e0 leurs c\u00f4t\u00e9s.<\/p>\n<p>L\u2019enjeu de l\u2019union\u2009: ligne de rupture ou rassemblement pluriel\u2009?<\/p>\n<p class=\" wall-content\">Ce ralliement s\u2019inscrit donc dans un paysage politique toulousain fragment\u00e9 \u00e0 gauche. Si Fran\u00e7ois Piquemal <a href=\"https:\/\/actu.fr\/occitanie\/toulouse_31555\/municipales-2026-a-toulouse-francois-piquemal-lfi-propose-la-presidence-de-la-metropole-aux-ecologistes_62486593.html\" rel=\"nofollow noopener\" target=\"_blank\">dit vouloir \u00eatre candidat de l\u2019union de la gauche<\/a>, les autres forces (Parti socialiste, \u00c9cologistes, Parti communiste, Archipel citoyen, ou encore G\u00e9n\u00e9ration. s) font bande \u00e0 part. De son c\u00f4t\u00e9,<strong>\u00a0le Parti socialiste <\/strong>mart\u00e8le <strong>qu\u2019aucune alliance avec LFI ne sera possible<\/strong>\u00a0et revendique la t\u00eate de liste d\u2019un projet d\u2019union alternative.<\/p>\n<p>Au lendemain de la pol\u00e9mique sur Fran\u00e7ois Piquemal et les \u00ab\u00a0babtous\u00a0\u00bb<\/p>\n<p>L&rsquo;annonce de l&rsquo;alliance entre l&rsquo;Assembl\u00e9e des quartiers et LFI \u00e0 Toulouse s&rsquo;inscrit au lendemain d&rsquo;un \u00e9ni\u00e8me un \u00e9pisode tendu dans la course au Capitole. Marianne pr\u00eate en effet au candidat LFI Fran\u00e7ois Piquemal des propos controvers\u00e9s sur la composition future de sa liste.\u00a0Selon le journal, Fran\u00e7ois Piquemal aurait d\u00e9clar\u00e9 : \u00ab Je ne veux pas de babtous en t\u00eate de ma liste aux municipales \u00bb, une phrase qui a d\u00e9clench\u00e9 une vague d\u2019indignation, mais aussi une plainte du candidat, qui a ni\u00e9 mercredi avoir tenu ces propos.<br \/>\u00ab\u00a0Nous n\u2019y croyons pas une seule seconde\u00a0\u00bb, balaie de son c\u00f4t\u00e9 Salah Amokrane. \u00ab\u00a0On \u00e9change avec lui depuis quelque temps et si \u00e0 la moindre occasion, cet \u00e9tat d\u2019esprit avait pu appara\u00eetre, on n&rsquo;aurait pas fait alliance avec lui \u00bb.<br \/>Salah Amokrane n&rsquo;a que peu go\u00fbt\u00e9 cet article, d&rsquo;autant qu&rsquo;il y est cit\u00e9 et pr\u00e9sent\u00e9, regrette-t-il, de \u00ab\u00a0mani\u00e8re d\u00e9sobligeante\u00a0\u00bb.<\/p>\n<p class=\" wall-content\">Suivez toute l\u2019actualit\u00e9 de vos villes et m\u00e9dias favoris en vous inscrivant \u00e0 <a href=\"https:\/\/moncompte.actu.fr\" title=\"D\u00e9couvez Mon Actu\" rel=\"nofollow noopener\" data-trk=\"{&quot;cta&quot;:{&quot;action&quot;:&quot;https:\\\/\\\/moncompte.actu.fr&quot;,&quot;category&quot;:&quot;mon compte&quot;,&quot;from&quot;:&quot;article footer&quot;,&quot;name&quot;:&quot;Mon actu&quot;,&quot;type&quot;:&quot;cta&quot;}}\" target=\"_blank\">Mon Actu<\/a>.<\/p>\n<ul class=\"ac-article-tag wall-content\">\n<li><a href=\"https:\/\/actu.fr\/tag\/la-france-insoumise-lfi\" data-trk=\"{&quot;cta&quot;:{&quot;action&quot;:&quot;La France Insoumise (LFI)&quot;,&quot;category&quot;:&quot;tag&quot;,&quot;from&quot;:&quot;article footer&quot;,&quot;name&quot;:&quot;La France Insoumise (LFI)&quot;,&quot;type&quot;:&quot;cta&quot;}}\" rel=\"nofollow noopener\" target=\"_blank\">#La France Insoumise (LFI)<\/a><\/li>\n<li><a href=\"https:\/\/actu.fr\/tag\/municipales-2026\" data-trk=\"{&quot;cta&quot;:{&quot;action&quot;:&quot;Municipales 2026&quot;,&quot;category&quot;:&quot;tag&quot;,&quot;from&quot;:&quot;article footer&quot;,&quot;name&quot;:&quot;Municipales 2026&quot;,&quot;type&quot;:&quot;cta&quot;}}\" rel=\"nofollow noopener\" target=\"_blank\">#Municipales 2026<\/a><\/li>\n<\/ul>\n","protected":false},"excerpt":{"rendered":"Par Nina Hossein-Zadeh Publi\u00e9 le 27 juin 2025 \u00e0 20h02 Dans un contexte politique o\u00f9 la gauche peine&hellip;\n","protected":false},"author":2,"featured_media":209258,"comment_status":"","ping_status":"","sticky":false,"template":"","format":"standard","meta":{"footnotes":""},"categories":[2816],"tags":[1111,11,4188,1777,674,1011,27,1023,3434,12,2680,316,25,2312],"class_list":{"0":"post-209257","1":"post","2":"type-post","3":"status-publish","4":"format-standard","5":"has-post-thumbnail","7":"category-toulouse","8":"tag-actu","9":"tag-actualites","10":"tag-elections-municipales","11":"tag-eu","12":"tag-europe","13":"tag-fr","14":"tag-france","15":"tag-la-france-insoumise-lfi","16":"tag-municipales-2026","17":"tag-news","18":"tag-occitanie","19":"tag-politique","20":"tag-republique-francaise","21":"tag-toulouse"},"share_on_mastodon":{"url":"https:\/\/pubeurope.com\/@fr\/114757345229048732","error":""},"_links":{"self":[{"href":"https:\/\/www.europesays.com\/fr\/wp-json\/wp\/v2\/posts\/209257","targetHints":{"allow":["GET"]}}],"collection":[{"href":"https:\/\/www.europesays.com\/fr\/wp-json\/wp\/v2\/posts"}],"about":[{"href":"https:\/\/www.europesays.com\/fr\/wp-json\/wp\/v2\/types\/post"}],"author":[{"embeddable":true,"href":"https:\/\/www.europesays.com\/fr\/wp-json\/wp\/v2\/users\/2"}],"replies":[{"embeddable":true,"href":"https:\/\/www.europesays.com\/fr\/wp-json\/wp\/v2\/comments?post=209257"}],"version-history":[{"count":0,"href":"https:\/\/www.europesays.com\/fr\/wp-json\/wp\/v2\/posts\/209257\/revisions"}],"wp:featuredmedia":[{"embeddable":true,"href":"https:\/\/www.europesays.com\/fr\/wp-json\/wp\/v2\/media\/209258"}],"wp:attachment":[{"href":"https:\/\/www.europesays.com\/fr\/wp-json\/wp\/v2\/media?parent=209257"}],"wp:term":[{"taxonomy":"category","embeddable":true,"href":"https:\/\/www.europesays.com\/fr\/wp-json\/wp\/v2\/categories?post=209257"},{"taxonomy":"post_tag","embeddable":true,"href":"https:\/\/www.europesays.com\/fr\/wp-json\/wp\/v2\/tags?post=209257"}],"curies":[{"name":"wp","href":"https:\/\/api.w.org\/{rel}","templated":true}]}}