{"id":209269,"date":"2025-06-27T21:06:22","date_gmt":"2025-06-27T21:06:22","guid":{"rendered":"https:\/\/www.europesays.com\/fr\/209269\/"},"modified":"2025-06-27T21:06:22","modified_gmt":"2025-06-27T21:06:22","slug":"le-portrait-de-boualem-sansal-affiche-sur-le-siege-de-la-region-auvergne-rhone-alpes","status":"publish","type":"post","link":"https:\/\/www.europesays.com\/fr\/209269\/","title":{"rendered":"le portrait de Boualem Sansal affich\u00e9 sur le si\u00e8ge de la R\u00e9gion Auvergne-Rh\u00f4ne-Alpes"},"content":{"rendered":"<p itemprop=\"description\"><strong>L\u2019auteur franco-alg\u00e9rien, Boualem Sansal a \u00e9t\u00e9 affich\u00e9 sur une partie de la fa\u00e7ade du si\u00e8ge de la R\u00e9gion Auvergne-Rh\u00f4ne-Alpes ce vendredi 27 juin.<\/strong><\/p>\n<p>Alors qu\u2019il est retenu \u00e0 Alger et encourt une peine d\u2019emprisonnement \u00e9lev\u00e9e suite \u00e0 ses \u00e9crits, le portrait de l\u2019auteur Boualem Sansal est apparu sur le si\u00e8ge du conseil r\u00e9gional Auvergne-Rh\u00f4ne-Alpes, dans le quartier de la Confluence \u00e0 Lyon.<\/p>\n<p>Mardi prochain, l\u2019\u00e9crivain franco-alg\u00e9rien de 80 ans, sera fix\u00e9 sur son sort. La cour d\u2019Alger a requis dix de prison ferme et une amende d\u2019un million de dinars, soit environ 6 630 euros contre lui. La cour livrera donc son arr\u00eat le 1er juillet. Selon la justice alg\u00e9rienne, Boualem Sansal aurait port\u00e9 atteinte \u00ab\u00a0\u00e0 la s\u00fbret\u00e9 de l\u2019Etat \u00e0 l\u2019int\u00e9grit\u00e9 du territoire et \u00e0 la stabilit\u00e9 des institutions\u00a0\u00bb. Il est \u00e9galement accus\u00e9 \u00ab\u00a0d\u2019intelligence avec des parties \u00e9trang\u00e8res\u00a0\u00bb.<\/p>\n<p>C\u2019est donc pour le soutenir que son portrait se retrouve sur la fa\u00e7ade du si\u00e8ge de la R\u00e9gion. Une initiative port\u00e9e par l\u2019ancien pr\u00e9sident de la collectivit\u00e9, Laurent Wauquiez. \u00ab\u00a0La France est silencieuse depuis trop longtemps maintenant. Boualem Sansal m\u00e9rite mieux que cette l\u00e2chet\u00e9\u00a0\u00bb, avait-il d\u00e9clar\u00e9 sur X il y a quelques jours.<\/p>\n<blockquote class=\"twitter-tweet\"><p>&#13;<\/p>\n<p dir=\"ltr\" lang=\"fr\">La France est silencieuse depuis trop longtemps maintenant. Boualem Sansal m\u00e9rite mieux que cette l\u00e2chet\u00e9. <a href=\"https:\/\/t.co\/6r4rnvBtkT\">https:\/\/t.co\/6r4rnvBtkT<\/a><\/p>\n<p>&#13;<br \/>\n\u2014 Laurent Wauquiez (@laurentwauquiez) <a href=\"https:\/\/twitter.com\/laurentwauquiez\/status\/1937527391770849618?ref_src=twsrc%5Etfw\" target=\"_blank\" rel=\"noopener\">June 24, 2025<\/a><\/p><\/blockquote>\n<p>\t\t  <script async src=\"https:\/\/platform.twitter.com\/widgets.js\" charset=\"utf-8\"><\/script><\/p>\n","protected":false},"excerpt":{"rendered":"L\u2019auteur franco-alg\u00e9rien, Boualem Sansal a \u00e9t\u00e9 affich\u00e9 sur une partie de la fa\u00e7ade du si\u00e8ge de la R\u00e9gion&hellip;\n","protected":false},"author":2,"featured_media":209270,"comment_status":"","ping_status":"","sticky":false,"template":"","format":"standard","meta":{"footnotes":""},"categories":[1889],"tags":[1111,11,2813,2190,2430,1109,251,1112,2811,1777,674,118,1011,27,1922,1110,1114,2428,2810,12,241,316,25,2812,517,800],"class_list":{"0":"post-209269","1":"post","2":"type-post","3":"status-publish","4":"format-standard","5":"has-post-thumbnail","7":"category-lyon","8":"tag-actu","9":"tag-actualites","10":"tag-article","11":"tag-asvel","12":"tag-auvergne-rhone-alpes","13":"tag-breves","14":"tag-culture","15":"tag-depeches","16":"tag-economique","17":"tag-eu","18":"tag-europe","19":"tag-faits-divers","20":"tag-fr","21":"tag-france","22":"tag-info","23":"tag-informations","24":"tag-infos","25":"tag-lyon","26":"tag-lyonmag","27":"tag-news","28":"tag-ol","29":"tag-politique","30":"tag-republique-francaise","31":"tag-sociale","32":"tag-sport","33":"tag-transports"},"share_on_mastodon":{"url":"https:\/\/pubeurope.com\/@fr\/114757368945948915","error":""},"_links":{"self":[{"href":"https:\/\/www.europesays.com\/fr\/wp-json\/wp\/v2\/posts\/209269","targetHints":{"allow":["GET"]}}],"collection":[{"href":"https:\/\/www.europesays.com\/fr\/wp-json\/wp\/v2\/posts"}],"about":[{"href":"https:\/\/www.europesays.com\/fr\/wp-json\/wp\/v2\/types\/post"}],"author":[{"embeddable":true,"href":"https:\/\/www.europesays.com\/fr\/wp-json\/wp\/v2\/users\/2"}],"replies":[{"embeddable":true,"href":"https:\/\/www.europesays.com\/fr\/wp-json\/wp\/v2\/comments?post=209269"}],"version-history":[{"count":0,"href":"https:\/\/www.europesays.com\/fr\/wp-json\/wp\/v2\/posts\/209269\/revisions"}],"wp:featuredmedia":[{"embeddable":true,"href":"https:\/\/www.europesays.com\/fr\/wp-json\/wp\/v2\/media\/209270"}],"wp:attachment":[{"href":"https:\/\/www.europesays.com\/fr\/wp-json\/wp\/v2\/media?parent=209269"}],"wp:term":[{"taxonomy":"category","embeddable":true,"href":"https:\/\/www.europesays.com\/fr\/wp-json\/wp\/v2\/categories?post=209269"},{"taxonomy":"post_tag","embeddable":true,"href":"https:\/\/www.europesays.com\/fr\/wp-json\/wp\/v2\/tags?post=209269"}],"curies":[{"name":"wp","href":"https:\/\/api.w.org\/{rel}","templated":true}]}}