{"id":209277,"date":"2025-06-27T21:11:12","date_gmt":"2025-06-27T21:11:12","guid":{"rendered":"https:\/\/www.europesays.com\/fr\/209277\/"},"modified":"2025-06-27T21:11:12","modified_gmt":"2025-06-27T21:11:12","slug":"a-la-fashion-week-de-paris-le-depart-danna-wintour-de-vogue-us-ne-surprend-pas","status":"publish","type":"post","link":"https:\/\/www.europesays.com\/fr\/209277\/","title":{"rendered":"\u00c0 la Fashion Week de Paris, le d\u00e9part d&rsquo;Anna Wintour de Vogue US ne surprend pas"},"content":{"rendered":"<p>Le monde de la mode, r\u00e9uni \u00e0 Paris pour la Fashion Week, a \u00e9t\u00e9 peu surpris par le d\u00e9part d&rsquo;Anna Wintour de la direction \u00e9ditoriale de l&rsquo;\u00e9dition am\u00e9ricaine de Vogue, saluant son influence sur le secteur et pointant son caract\u00e8re \u00ab\u00a0tr\u00e8s dur\u00a0\u00bb.<\/p>\n<p>Surnomm\u00e9e la papesse de la mode et connue pour ses \u00e9ternelles lunettes de soleil noires dissimulant un regard ac\u00e9r\u00e9, elle quitte \u00e0 75 ans son poste de r\u00e9dactrice en chef de Vogue US apr\u00e8s 37 ans de r\u00e8gne, mais conserve ses fonctions de directrice des contenus de l\u2019\u00e9dition internationale de Vogue et du groupe de m\u00e9dias Cond\u00e9 Nast.<\/p>\n<p>\u00ab\u00a0Je doute qu\u2019il y ait une grosse r\u00e9volution. La mani\u00e8re dont Cond\u00e9 Nast est aujourd&rsquo;hui structur\u00e9e fait qu&rsquo;elle a toujours beaucoup de pouvoir\u00a0\u00bb, a r\u00e9agi aupr\u00e8s de l&rsquo;AFP Matthieu Morge Zucconi, chef de rubrique mode masculine du journal Le Figaro.<\/p>\n<p>Pour Elvire von Bardeleben, responsable de la rubrique mode au quotidien Le Monde, \u00ab\u00a0c&rsquo;\u00e9tait m\u00eame plut\u00f4t \u00e9tonnant qu&rsquo;elle continue d&rsquo;avoir les mains dans le cambouis du Vogue US, alors qu&rsquo;elle avait une position aussi surplombante sur tout Cond\u00e9 Nast\u00a0\u00bb.<\/p>\n<p>Anna Wintour a fait son entr\u00e9e en 1988 \u00e0 la direction am\u00e9ricaine de Vogue et a fait de la publication l&rsquo;une des plus suivies et des plus influentes de la marque. Elle s&rsquo;est construit au fil des ans une r\u00e9putation digne du personnage principal et tyrannique du film \u00ab\u00a0Le diable s&rsquo;habille en Prada\u00a0\u00bb, qu&rsquo;elle a inspir\u00e9.<\/p>\n<p>&#8211; Ic\u00f4ne &#8211;<\/p>\n<p>\u00ab\u00a0Pas un seul avis ne peut \u00eatre diff\u00e9rent du sien. C&rsquo;est une mani\u00e8re de gouverner tr\u00e8s dure\u00a0\u00bb, a fait valoir la journaliste de mode Sophie Fontanel.<\/p>\n<p>\u00ab\u00a0J&rsquo;ai \u00e9videmment un immense respect pour tout ce qu&rsquo;elle a fait. Mais, en m\u00eame temps, c&rsquo;est fini ce monde-l\u00e0\u00a0\u00bb, a-t-elle ajout\u00e9.<\/p>\n<p>Dans son premier num\u00e9ro de Vogue, Anna Wintour avait notamment remis en cause le \u00ab\u00a0co\u00fbt r\u00e9el d&rsquo;un bon look\u00a0\u00bb, ce qui avait secou\u00e9 l&rsquo;industrie, avant d&rsquo;ouvrir la Une du magazine \u00e0 des c\u00e9l\u00e9brit\u00e9s, m\u00ealant ainsi les mondes de la mode et du show-bizz.<\/p>\n<p>\u00ab\u00a0Elle a fa\u00e7onn\u00e9 le paysage mondial de la mode bien au-del\u00e0 des pages d&rsquo;un magazine, \u00e9tablissant une norme qui continue d&rsquo;inspirer. Son influence s&rsquo;\u00e9tend bien au-del\u00e0 du premier rang et continuera de le faire\u00a0\u00bb, a estim\u00e9 pour sa part Simon Longland, directeur des achats mode du grand magasin de luxe londonien Harrods.<\/p>\n<p>Un avis temp\u00e9r\u00e9 par Morge Zucconi: \u00ab\u00a0\u00c9videmment, c&rsquo;est une ic\u00f4ne pour les gens qui ne connaissent pas la mode et qui ne s&rsquo;int\u00e9ressent pas vraiment \u00e0 la mode\u00a0\u00bb. \u00ab\u00a0C&rsquo;est l&rsquo;une des figures reconnues de notre m\u00e9tier, donc elle est forc\u00e9ment assez embl\u00e9matique. Apr\u00e8s, \u00e7a repr\u00e9sente une vision, pour moi, tr\u00e8s am\u00e9ricaine de la mode globalis\u00e9e\u00a0\u00bb, a-t-il insist\u00e9.<\/p>\n<p>mdv\/mch\/abl<\/p>\n","protected":false},"excerpt":{"rendered":"Le monde de la mode, r\u00e9uni \u00e0 Paris pour la Fashion Week, a \u00e9t\u00e9 peu surpris par le&hellip;\n","protected":false},"author":2,"featured_media":209278,"comment_status":"","ping_status":"","sticky":false,"template":"","format":"standard","meta":{"footnotes":""},"categories":[1888],"tags":[1111,1928,11,1927,34602,1777,674,1011,27,21045,34828,34829,12,1926,626,1925,25,22546],"class_list":{"0":"post-209277","1":"post","2":"type-post","3":"status-publish","4":"format-standard","5":"has-post-thumbnail","7":"category-paris","8":"tag-actu","9":"tag-actu-paris","10":"tag-actualites","11":"tag-actualites-paris","12":"tag-anna-wintour","13":"tag-eu","14":"tag-europe","15":"tag-fr","16":"tag-france","17":"tag-la-fashion-week","18":"tag-la-mode","19":"tag-le-diable-shabille-en-prada","20":"tag-news","21":"tag-news-paris","22":"tag-paris","23":"tag-paris-news","24":"tag-republique-francaise","25":"tag-vogue"},"share_on_mastodon":{"url":"https:\/\/pubeurope.com\/@fr\/114757388426309308","error":""},"_links":{"self":[{"href":"https:\/\/www.europesays.com\/fr\/wp-json\/wp\/v2\/posts\/209277","targetHints":{"allow":["GET"]}}],"collection":[{"href":"https:\/\/www.europesays.com\/fr\/wp-json\/wp\/v2\/posts"}],"about":[{"href":"https:\/\/www.europesays.com\/fr\/wp-json\/wp\/v2\/types\/post"}],"author":[{"embeddable":true,"href":"https:\/\/www.europesays.com\/fr\/wp-json\/wp\/v2\/users\/2"}],"replies":[{"embeddable":true,"href":"https:\/\/www.europesays.com\/fr\/wp-json\/wp\/v2\/comments?post=209277"}],"version-history":[{"count":0,"href":"https:\/\/www.europesays.com\/fr\/wp-json\/wp\/v2\/posts\/209277\/revisions"}],"wp:featuredmedia":[{"embeddable":true,"href":"https:\/\/www.europesays.com\/fr\/wp-json\/wp\/v2\/media\/209278"}],"wp:attachment":[{"href":"https:\/\/www.europesays.com\/fr\/wp-json\/wp\/v2\/media?parent=209277"}],"wp:term":[{"taxonomy":"category","embeddable":true,"href":"https:\/\/www.europesays.com\/fr\/wp-json\/wp\/v2\/categories?post=209277"},{"taxonomy":"post_tag","embeddable":true,"href":"https:\/\/www.europesays.com\/fr\/wp-json\/wp\/v2\/tags?post=209277"}],"curies":[{"name":"wp","href":"https:\/\/api.w.org\/{rel}","templated":true}]}}