{"id":209291,"date":"2025-06-27T21:18:10","date_gmt":"2025-06-27T21:18:10","guid":{"rendered":"https:\/\/www.europesays.com\/fr\/209291\/"},"modified":"2025-06-27T21:18:10","modified_gmt":"2025-06-27T21:18:10","slug":"allemagne-le-bundestag-restreint-le-regroupement-familial-pour-certains-migrants","status":"publish","type":"post","link":"https:\/\/www.europesays.com\/fr\/209291\/","title":{"rendered":"Allemagne : le Bundestag restreint le regroupement familial pour certains migrants"},"content":{"rendered":"<p>  Par&amp;nbsp<a href=\"https:\/\/fr.euronews.com\/profils\/2856\" rel=\"nofollow noopener\" target=\"_blank\">Vincent Reynier<\/a>&amp;nbsp&amp;&amp;nbsp<b>AP<\/b><\/p>\n<p>\n                    Publi\u00e9 le                 27\/06\/2025 &#8211; 19:40 UTC+2\u2022Mis \u00e0 jour<br \/>\n                                     19:56<\/p>\n<p><img decoding=\"async\" class=\"c-ad__placeholder__logo\" src=\"https:\/\/static.euronews.com\/website\/images\/logos\/logo-euronews-grey-6-180x22.svg\" width=\"180\" height=\"22\" alt=\"\" loading=\"lazy\"\/>PUBLICIT\u00c9<\/p>\n<p>Les d\u00e9put\u00e9s allemands ont vot\u00e9 vendredi en faveur de la suspension du droit au regroupement familial pour les migrants qui ne b\u00e9n\u00e9ficient pas d&rsquo;un statut d&rsquo;asile \u00e0 part enti\u00e8re, dans le cadre du durcissement de la politique migratoire voulu par le chancelier Friedrich Merz.<\/p>\n<p>La chambre basse du Parlement allemand a vot\u00e9 par 444 voix contre 135 en faveur de la <strong>suspension du regroupement familial pour les personnes b\u00e9n\u00e9ficiant d&rsquo;une \u00ab\u00a0protection subsidiaire\u00a0\u00bb.<\/strong><\/p>\n<p>Ce statut est accord\u00e9 aux migrants autoris\u00e9s \u00e0 rester parce que leur pays d&rsquo;origine est trop dangereux, m\u00eame s&rsquo;ils ne sont pas officiellement reconnus comme des r\u00e9fugi\u00e9s.<\/p>\n<p>\u00c0 la fin du mois de mars, plus de 388 000 personnes en Allemagne, <a href=\"https:\/\/fr.euronews.com\/my-europe\/2025\/02\/05\/les-droits-des-refugies-syriens-sont-ils-en-danger-en-europe-apres-la-chute-de-bachar-al-a\" rel=\"nofollow noopener\" target=\"_blank\"><strong>principalement des Syriens<\/strong><\/a>, b\u00e9n\u00e9ficiaient du statut de protection subsidiaire.<\/p>\n<p>Briser un \u00ab\u00a0mod\u00e8le commercial\u00a0\u00bb pour les trafiquants d&rsquo;\u00eatres humains<\/p>\n<p>La nouvelle l\u00e9gislation suspend les r\u00e8gles introduites en 2018 qui permettaient \u00e0 un maximum de 1 000 proches parents par mois de rejoindre les migrants b\u00e9n\u00e9ficiant de ce statut.<\/p>\n<p>Jusqu&rsquo;\u00e0 pr\u00e9sent, les autorit\u00e9s allemandes prenaient des d\u00e9cisions au cas par cas bas\u00e9es sur des motifs humanitaires, plut\u00f4t que d&rsquo;accorder un droit automatique au regroupement familial.<\/p>\n<p>La nouvelle loi n&rsquo;affectera pas les migrants qui ont obtenu l&rsquo;asile ou qui sont reconnus comme r\u00e9fugi\u00e9s en vertu de la Convention de Gen\u00e8ve.<\/p>\n<p>Le ministre allemand de l&rsquo;Int\u00e9rieur, Alexander Dobrindt, affirme que ce changement r\u00e9duira le nombre de personnes pouvant venir en Allemagne d&rsquo;environ 12 000 par an et \u00ab\u00a0brisera un mod\u00e8le commercial\u00a0\u00bb pour les trafiquants d&rsquo;\u00eatres humains.<\/p>\n<p>\u00ab\u00a0De nombreuses personnes savent qu&rsquo;elles n&rsquo;obtiendront pas le statut de r\u00e9fugi\u00e9 \u00e0 part enti\u00e8re, mais elles se dirigent tout de m\u00eame vers l&rsquo;Allemagne parce qu&rsquo;elles savent que, m\u00eame si elles n&rsquo;ont pas le statut de r\u00e9fugi\u00e9, elles peuvent faire venir leur famille plus tard\u00a0\u00bb, d\u00e9clare le ministre.<\/p>\n<p>\u00ab\u00a0Cela cr\u00e9e un facteur d&rsquo;attraction important, et aujourd&rsquo;hui, nous \u00e9liminons ce facteur d&rsquo;attraction\u00a0\u00bb, poursuit Alexander Dobrindt, tout en indiquant que \u00ab\u00a0la capacit\u00e9 d&rsquo;int\u00e9gration du pays a tout simplement une limite\u00a0\u00bb.<\/p>\n<p>Premier durcissement de la politique migratoire du gouvernement de Friedrich Merz<\/p>\n<p>Les sociaux-d\u00e9mocrates (SPD), l&rsquo;un des partis membres de <a href=\"https:\/\/fr.euronews.com\/my-europe\/2025\/05\/13\/euroverify-comment-la-nouvelle-coalition-allemande-luttera-t-elle-contre-la-desinformation\" rel=\"nofollow noopener\" target=\"_blank\"><strong>la coalition gouvernementale<\/strong><\/a> de Friedrich Merz, ont exprim\u00e9 des inqui\u00e9tudes au sujet de la l\u00e9gislation, mais l&rsquo;ont finalement accept\u00e9e dans le cadre d&rsquo;un compromis politique.<\/p>\n<p>La ministre allemande des Migrations, des R\u00e9fugi\u00e9s et de l&rsquo;Int\u00e9gration, Natalie Pawlik, a reconnu le malaise au sein de son parti en d\u00e9clarant que \u00ab\u00a0l&rsquo;int\u00e9gration fonctionne mieux lorsque les familles sont r\u00e9unies\u00a0\u00bb.<\/p>\n<p>Elle a toutefois ajout\u00e9 que le SPD soutiendrait la mesure, notant qu&rsquo;elle ne s&rsquo;applique pas aux cas dits \u00ab\u00a0difficiles\u00a0\u00bb et qu&rsquo;elle est limit\u00e9e \u00e0 deux ans.<\/p>\n<p>Le projet de loi approuv\u00e9 vendredi est la premi\u00e8re l\u00e9gislation sur l&rsquo;immigration adopt\u00e9e depuis l&rsquo;entr\u00e9e en fonction de Friedrich Merz. Son gouvernement s&rsquo;est engag\u00e9 \u00e0 durcir les proc\u00e9dures d&rsquo;entr\u00e9e en Allemagne face \u00e0 la pression croissante de l&rsquo;opinion publique.<\/p>\n","protected":false},"excerpt":{"rendered":"Par&amp;nbspVincent Reynier&amp;nbsp&amp;&amp;nbspAP Publi\u00e9 le 27\/06\/2025 &#8211; 19:40 UTC+2\u2022Mis \u00e0 jour 19:56 PUBLICIT\u00c9 Les d\u00e9put\u00e9s allemands ont vot\u00e9 vendredi&hellip;\n","protected":false},"author":2,"featured_media":209292,"comment_status":"","ping_status":"","sticky":false,"template":"","format":"standard","meta":{"footnotes":""},"categories":[1587],"tags":[11,672,1804,1805,1803,1777,674,652,1801,1061,1251,12,1802,32],"class_list":{"0":"post-209291","1":"post","2":"type-post","3":"status-publish","4":"format-standard","5":"has-post-thumbnail","7":"category-allemagne","8":"tag-actualites","9":"tag-allemagne","10":"tag-bundesrepublik-deutschland","11":"tag-de","12":"tag-deutschland","13":"tag-eu","14":"tag-europe","15":"tag-famille","16":"tag-germany","17":"tag-immigration","18":"tag-migrants","19":"tag-news","20":"tag-republique-federale-dallemagne","21":"tag-syrie"},"share_on_mastodon":{"url":"https:\/\/pubeurope.com\/@fr\/114757416001271868","error":""},"_links":{"self":[{"href":"https:\/\/www.europesays.com\/fr\/wp-json\/wp\/v2\/posts\/209291","targetHints":{"allow":["GET"]}}],"collection":[{"href":"https:\/\/www.europesays.com\/fr\/wp-json\/wp\/v2\/posts"}],"about":[{"href":"https:\/\/www.europesays.com\/fr\/wp-json\/wp\/v2\/types\/post"}],"author":[{"embeddable":true,"href":"https:\/\/www.europesays.com\/fr\/wp-json\/wp\/v2\/users\/2"}],"replies":[{"embeddable":true,"href":"https:\/\/www.europesays.com\/fr\/wp-json\/wp\/v2\/comments?post=209291"}],"version-history":[{"count":0,"href":"https:\/\/www.europesays.com\/fr\/wp-json\/wp\/v2\/posts\/209291\/revisions"}],"wp:featuredmedia":[{"embeddable":true,"href":"https:\/\/www.europesays.com\/fr\/wp-json\/wp\/v2\/media\/209292"}],"wp:attachment":[{"href":"https:\/\/www.europesays.com\/fr\/wp-json\/wp\/v2\/media?parent=209291"}],"wp:term":[{"taxonomy":"category","embeddable":true,"href":"https:\/\/www.europesays.com\/fr\/wp-json\/wp\/v2\/categories?post=209291"},{"taxonomy":"post_tag","embeddable":true,"href":"https:\/\/www.europesays.com\/fr\/wp-json\/wp\/v2\/tags?post=209291"}],"curies":[{"name":"wp","href":"https:\/\/api.w.org\/{rel}","templated":true}]}}