{"id":209297,"date":"2025-06-27T21:21:10","date_gmt":"2025-06-27T21:21:10","guid":{"rendered":"https:\/\/www.europesays.com\/fr\/209297\/"},"modified":"2025-06-27T21:21:10","modified_gmt":"2025-06-27T21:21:10","slug":"linfluenceur-amine-mojito-soupconne-davoir-pique-des-personnes-avec-une-seringue-sera-juge-en-septembre","status":"publish","type":"post","link":"https:\/\/www.europesays.com\/fr\/209297\/","title":{"rendered":"L\u2019influenceur Amine Mojito, soup\u00e7onn\u00e9 d&rsquo;avoir piqu\u00e9 des personnes avec une seringue, sera jug\u00e9 en septembre"},"content":{"rendered":"<p>Amine Mojito, qui s\u2019est film\u00e9 sur les r\u00e9seaux sociaux la veille de la f\u00eate de la musique en train de piquer d\u2019autres personnes, sera jug\u00e9 le 5 septembre prochain \u00e0 Paris.<\/p>\n<p class=\"fig-paragraph\">Un homme de 27 ans surnomm\u00e9 Mojito, soup\u00e7onn\u00e9 d&rsquo;avoir piqu\u00e9 des personnes\u00a0<a href=\"https:\/\/www.lefigaro.fr\/actualite-france\/le-doute-plane-sur-les-piqures-sauvages-20220429\" data-fig-type=\"Article\" data-gtm-custom-categorie=\"navigation\" data-gtm-custom-action=\"crossclick\" data-gtm-custom-label=\"Contextuel\" data-gtm-event=\"customEventSPE\" data-fig-domain=\"LEFIGARO\" target=\"_blank\" rel=\"noopener\">avec une seringue<\/a>\u00a0et d&rsquo;avoir diffus\u00e9 des vid\u00e9os de ces agissements sur les r\u00e9seaux sociaux, sera jug\u00e9 le 5 septembre par le tribunal correctionnel de Paris et a \u00e9t\u00e9 incarc\u00e9r\u00e9 d&rsquo;ici l\u00e0, a annonc\u00e9 le parquet. Ilan M. devait \u00eatre jug\u00e9 vendredi apr\u00e8s-midi en comparution imm\u00e9diate \u00abpour des violences avec arme n&rsquo;ayant pas entra\u00een\u00e9 d&rsquo;incapacit\u00e9 de travail\u00bb, a pr\u00e9cis\u00e9 le parquet de Paris.<\/p>\n<p class=\"fig-paragraph\">Comme c&rsquo;est de droit en mati\u00e8re de comparution imm\u00e9diate, le pr\u00e9venu a obtenu un renvoi, et la nouvelle audience a \u00e9t\u00e9 fix\u00e9e au 5 septembre, d&rsquo;apr\u00e8s le minist\u00e8re public. \u00abLe pr\u00e9venu a \u00e9t\u00e9 plac\u00e9 en d\u00e9tention provisoire dans l&rsquo;attente\u00bb, selon le parquet. Une enqu\u00eate avait \u00e9t\u00e9 ouverte par la S\u00fbret\u00e9 territoriale de Paris apr\u00e8s \u00abla diffusion sur les r\u00e9seaux sociaux le 20 juin\u00bb, soit la veille de la F\u00eate de la musique, \u00abde la vid\u00e9o d&rsquo;un certain \u201cMojito\u201d se mettant en sc\u00e8ne en train de piquer ou faire mine de piquer des personnes install\u00e9es dans l&rsquo;espace public, \u00e0 l&rsquo;aide d&rsquo;une seringue\u00bb, a relat\u00e9 le parquet.<\/p>\n<p class=\"fig-paragraph\">\u00c0 Paris, deux enqu\u00eates ont \u00e9t\u00e9 ouvertes apr\u00e8s le signalement de personnes disant avoir \u00e9t\u00e9 piqu\u00e9es par une seringue lors\u00a0<a href=\"http:\/\/www.lefigaro.fr\/vox\/culture\/a-paris-la-fete-la-musique-trahit-le-temps-d-une-nuit-toutes-les-fractures-20250622\" data-fig-type=\"Article\" data-gtm-custom-categorie=\"navigation\" data-gtm-custom-action=\"crossclick\" data-gtm-custom-label=\"Contextuel\" data-gtm-event=\"customEventSPE\" data-fig-domain=\"LEFIGARO\" target=\"_blank\" rel=\"noopener\">de la F\u00eate de la musique<\/a>\u00a0dans diff\u00e9rents lieux de la capitale, avait indiqu\u00e9 le parquet mardi. Certaines ont t\u00e9moign\u00e9 de malaises et ont \u00e9t\u00e9 prises en charge dans des h\u00f4pitaux. Dans une autre vid\u00e9o, dat\u00e9e du 23 juin et post\u00e9rieure \u00e0 l&rsquo;\u00e9v\u00e9nement musical, l&rsquo;homme surnomm\u00e9 \u00abMojito\u00bb \u00abexpliquait avoir r\u00e9alis\u00e9 cette vid\u00e9o de mani\u00e8re pr\u00e9ventive, en tant qu&rsquo;influenceur, pour alerter des risques de piq\u00fbres pendant la F\u00eate de la musique\u00bb, a poursuivi le parquet.<\/p>\n<p>\u00abIl s\u2019agissait d\u2019une blague\u00bb<\/p>\n<p class=\"fig-paragraph\">Ilan M. a \u00e9t\u00e9 interpell\u00e9 jeudi. Le minist\u00e8re public pr\u00e9cise qu&rsquo;il a \u00abmis 15 minutes \u00e0 ouvrir aux enqu\u00eateurs qui se pr\u00e9sentaient \u00e0 son domicile, et son t\u00e9l\u00e9phone ne comportait aucune de ces vid\u00e9os\u00bb. Lors de sa garde \u00e0 vue, \u00abil s&rsquo;est toutefois reconnu sur la vid\u00e9o diffus\u00e9e sur les r\u00e9seaux sociaux, expliquant qu&rsquo;il s&rsquo;agissait d&rsquo;une \u201cblague\u201d, qu&rsquo;il avait laiss\u00e9 le capuchon sur les seringues, et pr\u00e9tendant ne pas conna\u00eetre l&rsquo;identit\u00e9 de la personne qui le filmait en commettant les faits\u00bb, a d\u00e9taill\u00e9 le minist\u00e8re public. Aucune victime des agissements d&rsquo;Ilan M. n&rsquo;a pu \u00eatre identifi\u00e9e ni entendue, selon le parquet.<\/p>\n<p class=\"fig-paragraph\">Dans la nuit du 21 juin et \u00e0 la suite de publications sur les r\u00e9seaux sociaux appelant \u00e0 \u00abattaquer et \u00e0 piquer des femmes lors de la F\u00eate de la musique\u00bb, 145 victimes de piq\u00fbres se sont manifest\u00e9es aupr\u00e8s des services de police en m\u00e9tropole et en outre-mer, avait indiqu\u00e9 dimanche le minist\u00e8re de l&rsquo;Int\u00e9rieur. La pr\u00e9fecture de police de Paris a relev\u00e9 21 cas sur sa zone en \u00cele-de-France, dont 13 \u00e0 Paris.<\/p>\n","protected":false},"excerpt":{"rendered":"Amine Mojito, qui s\u2019est film\u00e9 sur les r\u00e9seaux sociaux la veille de la f\u00eate de la musique en&hellip;\n","protected":false},"author":2,"featured_media":209298,"comment_status":"","ping_status":"","sticky":false,"template":"","format":"standard","meta":{"footnotes":""},"categories":[2],"tags":[47,1058,1054,1059,1060,1055,11,1057,118,1011,27,1061,2480,303,12,30156,1062,25,656,104,1056,809],"class_list":{"0":"post-209297","1":"post","2":"type-post","3":"status-publish","4":"format-standard","5":"has-post-thumbnail","7":"category-actualites","8":"tag-actualite","9":"tag-actualite-education","10":"tag-actualite-france","11":"tag-actualite-justice","12":"tag-actualite-securite","13":"tag-actualite-societe","14":"tag-actualites","15":"tag-education","16":"tag-faits-divers","17":"tag-fr","18":"tag-france","19":"tag-immigration","20":"tag-influenceurs","21":"tag-justice","22":"tag-news","23":"tag-piqures","24":"tag-polemique","25":"tag-republique-francaise","26":"tag-securite","27":"tag-societe","28":"tag-societe-francaise","29":"tag-violence"},"share_on_mastodon":{"url":"https:\/\/pubeurope.com\/@fr\/114757427790072722","error":""},"_links":{"self":[{"href":"https:\/\/www.europesays.com\/fr\/wp-json\/wp\/v2\/posts\/209297","targetHints":{"allow":["GET"]}}],"collection":[{"href":"https:\/\/www.europesays.com\/fr\/wp-json\/wp\/v2\/posts"}],"about":[{"href":"https:\/\/www.europesays.com\/fr\/wp-json\/wp\/v2\/types\/post"}],"author":[{"embeddable":true,"href":"https:\/\/www.europesays.com\/fr\/wp-json\/wp\/v2\/users\/2"}],"replies":[{"embeddable":true,"href":"https:\/\/www.europesays.com\/fr\/wp-json\/wp\/v2\/comments?post=209297"}],"version-history":[{"count":0,"href":"https:\/\/www.europesays.com\/fr\/wp-json\/wp\/v2\/posts\/209297\/revisions"}],"wp:featuredmedia":[{"embeddable":true,"href":"https:\/\/www.europesays.com\/fr\/wp-json\/wp\/v2\/media\/209298"}],"wp:attachment":[{"href":"https:\/\/www.europesays.com\/fr\/wp-json\/wp\/v2\/media?parent=209297"}],"wp:term":[{"taxonomy":"category","embeddable":true,"href":"https:\/\/www.europesays.com\/fr\/wp-json\/wp\/v2\/categories?post=209297"},{"taxonomy":"post_tag","embeddable":true,"href":"https:\/\/www.europesays.com\/fr\/wp-json\/wp\/v2\/tags?post=209297"}],"curies":[{"name":"wp","href":"https:\/\/api.w.org\/{rel}","templated":true}]}}