{"id":20930,"date":"2025-04-13T00:19:09","date_gmt":"2025-04-13T00:19:09","guid":{"rendered":"https:\/\/www.europesays.com\/fr\/20930\/"},"modified":"2025-04-13T00:19:09","modified_gmt":"2025-04-13T00:19:09","slug":"volodymyr-zelensky-confirme-la-mort-dun-pilote-ukrainien-abattu-aux-commandes-dun-f-16","status":"publish","type":"post","link":"https:\/\/www.europesays.com\/fr\/20930\/","title":{"rendered":"Volodymyr Zelensky confirme la mort d\u2019un pilote ukrainien, abattu aux commandes d\u2019un F-16"},"content":{"rendered":"<p>Ce samedi, un <a href=\"https:\/\/www.20minutes.fr\/monde\/ukraine\/\" class=\"color-ultramarine c-link\" target=\"_blank\" rel=\"noopener\">pilote ukrainien<\/a> de F-16 a \u00e9t\u00e9 tu\u00e9 au combat, a indiqu\u00e9 <a href=\"https:\/\/www.20minutes.fr\/dossier\/kiev\" class=\"color-ultramarine c-link\" target=\"_blank\" rel=\"noopener\">Kiev<\/a>, la deuxi\u00e8me perte de ce genre annonc\u00e9e par l\u2019Ukraine depuis la <a href=\"https:\/\/www.20minutes.fr\/monde\/daesh\/1664435-20150809-etats-unis-deploient-chasseurs-f-16-turquie-lutter-contre-daesh\" class=\"color-ultramarine c-link\" target=\"_blank\" rel=\"noopener\">livraison en\u00a02024<\/a> de ces pr\u00e9cieux avions de chasse de conception am\u00e9ricaine.<\/p>\n<p>\u00ab\u00a0Le 12 avril\u00a02025, Pavlo Ivanov, 26 ans, a \u00e9t\u00e9 tu\u00e9 alors qu\u2019il pilotait un F-16 lors d\u2019une mission de combat\u00a0\u00bb, a d\u00e9clar\u00e9 l\u2019arm\u00e9e de l\u2019air ukrainienne. \u00ab\u00a0Il a \u00e9t\u00e9 tu\u00e9 au combat en d\u00e9fendant sa patrie face aux envahisseurs\u00a0\u00bb russes, a poursuivi cette source, dans un communiqu\u00e9 publi\u00e9 sur <a href=\"https:\/\/www.20minutes.fr\/high-tech\/telegram\/\" class=\"color-ultramarine c-link\" target=\"_blank\" rel=\"noopener\">Telegram<\/a>.<\/p>\n<p>Volodymyr Zelensky pr\u00e9sente ses condol\u00e9ances \u00e0 la famille<\/p>\n<p>L\u2019arm\u00e9e ne pr\u00e9cise pas les circonstances exactes de sa mort, ni l\u2019\u00e9tat de son appareil, et affirme que \u00ab\u00a0les circonstances de la trag\u00e9die\u00a0\u00bb sont \u00e9tablies dans le cadre d\u2019une commission d\u2019enqu\u00eate.<\/p>\n<p>\u00ab\u00a0Quasi-quotidiennement, les pilotes de F-16 m\u00e8nent des missions de combat dans diff\u00e9rentes zones, dans des conditions incroyablement difficilement, pour couvrir des groupes menant des frappes a\u00e9riennes et pour frapper des cibles ennemies\u00a0\u00bb, pr\u00e9cise l\u2019arm\u00e9e.<\/p>\n<p>Dans un communiqu\u00e9 s\u00e9par\u00e9, le pr\u00e9sident ukrainien <a href=\"https:\/\/www.20minutes.fr\/monde\/volodymyr-zelensky\/\" class=\"color-ultramarine c-link\" target=\"_blank\" rel=\"noopener\">Volodymyr Zelensky<\/a> a pr\u00e9sent\u00e9 ses condol\u00e9ances \u00e0 la famille et \u00ab\u00a0aux fr\u00e8res d\u2019armes\u00a0\u00bb du pilote.<\/p>\n<p>Des chasseurs am\u00e9ricains livr\u00e9s en ao\u00fbt\u00a02024<\/p>\n<p>D\u00e9but ao\u00fbt\u00a02024, Kiev avait re\u00e7u son premier lot de chasseurs F-16 livr\u00e9s par ses alli\u00e9s occidentaux, apr\u00e8s avoir r\u00e9clam\u00e9 ces appareils pendant deux ans. Quelques jours plus tard, l\u2019arm\u00e9e avait indiqu\u00e9 qu\u2019un F-16 s\u2019\u00e9tait \u00e9cras\u00e9 en repoussant une attaque de missiles russes, tuant son pilote. C\u2019\u00e9tait jusqu\u2019\u00e0 pr\u00e9sent l\u2019unique perte d\u2019un pilote de F-16 annonc\u00e9e par Kiev.<\/p>\n<p>L\u2019arm\u00e9e les emploie notamment pour d\u00e9truire les missiles russes lanc\u00e9s constamment sur le territoire ukrainien depuis le d\u00e9but de l\u2019invasion en\u00a02022.<\/p>\n<\/p>\n<p>En f\u00e9vrier, l\u2019Ukraine a \u00e9galement re\u00e7u des <a href=\"https:\/\/www.20minutes.fr\/monde\/ukraine\/4079476-20240304-guerre-ukraine-pourquoi-mirage-2000-intercepte-plusieurs-russes-frontiere-pays-baltes\" class=\"color-ultramarine c-link\" target=\"_blank\" rel=\"noopener\">chasseurs fran\u00e7ais Mirage 2000<\/a>, qui sont \u00e9galement utilis\u00e9s pour repousser les vagues de bombardements russes.<\/p>\n<p>Dans la nuit de vendredi \u00e0 samedi, l\u2019arm\u00e9e de l\u2019air ukrainienne a affirm\u00e9 que Moscou avait lanc\u00e9 88 drones et drones-leurres sur son territoire, pr\u00e9cisant avoir repouss\u00e9 cette attaque avec l\u2019aviation, des missiles anti-a\u00e9riens et des brouilleurs \u00e9lectroniques.<\/p>\n","protected":false},"excerpt":{"rendered":"Ce samedi, un pilote ukrainien de F-16 a \u00e9t\u00e9 tu\u00e9 au combat, a indiqu\u00e9 Kiev, la deuxi\u00e8me perte&hellip;\n","protected":false},"author":2,"featured_media":20931,"comment_status":"","ping_status":"","sticky":false,"template":"","format":"standard","meta":{"footnotes":""},"categories":[1590],"tags":[47,11,37,7907,73,1777,674,131,74,12,132,2049,220,134],"class_list":{"0":"post-20930","1":"post","2":"type-post","3":"status-publish","4":"format-standard","5":"has-post-thumbnail","7":"category-ukraine","8":"tag-actualite","9":"tag-actualites","10":"tag-avion","11":"tag-chasseurs","12":"tag-etats-unis","13":"tag-eu","14":"tag-europe","15":"tag-guerre-en-ukraine","16":"tag-monde","17":"tag-news","18":"tag-russie","19":"tag-soldat","20":"tag-ukraine","21":"tag-volodymyr-zelensky"},"share_on_mastodon":{"url":"https:\/\/pubeurope.com\/@fr\/114327792077408227","error":""},"_links":{"self":[{"href":"https:\/\/www.europesays.com\/fr\/wp-json\/wp\/v2\/posts\/20930","targetHints":{"allow":["GET"]}}],"collection":[{"href":"https:\/\/www.europesays.com\/fr\/wp-json\/wp\/v2\/posts"}],"about":[{"href":"https:\/\/www.europesays.com\/fr\/wp-json\/wp\/v2\/types\/post"}],"author":[{"embeddable":true,"href":"https:\/\/www.europesays.com\/fr\/wp-json\/wp\/v2\/users\/2"}],"replies":[{"embeddable":true,"href":"https:\/\/www.europesays.com\/fr\/wp-json\/wp\/v2\/comments?post=20930"}],"version-history":[{"count":0,"href":"https:\/\/www.europesays.com\/fr\/wp-json\/wp\/v2\/posts\/20930\/revisions"}],"wp:featuredmedia":[{"embeddable":true,"href":"https:\/\/www.europesays.com\/fr\/wp-json\/wp\/v2\/media\/20931"}],"wp:attachment":[{"href":"https:\/\/www.europesays.com\/fr\/wp-json\/wp\/v2\/media?parent=20930"}],"wp:term":[{"taxonomy":"category","embeddable":true,"href":"https:\/\/www.europesays.com\/fr\/wp-json\/wp\/v2\/categories?post=20930"},{"taxonomy":"post_tag","embeddable":true,"href":"https:\/\/www.europesays.com\/fr\/wp-json\/wp\/v2\/tags?post=20930"}],"curies":[{"name":"wp","href":"https:\/\/api.w.org\/{rel}","templated":true}]}}