{"id":209305,"date":"2025-06-27T21:26:18","date_gmt":"2025-06-27T21:26:18","guid":{"rendered":"https:\/\/www.europesays.com\/fr\/209305\/"},"modified":"2025-06-27T21:26:18","modified_gmt":"2025-06-27T21:26:18","slug":"rugby-top-14-jai-fait-taire-certaines-personnes-camille-lopez-fier-de-sa-fin-de-carriere-a-bayonne","status":"publish","type":"post","link":"https:\/\/www.europesays.com\/fr\/209305\/","title":{"rendered":"Rugby \u2013 Top 14\u00a0: \u201cJ\u2019ai fait taire certaines personnes\u201d, Camille Lopez fier de sa fin de carri\u00e8re \u00e0 Bayonne"},"content":{"rendered":"<p>\u00c0\u00a036\u00a0ans, l\u2019enfant de Ch\u00e9raute raccroche les crampons avant d\u2019enfiler la tenue d\u2019entra\u00eeneur \u00e0 l\u2019Aviron. Cet \u00e9t\u00e9 2025 sera in\u00e9dit pour le d\u00e9sormais ex-demi d\u2019ouverture international (28 s\u00e9lections).<\/p>\n<p class=\"interview-question\">\u00c0 l\u2019issue de la demi-finale contre le Stade Toulousain, vous avez r\u00e9alis\u00e9 que c\u2019\u00e9tait votre \u00ab\u00a0der\u00a0\u00bb\u00a0?<\/p>\n<p class=\"interview-answer\">Forc\u00e9ment, \u00e7a a \u00e9t\u00e9 un moment sp\u00e9cial. Je n\u2019ai pas vraiment r\u00e9alis\u00e9 et je pense que je ne m\u2019en rends pas encore compte&#8230;<\/p>\n<p>\u00c0\u00a036\u00a0ans, l\u2019enfant de Ch\u00e9raute raccroche les crampons avant d\u2019enfiler la tenue d\u2019entra\u00eeneur \u00e0 l\u2019Aviron. Cet \u00e9t\u00e9 2025 sera in\u00e9dit pour le d\u00e9sormais ex-demi d\u2019ouverture international (28 s\u00e9lections).<\/p>\n<p class=\"interview-question\">\u00c0 l\u2019issue de la demi-finale contre le Stade Toulousain, vous avez r\u00e9alis\u00e9 que c\u2019\u00e9tait votre \u00ab\u00a0der\u00a0\u00bb\u00a0?<\/p>\n<p class=\"interview-answer\">Forc\u00e9ment, \u00e7a a \u00e9t\u00e9 un moment sp\u00e9cial. Je n\u2019ai pas vraiment r\u00e9alis\u00e9 et je pense que je ne m\u2019en rends pas encore compte. C\u2019est tout frais, et surtout, on a \u00e9t\u00e9 \u00e9limin\u00e9s, d\u00e9\u00e7us. C\u2019\u00e9tait avant tout la fin de saison de l\u2019\u00e9quipe, du groupe. Je suis encore dans cette dynamique. C\u2019est \u00e0 la reprise, quand les copains vont remettre les crampons pour aller s\u2019entra\u00eener, que je vais marquer le coup.<\/p>\n<p>        <img decoding=\"async\" id=\"25027280\" src=\"https:\/\/www.europesays.com\/fr\/wp-content\/uploads\/2025\/06\/enfantslopez-copie.jpg\" alt=\"Derni\u00e8re accolade sous le regard de ses enfants.\" itemprop=\"contentURL\"\/><\/p>\n<p>    Derni\u00e8re accolade sous le regard de ses enfants.<\/p>\n<p>Aviron Bayonnais<\/p>\n<p class=\"interview-question\">D\u2019ici l\u00e0, l\u2019intersaison sera in\u00e9dite\u2026<\/p>\n<p class=\"interview-answer\">C\u2019est s\u00fbr. J\u2019ai toujours fait attention, d\u2019autant plus que j\u2019avais un profil un peu atypique. Apr\u00e8s, \u00e7a fait des ann\u00e9es que j\u2019\u00e9tais dans le circuit et quand tu sors des saisons pleines avec pas mal de matches comme j\u2019ai eu la chance de faire, j\u2019\u00e9tais content de couper l\u2019\u00e9t\u00e9 m\u00eame si je savais qu\u2019il y avait une \u00ab\u00a0pr\u00e9pa\u00a0\u00bb derri\u00e8re et que j\u2019allais en baver parce que ce n\u2019est pas la partie que je pr\u00e9f\u00e9rais. Cette ann\u00e9e, je n\u2019aurais pas \u00e0 me dire dans un coin de ma t\u00eate \u00ab\u00a0fais attention, tu vas devoir courir \u00e0 la reprise fin juillet\u00a0\u00bb. Je serai plus lib\u00e9r\u00e9 de ce c\u00f4t\u00e9-l\u00e0, mais \u00e7a ne veut pas dire non plus que je peux me permettre de faire n\u2019importe quoi.<\/p>\n<p class=\"interview-question\">Qu\u2019avez-vous pr\u00e9vu pour cet \u00e9t\u00e9\u00a0?<\/p>\n<p class=\"interview-answer\">Du basique avec des vacances en famille.\u00a0Apr\u00e8s, avec les copains et mon entourage, on va faire le fameux programme de l\u2019\u00e9t\u00e9\u00a0: les f\u00eates de Pampelune, de Bayonne\u2026 Je vais pouvoir profiter plus facilement de ces \u00e9v\u00e9nements.<\/p>\n<p class=\"interview-question\">Une demi-finale avec l\u2019Aviron, est-ce que c\u2019est la saison presque r\u00eav\u00e9e pour votre derni\u00e8re\u00a0?<\/p>\n<p class=\"interview-answer\">On peut r\u00eaver mieux, l\u2019id\u00e9al, \u00e7a aurait \u00e9t\u00e9 qu\u2019on monte \u00e0 Paris (rires), mais cette saison est extraordinaire. Arriver en demi-finale avec ce club, franchement, c\u2019\u00e9tait inesp\u00e9r\u00e9 quand j\u2019ai d\u00e9barqu\u00e9 il y a trois ans\u00a0: l\u2019Aviron venait de remonter de Pro D2 apr\u00e8s avoir fait pas mal le yo-yo avec le Top 14.<\/p>\n<p class=\"interview-answer\">On ne s\u2019imaginait pas vivre cette aventure mais, quand tu vois l\u2019\u00e9volution du club ces trois derni\u00e8res ann\u00e9es, que ce soit au niveau de l\u2019effectif, des infrastructures avec le centre d\u2019entra\u00eenement, le stade qui prend une autre dimension\u2026 Le Top 14, c\u2019est tellement complexe que ce n\u2019\u00e9tait pas logique que l\u2019Aviron soit \u00e0 cette place-l\u00e0 mais on s\u2019est donn\u00e9 le droit de r\u00eaver en \u00e9tant 4e une bonne partie de la saison.<\/p>\n<p>        <img decoding=\"async\" id=\"25027268\" src=\"https:\/\/www.europesays.com\/fr\/wp-content\/uploads\/2025\/06\/000-par7519009.jpg\" alt=\"Camille Lopez en mars 2013 sous les couleurs de l\u2019Union Bordeaux-B\u00e8gles.\" itemprop=\"contentURL\"\/><\/p>\n<p>    Camille Lopez en mars 2013 sous les couleurs de l\u2019Union Bordeaux-B\u00e8gles.<\/p>\n<p>AFP<\/p>\n<p class=\"interview-question\">Votre bilan \u00e0 Bayonne est plus que positif\u2026<\/p>\n<p class=\"interview-answer\">Oui, que ce soit sur un plan personnel et surtout collectivement. L\u2019important, c\u2019est le collectif, le club, l\u2019institution. Ces trois derni\u00e8res ann\u00e9es sont positives, maintenant, le plus dur reste \u00e0 faire\u00a0: rester r\u00e9gulier, dans des standards de niveau \u00e9lev\u00e9. On a go\u00fbt\u00e9 aux phases finales, le but ce serait que le club en revive un maximum. Mais, je connais la complexit\u00e9 de ce Top 14 et on a l\u2019exemple parfait cette saison avec le Stade Fran\u00e7ais, demi-finaliste 2024 et qui a fini \u00e0 deux doigts de jouer un acces-match (pour le maintien, NDLR).<\/p>\n<p class=\"interview-answer\">Ce championnat, il est fou, la difficult\u00e9 sera de trouver cette forme de constance comme le font les grands clubs. On a \u00e9t\u00e9 capable de le faire une fois, il va falloir le reproduire m\u00eame si on ne peut pas encore se comparer \u00e0 des \u00e9quipes comme le Stade Toulousain ou Bordeaux-B\u00e8gles. J\u2019esp\u00e8re qu\u2019un jour on pourra se dire en commen\u00e7ant le championnat que \u00ab\u00a0si on est s\u00e9rieux, normalement, on va \u00eatre dans les six\u00a0\u00bb, mais on n\u2019est pas encore \u00e0 ce niveau-l\u00e0. C\u2019est pour \u00e7a qu\u2019il faut faire attention, on peut \u00eatre vite remis \u00e0 d\u2019autres places.<\/p>\n<p>        <img decoding=\"async\" id=\"25027196\" src=\"https:\/\/www.europesays.com\/fr\/wp-content\/uploads\/2025\/06\/rep-523-hd2339.jpg\" alt=\"Camille Lopez, ici lors du Tournoi des six nations 2017 o\u00f9 il a termin\u00e9 meilleur r\u00e9alisateur avec 67 points.\" itemprop=\"contentURL\"\/><\/p>\n<p>    Camille Lopez, ici lors du Tournoi des six nations 2017 o\u00f9 il a termin\u00e9 meilleur r\u00e9alisateur avec 67 points.<\/p>\n<p>AFP<\/p>\n<p class=\"interview-question\">Pour un Souletin, c\u2019est d\u2019autant plus satisfaisant d\u2019avoir fini \u00e0 Bayonne avec un tel bilan\u00a0?<\/p>\n<p class=\"interview-answer\">Avec ma femme, on est du m\u00eame village. On avait \u00e0 c\u0153ur de rentrer au Pays basque pour que nos enfants y vivent ce qu\u2019on a v\u00e9cu m\u00eame si \u00e7a a \u00e9volu\u00e9 et que c\u2019est diff\u00e9rent. On voulait qu\u2019ils retrouvent ces valeurs qu\u2019on a au Pays basque et pour moi, c\u2019\u00e9tait important de jouer ici dans le monde professionnel avant de m\u2019arr\u00eater. J\u2019ai eu la chance d\u2019int\u00e9grer ce club qui a un gros ancrage dans le territoire et des ambitions. Certaines personnes s\u2019imaginaient que Camille Lopez allait venir en pr\u00e9retraite \u00e0 l\u2019Aviron Bayonnais. Or, j\u2019ai toujours \u00e9t\u00e9 comp\u00e9titeur, avec du mental et du caract\u00e8re, et je suis content, avec m\u00eame une petite part de fiert\u00e9, d\u2019avoir fait taire ceux qui ont parl\u00e9 sur moi. Je ne leur en veux pas, c\u2019est le sport national de parler. Surtout chez nous (rires).<\/p>\n<p>        <img decoding=\"async\" id=\"25027255\" src=\"https:\/\/www.europesays.com\/fr\/wp-content\/uploads\/2025\/06\/000-par7637130.jpg\" alt=\"Camille Lopez en ao\u00fbt 2018, sous le maillot de l\u2019USAP. \" itemprop=\"contentURL\"\/><\/p>\n<p>    Camille Lopez en ao\u00fbt 2018, sous le maillot de l\u2019USAP. <\/p>\n<p>AFP<\/p>\n<p class=\"interview-question\">Quel r\u00f4le allez-vous endosser au sein du club \u00e0 la reprise\u00a0?<\/p>\n<p class=\"interview-answer\">Je vais int\u00e9grer le staff des pros qui est tr\u00e8s participatif, je vais aussi suivre une formation pour passer mon DE (Dipl\u00f4me d\u2019\u00c9tat, NDLR) et j\u2019aurai un r\u00f4le transversal avec les jeunes. J\u2019aurai donc plusieurs missions aupr\u00e8s des pros et de l\u2019asso.<\/p>\n<p class=\"interview-question\">\u00c7a vous tenait \u00e0 c\u0153ur de basculer directement dans le coaching\u00a0?<\/p>\n<p class=\"interview-answer\">Oui, parce que je suis passionn\u00e9 de ce sport. J\u2019ai envie d\u2019essayer, mais ce n\u2019est pas parce que j\u2019ai fait une carri\u00e8re de joueur \u00e0 un certain niveau que je vais forc\u00e9ment r\u00e9ussir \u00e0 cocher les cases de l\u2019entra\u00eeneur. On va voir si je suis fait pour \u00e7a ou pas.<\/p>\n<p>        <img decoding=\"async\" id=\"25027238\" src=\"https:\/\/www.europesays.com\/fr\/wp-content\/uploads\/2025\/06\/2014-11-06-00-49-1-53637.jpg\" alt=\"Camille Lopez sous le maillot de Maul\u00e9on en novembre 2014.\" itemprop=\"contentURL\"\/><\/p>\n<p>    Camille Lopez sous le maillot de Maul\u00e9on en novembre 2014.<\/p>\n<p>Jean-Louis Belhartz<\/p>\n<p class=\"interview-question\">\u00c0 une \u00e9poque, vous esp\u00e9riez faire une derni\u00e8re saison au SA Maul\u00e9on. C\u2019est un regret\u00a0?<\/p>\n<p class=\"interview-answer\">Non, parce qu\u2019il est temps pour moi que \u00e7a s\u2019arr\u00eate. Mentalement, physiquement, \u00e7\u2019a \u00e9t\u00e9 \u00e9puisant. Je suis toujours attach\u00e9 au club de Maul\u00e9on, je le serai toujours, et je crois que les gens en place font du bon travail. Bien s\u00fbr que l\u2019histoire aurait \u00e9t\u00e9 belle si j\u2019avais des potes de ma g\u00e9n\u00e9ration encore en train de jouer. On aurait pu avoir ce \u00ab\u00a0kif\u00a0\u00bb de faire une derni\u00e8re saison ensemble, mais ils ont arr\u00eat\u00e9. On a tous maintenant construit nos familles. Apr\u00e8s, je continuerai \u00e0 d\u00e9fendre haut et fort mon club de toujours.<\/p>\n<p>        <img decoding=\"async\" id=\"25027190\" src=\"https:\/\/www.europesays.com\/fr\/wp-content\/uploads\/2025\/06\/rep-551-hd2529.jpg\" alt=\"Pour Camille Lopez (\u00e0 gauche), ici avec Arthur Iturria (\u00e0 droite), le meilleur souvenir de sa riche carri\u00e8re, c\u2019est le Bouclier de Brennus remport\u00e9 en 2017 avec Clermont.\" itemprop=\"contentURL\"\/><\/p>\n<p>    Pour Camille Lopez (\u00e0 gauche), ici avec Arthur Iturria (\u00e0 droite), le meilleur souvenir de sa riche carri\u00e8re, c\u2019est le Bouclier de Brennus remport\u00e9 en 2017 avec Clermont.<\/p>\n<p>AFP<\/p>\n<p class=\"interview-question\">Si vous deviez retenir un seul souvenir de votre riche carri\u00e8re\u00a0?<\/p>\n<p class=\"interview-answer\">J\u2019ai eu la chance de vivre plein de choses, c\u2019est dur de ne retenir qu\u2019un moment marquant mais, en tant que fan de rugby depuis tout gamin, c\u2019est le Brennus avec Clermont. Ce troph\u00e9e repr\u00e9sente \u00e9norm\u00e9ment pour moi. J\u2019ai eu la chance de le toucher, de le lever, \u00e7\u2019a \u00e9t\u00e9 un sentiment incroyable.<\/p>\n<p>    Ligne de vie<br \/>\n<strong>36\u00a0ans. <\/strong>N\u00e9 le 3\u00a0avril 1989 \u00e0 Oloron-Sainte Marie. Mari\u00e9, trois enfants.<br \/><strong>Carri\u00e8re de joueur\u00a0:<\/strong> Maul\u00e9on, Bordeaux-B\u00e8gles (2009-2013), Perpignan (2013-2014), Clermont (2014-2022), Bayonne (2022-2025).<br \/><strong>Palmar\u00e8s chez les pros\u00a0: <\/strong>champion de France 2017 en Top 14, finaliste en 2015 et 2019. Vainqueur du Challenge europ\u00e9en 2019, finaliste de la Coupe d\u2019Europe 2015 et 2017, le tout avec Clermont. Meilleur r\u00e9alisateur du Tournoi des 6 nations 2017 (avec 67 pts).<br \/><strong>International\u00a0: <\/strong>28 s\u00e9lections avec le XV de France.<\/p>\n","protected":false},"excerpt":{"rendered":"\u00c0\u00a036\u00a0ans, l\u2019enfant de Ch\u00e9raute raccroche les crampons avant d\u2019enfiler la tenue d\u2019entra\u00eeneur \u00e0 l\u2019Aviron. Cet \u00e9t\u00e9 2025 sera&hellip;\n","protected":false},"author":2,"featured_media":209306,"comment_status":"","ping_status":"","sticky":false,"template":"","format":"standard","meta":{"footnotes":""},"categories":[1416],"tags":[1011,27,479,1468,60],"class_list":{"0":"post-209305","1":"post","2":"type-post","3":"status-publish","4":"format-standard","5":"has-post-thumbnail","7":"category-rugby","8":"tag-fr","9":"tag-france","10":"tag-rugby","11":"tag-rugby-football","12":"tag-sports"},"share_on_mastodon":{"url":"https:\/\/pubeurope.com\/@fr\/114757447683172247","error":""},"_links":{"self":[{"href":"https:\/\/www.europesays.com\/fr\/wp-json\/wp\/v2\/posts\/209305","targetHints":{"allow":["GET"]}}],"collection":[{"href":"https:\/\/www.europesays.com\/fr\/wp-json\/wp\/v2\/posts"}],"about":[{"href":"https:\/\/www.europesays.com\/fr\/wp-json\/wp\/v2\/types\/post"}],"author":[{"embeddable":true,"href":"https:\/\/www.europesays.com\/fr\/wp-json\/wp\/v2\/users\/2"}],"replies":[{"embeddable":true,"href":"https:\/\/www.europesays.com\/fr\/wp-json\/wp\/v2\/comments?post=209305"}],"version-history":[{"count":0,"href":"https:\/\/www.europesays.com\/fr\/wp-json\/wp\/v2\/posts\/209305\/revisions"}],"wp:featuredmedia":[{"embeddable":true,"href":"https:\/\/www.europesays.com\/fr\/wp-json\/wp\/v2\/media\/209306"}],"wp:attachment":[{"href":"https:\/\/www.europesays.com\/fr\/wp-json\/wp\/v2\/media?parent=209305"}],"wp:term":[{"taxonomy":"category","embeddable":true,"href":"https:\/\/www.europesays.com\/fr\/wp-json\/wp\/v2\/categories?post=209305"},{"taxonomy":"post_tag","embeddable":true,"href":"https:\/\/www.europesays.com\/fr\/wp-json\/wp\/v2\/tags?post=209305"}],"curies":[{"name":"wp","href":"https:\/\/api.w.org\/{rel}","templated":true}]}}