{"id":209309,"date":"2025-06-27T21:28:17","date_gmt":"2025-06-27T21:28:17","guid":{"rendered":"https:\/\/www.europesays.com\/fr\/209309\/"},"modified":"2025-06-27T21:28:17","modified_gmt":"2025-06-27T21:28:17","slug":"sauf-blessure-victor-wembanyama-sera-present-a-leurobasket-2025-assure-le-president-de-la-ffbb","status":"publish","type":"post","link":"https:\/\/www.europesays.com\/fr\/209309\/","title":{"rendered":"\u00ab\u00a0Sauf blessure\u00a0\u00bb, Victor Wembanyama sera pr\u00e9sent \u00e0 l&rsquo;EuroBasket 2025 assure le Pr\u00e9sident de la FFBB"},"content":{"rendered":"<p style=\"text-align:justify\"><strong>Si l\u2019EuroBasket est encore dans quelques mois, la question de la disponibilit\u00e9 de chacun des joueurs ne va pas tarder \u00e0 se poser et donc celle de Victor Wembanyama. Selon le Pr\u00e9sident de la FFBB, Wemby devrait \u00eatre pr\u00e9sent, s\u2019il n\u2019a pas de souci de sant\u00e9.<\/strong><\/p>\n<p style=\"text-align:justify\"><a target=\"_blank\" rel=\"noopener\" href=\"https:\/\/trashtalk.co\/2024\/08\/10\/france-team-usa-87-98-la-marche-etait-trop-haute-pour-les-bleus-les-avengers-champions-olympiques\/\">Apr\u00e8s l\u2019incroyable \u00e9pop\u00e9e olympique \u00e0 Paris<\/a>, les Bleus vont remettre le couvert d\u00e8s le 27 ao\u00fbt prochain \u00e0 l\u2019occasion de l\u2019EuroBasket 2025.<\/p>\n<p style=\"text-align:justify\">Une comp\u00e9tition qui devrait se faire avec Victor Wembanyama, si on en croit les propos du nouveau Pr\u00e9sident de la F\u00e9d\u00e9ration Fran\u00e7aise de Basket, Jean-Pierre Hunckler dans un entretien r\u00e9alis\u00e9 avec <a target=\"_blank\" rel=\"noopener\" href=\"https:\/\/www.leprogres.fr\/sport\/2025\/01\/25\/jean-pierre-hunckler-sauf-blessure-victor-wembanyama-m-a-assure-qu-il-serait-a-l-euro\">le journal Le Point.<\/a><\/p>\n<blockquote>\n<p>\u201cIl m\u2019a assur\u00e9 que, sauf blessure, il serait pr\u00e9sent pour l\u2019Euro 2025.\u201d Jean-Pierre Hunckler<\/p>\n<\/blockquote>\n<p style=\"text-align:justify\">Une bonne nouvelle pour nous Fran\u00e7ais, mais aussi pour <a target=\"_blank\" rel=\"noopener\" href=\"https:\/\/trashtalk.co\/2024\/09\/25\/frederic-fauthoux-est-le-nouveau-selectionneur-de-lequipe-de-france-masculine\/\">Fr\u00e9d\u00e9ric Fauthoux, le nouveau s\u00e9lectionneur des Bleus<\/a> qui va vivre sa premi\u00e8re comp\u00e9tition officielle \u00e0 la t\u00eate de l\u2019\u00c9quipe de France.<\/p>\n<p style=\"text-align:justify\">Quoi de mieux pour bien commencer son \u00e9pop\u00e9e tricolore que de compter sur un prospect g\u00e9n\u00e9rationnel qui retourne absolument tout en NBA ?<\/p>\n<p style=\"text-align:justify\">Bien s\u00fbr \u2013 \u00e0 l\u2019heure o\u00f9 ces lignes sont \u00e9crites \u2013 la pr\u00e9sence de Wemby n\u2019est pas officielle \u00e0 100%. Jean-Pierre Hunckler pr\u00e9cise bien que s\u2019il y a des contraintes physiques, l\u2019Alien ne pourra pas \u00eatre au rendez-vous, mais une chose est s\u00fbre : Victor Wembanyama ne veut pas faire l\u2019impasse sur l\u2019\u00e9quipe de France.<\/p>\n<blockquote>\n<p style=\"text-align:justify\">\u201cOn a la chance d\u2019avoir un jeune joueur qui a la t\u00eate sur les \u00e9paules et qui pense au basket fran\u00e7ais ainsi qu\u2019\u00e0 son d\u00e9veloppement.\u201d Jean-Pierre Hunckler<\/p>\n<\/blockquote>\n<p>Source texte : Le Progr\u00e8s<\/p>\n","protected":false},"excerpt":{"rendered":"Si l\u2019EuroBasket est encore dans quelques mois, la question de la disponibilit\u00e9 de chacun des joueurs ne va&hellip;\n","protected":false},"author":2,"featured_media":209310,"comment_status":"","ping_status":"","sticky":false,"template":"","format":"standard","meta":{"footnotes":""},"categories":[1414],"tags":[1465,1464,1011,27,60],"class_list":{"0":"post-209309","1":"post","2":"type-post","3":"status-publish","4":"format-standard","5":"has-post-thumbnail","7":"category-basket","8":"tag-basket","9":"tag-basketball","10":"tag-fr","11":"tag-france","12":"tag-sports"},"share_on_mastodon":{"url":"https:\/\/pubeurope.com\/@fr\/114757455309350116","error":""},"_links":{"self":[{"href":"https:\/\/www.europesays.com\/fr\/wp-json\/wp\/v2\/posts\/209309","targetHints":{"allow":["GET"]}}],"collection":[{"href":"https:\/\/www.europesays.com\/fr\/wp-json\/wp\/v2\/posts"}],"about":[{"href":"https:\/\/www.europesays.com\/fr\/wp-json\/wp\/v2\/types\/post"}],"author":[{"embeddable":true,"href":"https:\/\/www.europesays.com\/fr\/wp-json\/wp\/v2\/users\/2"}],"replies":[{"embeddable":true,"href":"https:\/\/www.europesays.com\/fr\/wp-json\/wp\/v2\/comments?post=209309"}],"version-history":[{"count":0,"href":"https:\/\/www.europesays.com\/fr\/wp-json\/wp\/v2\/posts\/209309\/revisions"}],"wp:featuredmedia":[{"embeddable":true,"href":"https:\/\/www.europesays.com\/fr\/wp-json\/wp\/v2\/media\/209310"}],"wp:attachment":[{"href":"https:\/\/www.europesays.com\/fr\/wp-json\/wp\/v2\/media?parent=209309"}],"wp:term":[{"taxonomy":"category","embeddable":true,"href":"https:\/\/www.europesays.com\/fr\/wp-json\/wp\/v2\/categories?post=209309"},{"taxonomy":"post_tag","embeddable":true,"href":"https:\/\/www.europesays.com\/fr\/wp-json\/wp\/v2\/tags?post=209309"}],"curies":[{"name":"wp","href":"https:\/\/api.w.org\/{rel}","templated":true}]}}