{"id":209315,"date":"2025-06-27T21:31:10","date_gmt":"2025-06-27T21:31:10","guid":{"rendered":"https:\/\/www.europesays.com\/fr\/209315\/"},"modified":"2025-06-27T21:31:10","modified_gmt":"2025-06-27T21:31:10","slug":"cyclisme-championnats-du-danemark-premier-titre-sur-le-contre-la-montre-pour-mads-pedersen","status":"publish","type":"post","link":"https:\/\/www.europesays.com\/fr\/209315\/","title":{"rendered":"Cyclisme. Championnats du Danemark &#8211; Premier titre sur le contre-la-montre pour Mads Pedersen"},"content":{"rendered":"<p>D\u00e9j\u00e0 sacr\u00e9 champion du Danemark sur route en 2017, <strong>Mads Pedersen<\/strong> ajoute une nouvelle ligne de prestige \u00e0 son palmar\u00e8s. Ce jeudi, le coureur de <strong>Lidl-Trek<\/strong> s\u2019est impos\u00e9 lors du championnat national du contre-la-montre, disput\u00e9 \u00e0 Aalborg sur un parcours long de 41 kilom\u00e8tres. Son premier titre sur l&rsquo;\u00e9preuve en solitaire !<\/p>\n<p>Vid\u00e9o &#8211; Mads Pedersen, maillot cyclamen du dernier Giro d&rsquo;Italia Lire la suite de l&rsquo;article&#13;<\/p>\n<p>\u00a0<\/p>\n<p>&#13;<br \/>\n<strong>Emma Norsgaard battue chez les Femmes<\/strong>&#13;<\/p>\n<p>Favori annonc\u00e9 de l\u2019\u00e9preuve, le coureur de 29 ans a tenu son rang en bouclant le parcours en 47 minutes et 11 secondes, devan\u00e7ant de 25 secondes <strong>Niklas Larsen<\/strong>, d\u00e9sormais membre de l\u2019\u00e9quipe continentale <strong>BHS-PL Beton Bornholm<\/strong>. Le podium est compl\u00e9t\u00e9 par <strong>Kasper Asgreen <\/strong>(EF Education-EasyPost), qui termine \u00e0 44 secondes du vainqueur, mais surtout sous la menace du jeune espoir <strong>Albert Withen Philipsen<\/strong> (Lidl-Trek), quatri\u00e8me \u00e0 seulement 2 secondes du sp\u00e9cialiste du chrono.<\/p>\n<p>&#13;<\/p>\n<p>Chez les dames, le titre a \u00e9t\u00e9 remport\u00e9 par <strong>Rebecca Koerner<\/strong> (Uno-X Mobility). Sur les 26,8\u202fkm du parcours, elle a\u00a0r\u00e9alis\u00e9 un temps de 35\u201921\u201d, s\u2019imposant avec 23\u202f secondes d\u2019avance sur la tenante du titre\u00a0<strong>Emma Norsgaard<\/strong> (Lidl\u2011Trek) et 1\u201940\u201d sur\u00a0<strong>Louise Norman Hansen<\/strong> (Team Aalborg-Sparekassen Danmark Dame).<\/p>\n<p>Championnats du Danemark &#8211; CLM Femmes &#8211; Classement g\u00e9n\u00e9ralChampionnats du Danemark &#8211; CLM Hommes &#8211; Classement g\u00e9n\u00e9ral<\/p>\n","protected":false},"excerpt":{"rendered":"D\u00e9j\u00e0 sacr\u00e9 champion du Danemark sur route en 2017, Mads Pedersen ajoute une nouvelle ligne de prestige \u00e0&hellip;\n","protected":false},"author":2,"featured_media":209316,"comment_status":"","ping_status":"","sticky":false,"template":"","format":"standard","meta":{"footnotes":""},"categories":[1411],"tags":[34830,1154,207,211,1011,27,209,60,210,212,208,213],"class_list":{"0":"post-209315","1":"post","2":"type-post","3":"status-publish","4":"format-standard","5":"has-post-thumbnail","7":"category-cyclisme","8":"tag-championnats-du-danemark","9":"tag-cycling","10":"tag-cyclisme","11":"tag-ffc","12":"tag-fr","13":"tag-france","14":"tag-route","15":"tag-sports","16":"tag-tour-de-france","17":"tag-uci","18":"tag-velo","19":"tag-world-tour"},"share_on_mastodon":{"url":"https:\/\/pubeurope.com\/@fr\/114757467137631730","error":""},"_links":{"self":[{"href":"https:\/\/www.europesays.com\/fr\/wp-json\/wp\/v2\/posts\/209315","targetHints":{"allow":["GET"]}}],"collection":[{"href":"https:\/\/www.europesays.com\/fr\/wp-json\/wp\/v2\/posts"}],"about":[{"href":"https:\/\/www.europesays.com\/fr\/wp-json\/wp\/v2\/types\/post"}],"author":[{"embeddable":true,"href":"https:\/\/www.europesays.com\/fr\/wp-json\/wp\/v2\/users\/2"}],"replies":[{"embeddable":true,"href":"https:\/\/www.europesays.com\/fr\/wp-json\/wp\/v2\/comments?post=209315"}],"version-history":[{"count":0,"href":"https:\/\/www.europesays.com\/fr\/wp-json\/wp\/v2\/posts\/209315\/revisions"}],"wp:featuredmedia":[{"embeddable":true,"href":"https:\/\/www.europesays.com\/fr\/wp-json\/wp\/v2\/media\/209316"}],"wp:attachment":[{"href":"https:\/\/www.europesays.com\/fr\/wp-json\/wp\/v2\/media?parent=209315"}],"wp:term":[{"taxonomy":"category","embeddable":true,"href":"https:\/\/www.europesays.com\/fr\/wp-json\/wp\/v2\/categories?post=209315"},{"taxonomy":"post_tag","embeddable":true,"href":"https:\/\/www.europesays.com\/fr\/wp-json\/wp\/v2\/tags?post=209315"}],"curies":[{"name":"wp","href":"https:\/\/api.w.org\/{rel}","templated":true}]}}