{"id":209328,"date":"2025-06-27T21:38:12","date_gmt":"2025-06-27T21:38:12","guid":{"rendered":"https:\/\/www.europesays.com\/fr\/209328\/"},"modified":"2025-06-27T21:38:12","modified_gmt":"2025-06-27T21:38:12","slug":"ces-cinq-films-francais-font-partie-des-100-meilleurs-du-xxie-siecle-dapres-le-new-york-times","status":"publish","type":"post","link":"https:\/\/www.europesays.com\/fr\/209328\/","title":{"rendered":"Ces cinq films fran\u00e7ais font partie des 100\u00a0meilleurs du XXIe\u00a0si\u00e8cle d\u2019apr\u00e8s le \u00ab\u00a0New York Times\u00a0\u00bb"},"content":{"rendered":"<p>        <img decoding=\"async\" loading=\"lazy\" src=\"https:\/\/www.europesays.com\/fr\/wp-content\/uploads\/2025\/06\/90bca0e_1705592053694-capture-d-a-cran-2024-01-18-162451.png\"  width=\"728\" height=\"409\" alt=\"Le film \u00ab\u00a0Anatomie d\u2019une chute\u00a0\u00bb de Justine Triet avec Sandra H\u00fcller est dans la liste des 100\u00a0meilleurs films du XXIe si\u00e8cle pour le New York Times. \"\/>  <\/p>\n<p>LES FILMS PELL\u00c9AS \/LES FILMS DE PIERRE<\/p>\n<p>Le film \u00ab\u00a0Anatomie d\u2019une chute\u00a0\u00bb de Justine Triet avec Sandra H\u00fcller est dans la liste des 100\u00a0meilleurs films du XXIe si\u00e8cle pour le New York Times. <\/p>\n<p class=\"asset asset-text\">CINEMA &#8211;\u00a0Depuis 25\u00a0ans, des dizaines de <a href=\"https:\/\/www.huffingtonpost.fr\/culture\/article\/voir-denis-villeneuve-realiser-le-prochain-james-bond-est-en-fait-tout-sauf-une-surprise_251845.html\" target=\"_blank\" rel=\"noopener\">milliers de films<\/a> sont sortis en salle. On a ri, pleur\u00e9, sursaut\u00e9, et on s\u2019est aussi parfois ennuy\u00e9. Faire la liste des <a href=\"https:\/\/www.huffingtonpost.fr\/culture\/article\/dans-dune-2-timothee-chalamet-n-est-plus-le-seul-personnage-principal-et-c-est-tant-mieux-clx1_230383.html\" target=\"_blank\" rel=\"noopener\">10\u00a0meilleurs films <\/a>qu\u2019on a vus dans l\u2019ann\u00e9e, passe encore. Faire la liste des 100\u00a0meilleurs films qu\u2019on a vus ces 25\u00a0derni\u00e8res ann\u00e9es en revanche, c\u2019est une autre paire de manches.<\/p>\n<p class=\"asset asset-text\">Nos confr\u00e8res du <a href=\"https:\/\/www.nytimes.com\/interactive\/2025\/movies\/best-movies-21st-century.html\" target=\"_blank\" rel=\"noopener\" title=\"Nouvelle fen\u00eatre\">New York Times <\/a>se sont lanc\u00e9s dans ce chantier pharaonique. Il en ressort une liste tr\u00e8s disparate, dans laquelle figurent cinq films fran\u00e7ais. Et c\u2019est m\u00eame une r\u00e9alisatrice fran\u00e7aise qui se taille la part du lion en arrivant devant ses homologues masculins.<\/p>\n<p>       \u2022 88e place\u00a0: Les Glaneurs et la Glaneuse\u00a0d\u2019Agn\u00e8s Varda (2001)    <\/p>\n<p class=\"asset asset-text\">Le film documentaire suit la r\u00e9alisatrice dans ses rencontres avec celles et ceux qui ramassent sur le sol ce qu\u2019il reste apr\u00e8s les r\u00e9coltes. Des hommes et des femmes souvent dans le besoin, ou mus par une d\u00e9marche \u00e9cologique, marginaux, agriculteurs ou artistes, qui vivent de ce ramassage.<\/p>\n<p>    \u2022 41e place\u00a0: Le Fabuleux Destin d\u2019Am\u00e9lie Poulain de Jean-Pierre Jeunet (2001)    <\/p>\n<p class=\"asset asset-text\">Le film culte n\u2019est plus \u00e0 pr\u00e9senter. La com\u00e9die romantique qui a notamment r\u00e9v\u00e9l\u00e9 Audrey Tautou et Mathieu Kassovitz, est ressortie en salles en 2024\u00a0\u00e0 l\u2019occasion des jeux Olympiques de Paris. Sa <a href=\"https:\/\/www.huffingtonpost.fr\/culture\/article\/amelie-poulain-ressort-au-cinema-et-l-histoire-de-sa-bo-est-moins-fabuleuse-que-celle-de-son-heroine_237273.html\" target=\"_blank\" rel=\"noopener\">bande originale compos\u00e9e par Yann Tiersen<\/a> est aussi c\u00e9l\u00e8bre que le film lui-m\u00eame.<\/p>\n<p>                     \u2022 38e place\u00a0: Portrait de la jeune fille en feu\u00a0de C\u00e9line Sciamma (2019)    <\/p>\n<p class=\"asset asset-text\">Le long-m\u00e9trage avec <a href=\"https:\/\/www.huffingtonpost.fr\/culture\/article\/apres-la-nuit-sur-france-2-une-serie-sur-le-viol-pour-laquelle-une-phrase-d-adele-haenel-a-joue-un-role-cle_247246.html\" target=\"_blank\" rel=\"noopener\">Ad\u00e8le Haenel<\/a> et No\u00e9mie Merlant suit une histoire d\u2019amour entre deux femmes en Bretagne au XVIIIe\u00a0si\u00e8cle. Il a re\u00e7u le prix du sc\u00e9nario \u00e0 Cannes, ainsi que 10\u00a0nominations aux C\u00e9sar.<\/p>\n<p>    \u2022 35e place\u00a0: Un proph\u00e8te de <a href=\"https:\/\/www.huffingtonpost.fr\/culture\/article\/jacques-audiard-ne-risque-pas-d-oublier-la-campagne-des-oscars-une-guerre-ouverte_247351.html\" target=\"_blank\" rel=\"noopener\">Jacques Audiard<\/a> (2009)    <\/p>\n<p class=\"asset asset-text\">Le film qui a r\u00e9v\u00e9l\u00e9 Tahar Rahim suit la relation en prison entre un jeune d\u00e9linquant et le chef d\u2019un clan de mafieux corse interpr\u00e9t\u00e9 par Niels Arestrup. Le film a re\u00e7u 9\u00a0C\u00e9sar, un Bafta et le grand prix du festival de Cannes.<\/p>\n<p>    \u2022 26e place\u00a0: Anatomie d\u2019une chute de Justine Triet (2023)    <\/p>\n<p class=\"asset asset-text\">La Palme d\u2019or du festival de Cannes 2023\u00a0figure \u00e9videmment dans la liste. Le film proc\u00e8s avec Sandra H\u00fcller et <a href=\"https:\/\/www.huffingtonpost.fr\/people\/article\/anatomie-d-une-chute-swann-arlaud-pense-savoir-pourquoi-il-est-devenu-un-sex-symbol-aux-etats-unis_229404.html\" target=\"_blank\" rel=\"noopener\">Swann Arlaud <\/a>suit le proc\u00e8s d\u2019une femme accus\u00e9e du meurtre de son mari. Il a r\u00e9colt\u00e9 deux Golden Globes, un Bafta, un Goya, 6\u00a0C\u00e9sar et un Oscar.<\/p>\n<p class=\"asset asset-text\">Enfin, s\u2019il ne figure pas officiellement dans la liste car il a \u00e9t\u00e9 produit majoritairement par un studio am\u00e9ricain, tourn\u00e9 en langue anglaise et avec des acteurs am\u00e9ricains, on peut tout de m\u00eame mentionner Eternal Sunshine of the Spotless Mind de Michel Gondry (2004) qui figure dans le top 10\u00a0du classement des 100\u00a0meilleurs films du XXIe\u00a0si\u00e8cle d\u2019apr\u00e8s le New York Times.<\/p>\n<p>    Le top 20\u00a0des meilleurs films du si\u00e8cle d\u2019apr\u00e8s le NYT    <\/p>\n<p class=\"asset asset-text\">20\u00a0: Le Loup de Wall Street de Martin Scorsese<br \/>19\u00a0: Zodiac de David Fincher<br \/>18\u00a0: Y tu mam\u00e1 tambi\u00e9n d\u2019Alfonso Cuar\u00f3n<br \/>17\u00a0: Le secret de Brokeback Mountain d\u2019Ang Lee<br \/>16\u00a0: Tigre et Dragon d\u2019Ang Lee<br \/>15\u00a0: La Cit\u00e9 de Dieu de Fernando Meirelles et\u00a0K\u00e1tia Lund<br \/>14\u00a0: Inglorious Bastards de Quentin Tarantino<br \/>13\u00a0: Les Fils de l\u2019homme d\u2019Alfonso Cuar\u00f3n<br \/>12\u00a0: La zone d\u2019int\u00e9r\u00eat de Jonathan Glazer<br \/>11\u00a0: Mad Max\u00a0: Fury Road de george Miller<br \/>10\u00a0: The Social Network de David Fincher<br \/>9\u00a0: Le Voyage de Chihiro de Hayao Miyazaki<br \/>8\u00a0: Get Out de Jordan Peele<br \/>7\u00a0: Eternal Sunshine of the Spotless Mind de Michel Gondry<br \/>6\u00a0: No Country for Old Men de Joel et Ethan Coen<br \/>5\u00a0: Moonlight de Barry Jenkins<br \/>4\u00a0: In the Mood for Love de Wong Kar-wai<br \/>3\u00a0: There Will Be Blood de Paul Thomas Anderson<br \/>2\u00a0: Mulholland Drive de David Lynch<br \/>1\u00a0: Parasite de Bong Joon-ho<\/p>\n","protected":false},"excerpt":{"rendered":"LES FILMS PELL\u00c9AS \/LES FILMS DE PIERRE Le film \u00ab\u00a0Anatomie d\u2019une chute\u00a0\u00bb de Justine Triet avec Sandra H\u00fcller&hellip;\n","protected":false},"author":2,"featured_media":209329,"comment_status":"","ping_status":"","sticky":false,"template":"","format":"standard","meta":{"footnotes":""},"categories":[1354],"tags":[32762,650,251,58,59,2081,1346,1011,27,34831,1360,15789],"class_list":{"0":"post-209328","1":"post","2":"type-post","3":"status-publish","4":"format-standard","5":"has-post-thumbnail","7":"category-films","8":"tag-agnes-varda","9":"tag-cinema","10":"tag-culture","11":"tag-divertissement","12":"tag-entertainment","13":"tag-film","14":"tag-films","15":"tag-fr","16":"tag-france","17":"tag-justine-triet","18":"tag-movies","19":"tag-new-york-times"},"share_on_mastodon":{"url":"","error":""},"_links":{"self":[{"href":"https:\/\/www.europesays.com\/fr\/wp-json\/wp\/v2\/posts\/209328","targetHints":{"allow":["GET"]}}],"collection":[{"href":"https:\/\/www.europesays.com\/fr\/wp-json\/wp\/v2\/posts"}],"about":[{"href":"https:\/\/www.europesays.com\/fr\/wp-json\/wp\/v2\/types\/post"}],"author":[{"embeddable":true,"href":"https:\/\/www.europesays.com\/fr\/wp-json\/wp\/v2\/users\/2"}],"replies":[{"embeddable":true,"href":"https:\/\/www.europesays.com\/fr\/wp-json\/wp\/v2\/comments?post=209328"}],"version-history":[{"count":0,"href":"https:\/\/www.europesays.com\/fr\/wp-json\/wp\/v2\/posts\/209328\/revisions"}],"wp:featuredmedia":[{"embeddable":true,"href":"https:\/\/www.europesays.com\/fr\/wp-json\/wp\/v2\/media\/209329"}],"wp:attachment":[{"href":"https:\/\/www.europesays.com\/fr\/wp-json\/wp\/v2\/media?parent=209328"}],"wp:term":[{"taxonomy":"category","embeddable":true,"href":"https:\/\/www.europesays.com\/fr\/wp-json\/wp\/v2\/categories?post=209328"},{"taxonomy":"post_tag","embeddable":true,"href":"https:\/\/www.europesays.com\/fr\/wp-json\/wp\/v2\/tags?post=209328"}],"curies":[{"name":"wp","href":"https:\/\/api.w.org\/{rel}","templated":true}]}}