{"id":209330,"date":"2025-06-27T21:39:09","date_gmt":"2025-06-27T21:39:09","guid":{"rendered":"https:\/\/www.europesays.com\/fr\/209330\/"},"modified":"2025-06-27T21:39:09","modified_gmt":"2025-06-27T21:39:09","slug":"le-cerveau-des-perruches-un-modele-inattendu-pour-devoiler-les-secrets-du-langage-humain","status":"publish","type":"post","link":"https:\/\/www.europesays.com\/fr\/209330\/","title":{"rendered":"Le cerveau des perruches, un mod\u00e8le inattendu pour d\u00e9voiler les secrets du langage humain"},"content":{"rendered":"<p><strong>D\u00c9CRYPTAGE &#8211;<\/strong> Nous utilisons des m\u00e9canismes c\u00e9r\u00e9braux similaires pour produire des sons complexes, ce qui constitue une piste s\u00e9rieuse pour comprendre et, \u00e9ventuellement, soigner certaines pathologies du langage.<\/p>\n<p class=\"fig-paragraph\">Quel que soit le continent sur lequel ils grandissent, le chat miaule et le chien aboie. Cela n\u2019est pas li\u00e9 \u00e0 un quelconque processus de transmission sociale ou culturelle. Ce qui n\u2019est pas le cas chez l\u2019\u00eatre humain\u00a0: la parole va d\u00e9pendre de notre \u00e9ducation, et de la langue que nous avons entendue tout au long de notre croissance. Si ce trait de comportement est rare dans le monde du vivant, il n\u2019est pourtant pas unique. Nous le partageons avec certaines esp\u00e8ces, notamment quelques oiseaux, comme les perruches ou les diamants mandarins. Une nouvelle \u00e9tude, men\u00e9e par Zetian Yang et Michael Long, neuroscientifiques \u00e0 l\u2019universit\u00e9 de New York, et\u00a0<a href=\"https:\/\/doi.org\/10.1038\/s41586-025-08695-8\" target=\"_blank\" rel=\"noopener\" data-gtm-custom-categorie=\"navigation\" data-gtm-custom-action=\"crossclick\" data-gtm-custom-label=\"Contextuel\" data-gtm-event=\"customEventSPE\">publi\u00e9e dans la revue Nature,<\/a> \u00a0nous r\u00e9v\u00e8le qu\u2019une r\u00e9gion c\u00e9r\u00e9brale sp\u00e9cialis\u00e9e fonctionne de mani\u00e8re identique chez l\u2019homme et chez les perruches. Les auteurs y voient une clef pour comprendre et, \u00e9ventuellement, soigner certaines pathologies.<\/p>\n<p class=\"fig-body-link\">\n            \u00c0 lire aussi<br \/>\n        <a class=\"fig-body-link__link fig-premium-mark\" href=\"http:\/\/www.lefigaro.fr\/sciences\/les-etonnantes-similitudes-entre-le-chant-des-baleines-et-le-langage-humain-20250206\" data-fig-type=\"Article\" data-gtm-custom-categorie=\"navigation\" data-gtm-custom-action=\"crossclick\" data-gtm-custom-label=\"Contextuel\" data-gtm-event=\"customEventSPE\" data-fig-domain=\"LEFIGARO\" target=\"_blank\" rel=\"noopener\">Les \u00e9tonnantes similitudes entre le chant des baleines et le langage humain<br \/>\n    <\/a>\n<\/p>\n<p class=\"fig-paragraph\">Un enfant qui grandit isol\u00e9 saura produire des sons, mais il sera incapable de se faire comprendre\u2026<\/p>\n<p class=\"fig-premium-paywall__infos\">\n        Cet article est r\u00e9serv\u00e9 aux abonn\u00e9s.        Il vous reste 80% \u00e0 d\u00e9couvrir.\n    <\/p>\n<p>                <img  data- alt=\"Le Figaro\" class=\"fig-img--complete fig-img\"\/><\/p>\n<p class=\"fig-premium-paywall__title\">Vente Flash : derniers jours<\/p>\n<p class=\"fig-premium-paywall__subtitle\">3,99\u20ac par mois pendant 12 mois. Sans engagement.<\/p>\n<p class=\"fig-premium-paywall__connect\">\n                D\u00e9j\u00e0 abonn\u00e9\u00a0?                <a class=\"fig-premium-paywall__connect-link\" href=\"https:\/\/connect.lefigaro.fr\/login?client=horizon_web&amp;type=main&amp;redirect_uri=https%3A%2F%2Fwww.lefigaro.fr%2Fsciences%2Fle-cerveau-des-perruches-un-modele-inattendu-pour-devoiler-les-secrets-du-langage-humain-20250627\" data-js-gtm=\"{&quot;customCategorie&quot;: &quot;conversion&quot;, &quot;customAction&quot;: &quot;before_Landing_Connexion_paywall_auto&quot;, &quot;customLabel&quot;: &quot;bGVmaWdhcm8uZnJfXzFmMDA1NjY5LWMwNTMtNmJmYy05N2I4LWViYjE1NDkzZjVmOV9fQXJ0aWNsZQ==_Le cerveau des perruches, un mod\u00e8le inattendu pour d\u00e9voiler les secrets du langage humain_99&quot;, &quot;customIDSPE&quot;: &quot;bGVmaWdhcm8uZnJfXzFmMDA1NjY5LWMwNTMtNmJmYy05N2I4LWViYjE1NDkzZjVmOV9fQXJ0aWNsZQ==&quot;, &quot;event&quot;: &quot;customEventSPE&quot;}\" target=\"_blank\" rel=\"noopener\"><br \/>\n                    Connectez-vous<br \/>\n                <\/a>\n            <\/p>\n","protected":false},"excerpt":{"rendered":"D\u00c9CRYPTAGE &#8211; Nous utilisons des m\u00e9canismes c\u00e9r\u00e9braux similaires pour produire des sons complexes, ce qui constitue une piste&hellip;\n","protected":false},"author":2,"featured_media":209331,"comment_status":"","ping_status":"","sticky":false,"template":"","format":"standard","meta":{"footnotes":""},"categories":[10],"tags":[47,49,11,48,51,54,1011,27,72,5193,10081,52,71,41,50,53],"class_list":{"0":"post-209330","1":"post","2":"type-post","3":"status-publish","4":"format-standard","5":"has-post-thumbnail","7":"category-sante","8":"tag-actualite","9":"tag-actualite-scientifique","10":"tag-actualites","11":"tag-astronomie","12":"tag-ecologie","13":"tag-faune-et-flore","14":"tag-fr","15":"tag-france","16":"tag-health","17":"tag-langue-francaise","18":"tag-neurosciences","19":"tag-planete","20":"tag-sante","21":"tag-sciences","22":"tag-sciences-humaines","23":"tag-zoologie"},"share_on_mastodon":{"url":"https:\/\/pubeurope.com\/@fr\/114757498503968075","error":""},"_links":{"self":[{"href":"https:\/\/www.europesays.com\/fr\/wp-json\/wp\/v2\/posts\/209330","targetHints":{"allow":["GET"]}}],"collection":[{"href":"https:\/\/www.europesays.com\/fr\/wp-json\/wp\/v2\/posts"}],"about":[{"href":"https:\/\/www.europesays.com\/fr\/wp-json\/wp\/v2\/types\/post"}],"author":[{"embeddable":true,"href":"https:\/\/www.europesays.com\/fr\/wp-json\/wp\/v2\/users\/2"}],"replies":[{"embeddable":true,"href":"https:\/\/www.europesays.com\/fr\/wp-json\/wp\/v2\/comments?post=209330"}],"version-history":[{"count":0,"href":"https:\/\/www.europesays.com\/fr\/wp-json\/wp\/v2\/posts\/209330\/revisions"}],"wp:featuredmedia":[{"embeddable":true,"href":"https:\/\/www.europesays.com\/fr\/wp-json\/wp\/v2\/media\/209331"}],"wp:attachment":[{"href":"https:\/\/www.europesays.com\/fr\/wp-json\/wp\/v2\/media?parent=209330"}],"wp:term":[{"taxonomy":"category","embeddable":true,"href":"https:\/\/www.europesays.com\/fr\/wp-json\/wp\/v2\/categories?post=209330"},{"taxonomy":"post_tag","embeddable":true,"href":"https:\/\/www.europesays.com\/fr\/wp-json\/wp\/v2\/tags?post=209330"}],"curies":[{"name":"wp","href":"https:\/\/api.w.org\/{rel}","templated":true}]}}