{"id":209340,"date":"2025-06-27T21:44:09","date_gmt":"2025-06-27T21:44:09","guid":{"rendered":"https:\/\/www.europesays.com\/fr\/209340\/"},"modified":"2025-06-27T21:44:09","modified_gmt":"2025-06-27T21:44:09","slug":"donald-trump-se-lache-une-nouvelle-fois-liberation","status":"publish","type":"post","link":"https:\/\/www.europesays.com\/fr\/209340\/","title":{"rendered":"Donald Trump se l\u00e2che une nouvelle fois \u2013 Lib\u00e9ration"},"content":{"rendered":"<p class=\"sc-ksZaOG ehjQrN text-element\">Tout joyeux de la d\u00e9cision de la Cour supr\u00eame des Etats-Unis <a href=\"https:\/\/www.liberation.fr\/international\/amerique\/etats-unis-la-cour-supreme-limite-les-pouvoirs-des-juges-face-aux-decisions-de-donald-trump-20250627_3MHJGI4BJBFN5KVJAJFR6LMKCA\/\" target=\"_blank\" rel=\"noreferrer noopener\" title=\"https:\/\/www.liberation.fr\/international\/amerique\/etats-unis-la-cour-supreme-limite-les-pouvoirs-des-juges-face-aux-decisions-de-donald-trump-20250627_3MHJGI4BJBFN5KVJAJFR6LMKCA\/\">de limiter les pouvoirs des juges f\u00e9d\u00e9raux face au pouvoir ex\u00e9cutif<\/a>, un blanc-seing pour ses politiques m\u00eames les plus ill\u00e9gales, le pr\u00e9sident am\u00e9ricain avait convoqu\u00e9 ce vendredi 27 juin en fin de matin\u00e9e \u00e0 Washington (17h30, heure de Paris), une conf\u00e9rence de presse \u00e0 la Maison Blanche. Emport\u00e9 dans son \u00e9lan, il s\u2019est pris au jeu des questions-r\u00e9ponses avec les journalistes, et ne s\u2019est plus vraiment arr\u00eat\u00e9.<\/p>\n<p class=\"sc-ksZaOG ehjQrN text-element\">En r\u00e9ponse \u00e0 <a href=\"https:\/\/www.liberation.fr\/international\/moyen-orient\/iran-khamenei-refait-surface-pour-sauver-la-face-20250626_NLDYV7M6ZZHPFG3HLVMJXSGQ7Y\/\" target=\"_blank\" rel=\"noreferrer noopener\" title=\"https:\/\/www.liberation.fr\/international\/moyen-orient\/iran-khamenei-refait-surface-pour-sauver-la-face-20250626_NLDYV7M6ZZHPFG3HLVMJXSGQ7Y\/\">l\u2019ayatollah Ali Khamenei, qui avait relativis\u00e9<\/a> la veille l\u2019impact des frappes am\u00e9ricaines sur les sites nucl\u00e9aires iraniens, et affirm\u00e9 avoir mis \u00abune gifle\u00bb \u00e0 Washington, le pr\u00e9sident am\u00e9ricain s\u2019est \u00e9mu de l\u2019ingratitude de celui qu\u2019il dit avoir \u00absauv\u00e9\u00bb <a href=\"https:\/\/www.liberation.fr\/international\/moyen-orient\/israel-etait-pret-a-tuer-ali-khamenei-pendant-la-guerre-selon-le-ministre-de-la-defense-20250627_TEUITRPIW5B6DKJYHJD6LUFCIQ\/\" target=\"_blank\" rel=\"noreferrer noopener\" title=\"https:\/\/www.liberation.fr\/international\/moyen-orient\/israel-etait-pret-a-tuer-ali-khamenei-pendant-la-guerre-selon-le-ministre-de-la-defense-20250627_TEUITRPIW5B6DKJYHJD6LUFCIQ\/\">d\u2019une \u00abmort affreuse\u00bb<\/a> par les bombes isra\u00e9liennes. Et lui a r\u00e9torqu\u00e9 : \u00abEcoutez, vous \u00eates un homme de grande foi, un homme qui est tr\u00e8s respect\u00e9 dans ce pays. Vous devez dire la v\u00e9rit\u00e9 : vous vous \u00eates pris une racl\u00e9e. Et Isra\u00ebl s\u2019est fait d\u00e9molir aussi \u2013 ils se sont tous les deux fait d\u00e9molir.\u00bb<\/p>\n<p class=\"sc-ksZaOG ehjQrN text-element\">\u00abC\u2019\u00e9tait le bon moment de mettre fin\u00bb \u00e0 la guerre, a ajout\u00e9 Trump \u00e0 propos <a href=\"https:\/\/www.liberation.fr\/international\/moyen-orient\/entre-liran-et-israel-le-cessez-le-feu-tient-toujours-20250626_JCPBVC3NEFBIJEAFPNXETBTHCY\/\" target=\"_blank\" rel=\"noreferrer noopener\" title=\"https:\/\/www.liberation.fr\/international\/moyen-orient\/entre-liran-et-israel-le-cessez-le-feu-tient-toujours-20250626_JCPBVC3NEFBIJEAFPNXETBTHCY\/\">du cessez-le-feu entr\u00e9 en vigueur mercredi entre Isra\u00ebl et l\u2019Iran<\/a>, il a affirm\u00e9 malgr\u00e9 tout qu\u2019il bombarderait \u00e0 nouveau l\u2019Iran \u00absans aucun doute\u00bb si le pays poursuivait son programme nucl\u00e9aire <a href=\"https:\/\/www.liberation.fr\/international\/moyen-orient\/iran-les-408-kilos-duranium-enrichi-auraient-ete-preserves-des-attaques-americaines-selon-les-premieres-fuites-des-renseignements-20250626_FESESYKMWFC65FZNEKRQSSCYDE\/\" target=\"_blank\" rel=\"noreferrer noopener\" title=\"https:\/\/www.liberation.fr\/international\/moyen-orient\/iran-les-408-kilos-duranium-enrichi-auraient-ete-preserves-des-attaques-americaines-selon-les-premieres-fuites-des-renseignements-20250626_FESESYKMWFC65FZNEKRQSSCYDE\/\">d\u2019enrichissement d\u2019uranium<\/a>.<\/p>\n<p class=\"sc-ksZaOG ehjQrN text-element\">Donald Trump a \u00e9galement r\u00e9p\u00e9t\u00e9, <a href=\"https:\/\/www.liberation.fr\/international\/amerique\/liran-admet-des-destructions-non-negligeables-sur-ses-sites-nucleaires-mais-ne-prevoit-pas-de-discussions-avec-les-etats-unis-20250626_OXXDQR6K4VHP7OVLIXF3L2MM7E\/\" target=\"_blank\" rel=\"noreferrer noopener\" title=\"https:\/\/www.liberation.fr\/international\/amerique\/liran-admet-des-destructions-non-negligeables-sur-ses-sites-nucleaires-mais-ne-prevoit-pas-de-discussions-avec-les-etats-unis-20250626_OXXDQR6K4VHP7OVLIXF3L2MM7E\/\">malgr\u00e9 les d\u00e9n\u00e9gations de T\u00e9h\u00e9ran<\/a>, que l\u2019Iran souhaitait organiser une rencontre avec les Etats-Unis pour entamer des discussions, apr\u00e8s que Washington s\u2019est joint \u00e0 son alli\u00e9 isra\u00e9lien pour mener des frappes sur des installations nucl\u00e9aires iraniennes : \u00abL\u2019Iran veut une rencontre. Comme vous le savez, leurs sites ont \u00e9t\u00e9 an\u00e9antis &#8211; leurs sites nucl\u00e9aires tr\u00e8s diaboliques\u00bb, a-t-il d\u00e9clar\u00e9, sans fournir davantage de pr\u00e9cisions. Le ministre iranien des Affaires \u00e9trang\u00e8res avait affirm\u00e9 la veille qu\u2019il n\u2019y avait \u00abpas encore de plan\u00bb pour de nouvelles discussions.<\/p>\n<p class=\"sc-ksZaOG ehjQrN text-element\">Prenant ensuite le relais sur son r\u00e9seau Truth Social, Trump a pr\u00e9venu qu\u2019il n\u2019envisageait plus de lever les sanctions contre l\u2019Iran, ce qui aurait donn\u00e9 \u00abune bien meilleure chance [au pays] de se r\u00e9tablir pleinement, rapidement et compl\u00e8tement\u00bb.<\/p>\n<p class=\"sc-ksZaOG ehjQrN text-element\">Mais le pr\u00e9sident am\u00e9ricain n\u2019avait pas fini de vider son sac. Dans un long et furieux message post\u00e9 peu apr\u00e8s, il a ensuite annonc\u00e9 mettre fin aux n\u00e9gociations commerciales avec son voisin canadien, jugeant que la taxe d\u2019Ottawa sur les services num\u00e9riques \u00e9tait un \u00abcoup direct et \u00e9vident\u00bb port\u00e9 aux Etats-Unis. \u00abEn raison de cette taxe scandaleuse, nous mettons fin \u00e0 TOUTES les discussions commerciales avec le Canada, avec effet imm\u00e9diat\u00bb, a \u00e9crit le chef de l\u2019Etat. A Washington, il n\u2019\u00e9tait m\u00eame pas encore 15 heures.<\/p>\n","protected":false},"excerpt":{"rendered":"Tout joyeux de la d\u00e9cision de la Cour supr\u00eame des Etats-Unis de limiter les pouvoirs des juges f\u00e9d\u00e9raux&hellip;\n","protected":false},"author":2,"featured_media":209341,"comment_status":"","ping_status":"","sticky":false,"template":"","format":"standard","meta":{"footnotes":""},"categories":[5],"tags":[11,574,75,73,1011,27,1074,14,4884,31951,12,28],"class_list":{"0":"post-209340","1":"post","2":"type-post","3":"status-publish","4":"format-standard","5":"has-post-thumbnail","7":"category-international","8":"tag-actualites","9":"tag-canada","10":"tag-donald-trump","11":"tag-etats-unis","12":"tag-fr","13":"tag-france","14":"tag-guerre-commerciale","15":"tag-international","16":"tag-iran-etats-unis","17":"tag-iran-israel-guerre","18":"tag-news","19":"tag-world"},"share_on_mastodon":{"url":"https:\/\/pubeurope.com\/@fr\/114757518287302180","error":""},"_links":{"self":[{"href":"https:\/\/www.europesays.com\/fr\/wp-json\/wp\/v2\/posts\/209340","targetHints":{"allow":["GET"]}}],"collection":[{"href":"https:\/\/www.europesays.com\/fr\/wp-json\/wp\/v2\/posts"}],"about":[{"href":"https:\/\/www.europesays.com\/fr\/wp-json\/wp\/v2\/types\/post"}],"author":[{"embeddable":true,"href":"https:\/\/www.europesays.com\/fr\/wp-json\/wp\/v2\/users\/2"}],"replies":[{"embeddable":true,"href":"https:\/\/www.europesays.com\/fr\/wp-json\/wp\/v2\/comments?post=209340"}],"version-history":[{"count":0,"href":"https:\/\/www.europesays.com\/fr\/wp-json\/wp\/v2\/posts\/209340\/revisions"}],"wp:featuredmedia":[{"embeddable":true,"href":"https:\/\/www.europesays.com\/fr\/wp-json\/wp\/v2\/media\/209341"}],"wp:attachment":[{"href":"https:\/\/www.europesays.com\/fr\/wp-json\/wp\/v2\/media?parent=209340"}],"wp:term":[{"taxonomy":"category","embeddable":true,"href":"https:\/\/www.europesays.com\/fr\/wp-json\/wp\/v2\/categories?post=209340"},{"taxonomy":"post_tag","embeddable":true,"href":"https:\/\/www.europesays.com\/fr\/wp-json\/wp\/v2\/tags?post=209340"}],"curies":[{"name":"wp","href":"https:\/\/api.w.org\/{rel}","templated":true}]}}