{"id":209346,"date":"2025-06-27T21:47:31","date_gmt":"2025-06-27T21:47:31","guid":{"rendered":"https:\/\/www.europesays.com\/fr\/209346\/"},"modified":"2025-06-27T21:47:31","modified_gmt":"2025-06-27T21:47:31","slug":"saint-etienne-fermeture-programmee-a-la-talaudiere-dun-axe-majeur-pour-renovation","status":"publish","type":"post","link":"https:\/\/www.europesays.com\/fr\/209346\/","title":{"rendered":"SAINT-\u00c9TIENNE : FERMETURE PROGRAMM\u00c9E \u00c0 LA TALAUDI\u00c8RE D&rsquo;UN AXE MAJEUR POUR R\u00c9NOVATION"},"content":{"rendered":"<p>Cette intervention concerne un tron\u00e7on particuli\u00e8rement fr\u00e9quent\u00e9, situ\u00e9 \u00e0 proximit\u00e9 de l\u2019\u00e9changeur autoroutier num\u00e9ro 15. Le chantier porte sur la r\u00e9fection int\u00e9grale du rev\u00eatement routier dans une zone o\u00f9 convergent plusieurs axes de circulation importants du quartier.<\/p>\n<p>La zone de travaux englobe l\u2019intersection de plusieurs voies structurantes : l\u2019art\u00e8re principale menant vers La Talaudi\u00e8re et ses connexions avec les rues de l\u2019Abb\u00e9 Breuil et Jean Huss. Cette configuration complexe n\u00e9cessite une organisation particuli\u00e8re pour maintenir la fluidit\u00e9 de circulation pendant les travaux.<\/p>\n<p>L\u2019emplacement strat\u00e9gique de cette intersection, en liaison directe avec l\u2019infrastructure autorouti\u00e8re, explique l\u2019importance accord\u00e9e \u00e0 cette r\u00e9novation par les services m\u00e9tropolitains.<\/p>\n<p>Durant la phase active du chantier, l\u2019acc\u00e8s au secteur sera totalement suspendu pour les v\u00e9hicules. Cette interdiction concerne aussi bien la circulation que le stationnement sur l\u2019ensemble du p\u00e9rim\u00e8tre d\u2019intervention.<\/p>\n<p>Les autorit\u00e9s ont pr\u00e9vu un dispositif de d\u00e9viation pour pr\u00e9server l\u2019accessibilit\u00e9 aux diff\u00e9rents quartiers habituellement desservis par cet axe. Un balisage sp\u00e9cifique guidera les usagers vers les itin\u00e9raires de substitution.<\/p>\n<p>Calendrier pr\u00e9visionnel des op\u00e9rations<\/p>\n<p>L\u2019intervention est programm\u00e9e sur une p\u00e9riode de cinq jours ouvr\u00e9s, du 7 au 11 juillet. Cette planification relativement courte vise \u00e0 limiter les d\u00e9sagr\u00e9ments pour les riverains et les usagers r\u00e9guliers de cette voie.<\/p>\n<p>Toutefois, les responsables du chantier pr\u00e9cisent que ce calendrier reste conditionn\u00e9 par l\u2019\u00e9volution des travaux et les conditions climatiques. Des ajustements pourraient \u00eatre n\u00e9cessaires selon l\u2019avancement effectif des op\u00e9rations.<\/p>\n<p>Cette fermeture temporaire affectera plusieurs axes de desserte du secteur, notamment les acc\u00e8s vers les rues Jean Huss, Necker et de l\u2019Abb\u00e9 Breuil. Les usagers devront adapter leurs itin\u00e9raires habituels pendant cette p\u00e9riode.<\/p>\n<p>La mise en place d\u2019une signal\u00e9tique adapt\u00e9e accompagnera ce dispositif exceptionnel pour orienter efficacement la circulation vers les voies alternatives disponibles.<\/p>\n","protected":false},"excerpt":{"rendered":"Cette intervention concerne un tron\u00e7on particuli\u00e8rement fr\u00e9quent\u00e9, situ\u00e9 \u00e0 proximit\u00e9 de l\u2019\u00e9changeur autoroutier num\u00e9ro 15. Le chantier porte&hellip;\n","protected":false},"author":2,"featured_media":209347,"comment_status":"","ping_status":"","sticky":false,"template":"","format":"standard","meta":{"footnotes":""},"categories":[9653],"tags":[1111,11,2430,4107,1777,674,1011,27,3367,12,25,209,4001,34832],"class_list":{"0":"post-209346","1":"post","2":"type-post","3":"status-publish","4":"format-standard","5":"has-post-thumbnail","7":"category-saint-etienne","8":"tag-actu","9":"tag-actualites","10":"tag-auvergne-rhone-alpes","11":"tag-chantier","12":"tag-eu","13":"tag-europe","14":"tag-fr","15":"tag-france","16":"tag-loire","17":"tag-news","18":"tag-republique-francaise","19":"tag-route","20":"tag-saint-etienne","21":"tag-traveau"},"share_on_mastodon":{"url":"https:\/\/pubeurope.com\/@fr\/114757529969286837","error":""},"_links":{"self":[{"href":"https:\/\/www.europesays.com\/fr\/wp-json\/wp\/v2\/posts\/209346","targetHints":{"allow":["GET"]}}],"collection":[{"href":"https:\/\/www.europesays.com\/fr\/wp-json\/wp\/v2\/posts"}],"about":[{"href":"https:\/\/www.europesays.com\/fr\/wp-json\/wp\/v2\/types\/post"}],"author":[{"embeddable":true,"href":"https:\/\/www.europesays.com\/fr\/wp-json\/wp\/v2\/users\/2"}],"replies":[{"embeddable":true,"href":"https:\/\/www.europesays.com\/fr\/wp-json\/wp\/v2\/comments?post=209346"}],"version-history":[{"count":0,"href":"https:\/\/www.europesays.com\/fr\/wp-json\/wp\/v2\/posts\/209346\/revisions"}],"wp:featuredmedia":[{"embeddable":true,"href":"https:\/\/www.europesays.com\/fr\/wp-json\/wp\/v2\/media\/209347"}],"wp:attachment":[{"href":"https:\/\/www.europesays.com\/fr\/wp-json\/wp\/v2\/media?parent=209346"}],"wp:term":[{"taxonomy":"category","embeddable":true,"href":"https:\/\/www.europesays.com\/fr\/wp-json\/wp\/v2\/categories?post=209346"},{"taxonomy":"post_tag","embeddable":true,"href":"https:\/\/www.europesays.com\/fr\/wp-json\/wp\/v2\/tags?post=209346"}],"curies":[{"name":"wp","href":"https:\/\/api.w.org\/{rel}","templated":true}]}}