{"id":209350,"date":"2025-06-27T21:49:10","date_gmt":"2025-06-27T21:49:10","guid":{"rendered":"https:\/\/www.europesays.com\/fr\/209350\/"},"modified":"2025-06-27T21:49:10","modified_gmt":"2025-06-27T21:49:10","slug":"un-immeuble-de-10-etages-sans-ascenseur-pendant-deux-semaines-a-maxeville","status":"publish","type":"post","link":"https:\/\/www.europesays.com\/fr\/209350\/","title":{"rendered":"un immeuble de 10 \u00e9tages sans ascenseur pendant deux semaines \u00e0 Max\u00e9ville"},"content":{"rendered":"<p>D\u2019abord, l\u2019odeur. Quand on arrive dans le hall d\u2019entr\u00e9e, c\u2019est cela qui marque le plus. Une odeur lourde et persistante de putr\u00e9faction\u00a0: un <a href=\"https:\/\/www.estrepublicain.fr\/faits-divers-justice\/2023\/02\/14\/les-rats-ont-envahi-la-ville-les-restaurateurs-appellent-a-l-aide\" target=\"_blank\" rel=\"noopener\">rat mort.<\/a> Il est l\u00e0, juste \u00e0 c\u00f4t\u00e9, dans un local qui sert de stockage aux habitants de l\u2019immeuble. \u00ab\u00a0L\u2019animal est l\u00e0 depuis le 10\u00a0mai, il n\u2019a pas \u00e9t\u00e9 enlev\u00e9\u00a0\u00bb, lance une dame qui compte les jours.<\/p>\n<p>Ensuite, il y a l\u2019escalier. Des escaliers en colima\u00e7on dans une cage exigu\u00eb, ab\u00eem\u00e9e et sans fen\u00eatre. Ce sont ces marches que les habitants ont d\u00fb emprunter du 8 au 23\u00a0juin.<\/p>\n<p>  40 minutes pour monter<\/p>\n<p>Nous sommes au 4, rue du Chiers, \u00e0 <a href=\"https:\/\/www.estrepublicain.fr\/edition-nancy-et-agglomeration\/maxeville\" target=\"_blank\" rel=\"noopener\">Max\u00e9ville<\/a> , dans l\u2019entr\u00e9e d\u2019un immeuble de 10 \u00e9tages o\u00f9 les habitants viennent de vivre plus de deux semaines <a href=\"https:\/\/www.estrepublicain.fr\/sante\/2025\/01\/11\/panne-d-ascenseur-depuis-deux-mois-le-calvaire-de-seniors-dans-une-residence-pres-de-nancy\" target=\"_blank\" rel=\"noopener\">sans ascenseur en raison d\u2019une panne<\/a>. \u00ab\u00a0Un enfer\u00a0\u00bb, r\u00e9sume une habitante du 7e  \u00e9tage. \u00ab\u00a0Moi, j\u2019ai des probl\u00e8mes de dos, je marche difficilement. Emmener les enfants \u00e0 l\u2019\u00e9cole, faire les courses, aller au travail\u00a0: tout devient compliqu\u00e9.\u00a0\u00bb <\/p>\n<p>Ce contenu est bloqu\u00e9 car vous n&rsquo;avez pas accept\u00e9 les cookies et autres traceurs.<\/p>\n<p>En cliquant sur \u00ab J\u2019accepte \u00bb, les cookies et autres traceurs seront d\u00e9pos\u00e9s et vous pourrez visualiser les contenus  (<a href=\"\" class=\"consentModule_policy\" target=\"_blank\" title=\"Consulter la politique de protection des donn\u00e9es du fournisseur\">plus d&rsquo;informations<\/a>).<\/p>\n<p>En cliquant sur \u00ab J\u2019accepte tous les cookies \u00bb, vous autorisez des d\u00e9p\u00f4ts de cookies et autres traceurs pour le stockage de vos donn\u00e9es sur nos sites et applications \u00e0 des fins de personnalisation et de ciblage publicitaire.<\/p>\n<p class=\"consentModule_secondaryText\">Vous gardez la possibilit\u00e9 de retirer votre consentement \u00e0 tout moment en consultant notre <a href=\"https:\/\/www.estrepublicain.fr\/protection-des-donnees\" target=\"_blank\" title=\"Consulter notre politique de protection des donn\u00e9es\" rel=\"noopener\">politique de protection des donn\u00e9es<\/a>. <br \/>&#13;<br \/>\n            <a href=\"https:\/\/www.estrepublicain.fr\/societe\/2025\/06\/27\/javascript:Didomi.notice.show()\" class=\"consentModule_cmp\" target=\"_blank\" rel=\"noopener\">G\u00e9rer mes choix<\/a>&#13;\n        <\/p>\n<p>&#13;<br \/>\n                        J&rsquo;accepte&#13;<br \/>\n            J&rsquo;accepte tous les cookies&#13;\n        <\/p>\n<p>Elle, encore, \u00ab\u00a0\u00e7a va\u00a0\u00bb, conc\u00e8de-t-elle, en faisant r\u00e9f\u00e9rence au reste des habitants\u00a0: des personnes \u00e2g\u00e9es, beaucoup, ou \u00e0 mobilit\u00e9 r\u00e9duite. Comme Brigitte*, 80 ans, qui marche avec une canne. \u00ab\u00a0Je ne suis sortie que deux fois en 15 jours. J\u2019ai mis 30 minutes \u00e0 descendre et 40 minutes \u00e0 monter\u00a0\u00bb, raconte-t-elle en faisant quelques pas devant le hall d\u2019entr\u00e9e. Soudain, une dame s\u2019avance, comme si elle avait quelque chose d\u2019important \u00e0 dire. Elle vit au 6e  \u00e9tage avec sa m\u00e8re atteinte d\u2019 <a href=\"https:\/\/www.estrepublicain.fr\/magazine-sante\/2024\/02\/22\/alzheimer-un-nouveau-test-tres-efficace-pour-depister-la-maladie\" target=\"_blank\" rel=\"noopener\">Alzheimer<\/a>. \u00ab\u00a0Impossible de la sortir sans ascenseur. Je n\u2019ai pas pu l\u2019emmener \u00e0 l\u2019un de ses rendez-vous m\u00e9dicaux\u00a0\u00bb, confie-t-elle.<\/p>\n<p>Ce qui contrarie les habitants, c\u2019est le sentiment d\u2019abandon par le bailleur social, l\u2019Office m\u00e9tropolitain de l\u2019habitat. \u00ab\u00a0On a beau appeler tous les jours, l\u2019 <a href=\"https:\/\/www.estrepublicain.fr\/paroles-de-partenaires\/2025\/04\/08\/devenez-proprietaire-avec-l-omh\" target=\"_blank\" rel=\"noopener\">OMh,<\/a> la mairie et m\u00eame la police, tout le monde s\u2019en fout\u00a0\u00bb, raconte un homme de 70 ans. Il dit \u00e7a la voix tremblante, un peu \u00e9mu. \u00ab\u00a0Je viens de passer 16 jours sans sortir, vous vous rendez compte\u00a0? \u00c0 mon \u00e2ge, me couper de toute vie sociale\u00a0?\u00a0\u00bb<\/p>\n<p>Le ras-le-bol de ces locataires vient aussi de la fr\u00e9quence des pannes\u00a0: ce n\u2019est pas la premi\u00e8re, loin de l\u00e0. \u00ab\u00a0C\u2019est tout le temps, cinq jours par ci, six jours par l\u00e0\u00a0! Ils le r\u00e9parent puis trois jours apr\u00e8s, il est \u00e0 nouveau hors-service\u00a0\u00bb, s\u2019agace un r\u00e9sident du 9e. \u00c0 No\u00ebl, d\u00e9j\u00e0, l\u2019ascenseur serait rest\u00e9 deux semaines hors service.<\/p>\n<p>  Protection civile<\/p>\n<p>Contact\u00e9e, l\u2019OMh conc\u00e8de de \u00ab\u00a0petites pannes intermittentes\u00a0\u00bb, qui n\u00e9cessitent des changements \u00ab\u00a0de petites pi\u00e8ces\u00a0\u00bb. Le responsable du territoire promet qu\u2019un point sera fait tr\u00e8s vite avec le prestataire, <a href=\"https:\/\/www.estrepublicain.fr\/societe\/2024\/09\/03\/des-locataires-en-fauteuil-toujours-prives-d-ascenseur\" target=\"_blank\" rel=\"noopener\">TK Elevator<\/a>. \u00ab\u00a0On leur demande un programme de r\u00e9novation des portes qui sont d\u00e9faillantes\u00a0\u00bb, explique-t-il.<\/p>\n<p>En ce qui concerne les personnes \u00e2g\u00e9es, l\u2019agent assure qu\u2019elles ne sont pas livr\u00e9es \u00e0 elles-m\u00eames. \u00ab\u00a0Quand elles ont un rendez-vous m\u00e9dical, on missionne la Protection civile pour qu\u2019elles puissent \u00eatre port\u00e9es et emmen\u00e9es.\u00a0\u00bb<\/p>\n<p>Quant au rat qui pourrit dans les parties communes, l\u2019OMh a promis d\u2019appeler un d\u00e9ratiseur.<\/p>\n<p>*Le pr\u00e9nom a \u00e9t\u00e9 chang\u00e9<\/p>\n","protected":false},"excerpt":{"rendered":"D\u2019abord, l\u2019odeur. Quand on arrive dans le hall d\u2019entr\u00e9e, c\u2019est cela qui marque le plus. Une odeur lourde&hellip;\n","protected":false},"author":2,"featured_media":209351,"comment_status":"","ping_status":"","sticky":false,"template":"","format":"standard","meta":{"footnotes":""},"categories":[9635],"tags":[1111,11,1704,1777,674,1011,27,775,1908,10061,10262,1702,12,3456,25,104],"class_list":{"0":"post-209350","1":"post","2":"type-post","3":"status-publish","4":"format-standard","5":"has-post-thumbnail","7":"category-nancy","8":"tag-actu","9":"tag-actualites","10":"tag-edition-nancy-et-agglomeration","11":"tag-eu","12":"tag-europe","13":"tag-fr","14":"tag-france","15":"tag-grand-est","16":"tag-logement","17":"tag-maxeville","18":"tag-metropole-du-grand-nancy-54b5","19":"tag-nancy","20":"tag-news","21":"tag-region-lorraine","22":"tag-republique-francaise","23":"tag-societe"},"share_on_mastodon":{"url":"https:\/\/pubeurope.com\/@fr\/114757537816428060","error":""},"_links":{"self":[{"href":"https:\/\/www.europesays.com\/fr\/wp-json\/wp\/v2\/posts\/209350","targetHints":{"allow":["GET"]}}],"collection":[{"href":"https:\/\/www.europesays.com\/fr\/wp-json\/wp\/v2\/posts"}],"about":[{"href":"https:\/\/www.europesays.com\/fr\/wp-json\/wp\/v2\/types\/post"}],"author":[{"embeddable":true,"href":"https:\/\/www.europesays.com\/fr\/wp-json\/wp\/v2\/users\/2"}],"replies":[{"embeddable":true,"href":"https:\/\/www.europesays.com\/fr\/wp-json\/wp\/v2\/comments?post=209350"}],"version-history":[{"count":0,"href":"https:\/\/www.europesays.com\/fr\/wp-json\/wp\/v2\/posts\/209350\/revisions"}],"wp:featuredmedia":[{"embeddable":true,"href":"https:\/\/www.europesays.com\/fr\/wp-json\/wp\/v2\/media\/209351"}],"wp:attachment":[{"href":"https:\/\/www.europesays.com\/fr\/wp-json\/wp\/v2\/media?parent=209350"}],"wp:term":[{"taxonomy":"category","embeddable":true,"href":"https:\/\/www.europesays.com\/fr\/wp-json\/wp\/v2\/categories?post=209350"},{"taxonomy":"post_tag","embeddable":true,"href":"https:\/\/www.europesays.com\/fr\/wp-json\/wp\/v2\/tags?post=209350"}],"curies":[{"name":"wp","href":"https:\/\/api.w.org\/{rel}","templated":true}]}}