{"id":209354,"date":"2025-06-27T21:51:13","date_gmt":"2025-06-27T21:51:13","guid":{"rendered":"https:\/\/www.europesays.com\/fr\/209354\/"},"modified":"2025-06-27T21:51:13","modified_gmt":"2025-06-27T21:51:13","slug":"coup-denvoi-de-la-11e-edition-de-partir-en-livre-sur-la-plage-des-sablettes-a-la-seyne","status":"publish","type":"post","link":"https:\/\/www.europesays.com\/fr\/209354\/","title":{"rendered":"Coup d&rsquo;envoi de la 11e \u00e9dition de \u00ab\u00a0Partir en livre\u00a0\u00bb sur la plage des Sablettes \u00e0 La Seyne"},"content":{"rendered":"<p>D\u00e9tourner ses yeux des portables et tablettes hypnotiques pour les plonger dans des ouvrages d\u2019aventures, de contes et d\u2019histoires vraies. Stimuler son cerveau \u00e0 la d\u00e9couverte, \u00e0 l\u2019analyse, l\u2019empathie, \u00e0 la recherche, \u00e0 la r\u00eaverie ou \u00e0 l\u2019humour, c\u2019est l\u00e0 le r\u00f4le que se donne la biblioth\u00e8que de la plage, durant la p\u00e9riode estivale.<\/p>\n<p>Seynois et vacanciers y viennent en famille. De la plage, les minots y accourent pour y emprunter quelques livres, les abonn\u00e9s des m\u00e9diath\u00e8ques peuvent y \u00e9changer leurs livres emprunt\u00e9s. En bref,<strong> la biblioth\u00e8que de la plage offre gratuitement au public un petit coin apaisant des plus pris\u00e9s l\u2019\u00e9t\u00e9, avec vue mer imprenable.<\/strong><\/p>\n<p>\u00ab\u00a0C\u2019est notre 11e \u00e9dition de Partir en livre, qui est une grande f\u00eate du livre pour la jeunesse, et de la biblioth\u00e8que de la plage l\u2019Effet mer. Nous avons commenc\u00e9 ensemble il y a onze ans\u00a0\u00bb, explique la responsable de l\u2019Effet mer. \u00ab\u00a0Le th\u00e8me choisi cette ann\u00e9e est les animaux et nous, nous avons donc lanc\u00e9 notre op\u00e9ration &lsquo;Animalement v\u00f4tre&rsquo;. Et invit\u00e9 l\u2019auteur Mathias Friman \u00e0 nous pr\u00e9senter son ouvrage Une bouteille dans l\u2019oc\u00e9an. La nouveaut\u00e9 de cette saison, ce sont nos \u00ab\u00a0cabines d\u2019essayage\u00a0\u00bb litt\u00e9raires, comme dans la haute couture, apr\u00e8s s\u00e9lection, une s\u00e9rie de livres est propos\u00e9e \u00e0 l\u2019atelier lecture. Les enfants en choisissent un, je leur fais la lecture et s\u2019ils ont aim\u00e9, ils peuvent l\u2019emprunter. Une sorte de haute couture litt\u00e9raire, comme un service \u00e0 la carte. Nous avons aussi, pour les plus jeunes, un tapis interactif de lecture iod\u00e9e, puis une rencontre atelier avec l\u2019autrice jeunesse Carine Prache et des ateliers d\u2019arts plastiques, cr\u00e9atifs et scientifiques, puis une journ\u00e9e escape game avec les explorateurs de la M\u00e9diterran\u00e9e et plein d\u2019autres surprises, comme la musette \u00e0 bulles.\u00a0\u00bb<\/p>\n<p><strong>Accessible \u00e0 tous, la biblioth\u00e8que de la plage<\/strong> regorge d\u2019ing\u00e9niosit\u00e9 pour vous faire aimer ces moments de lecture et de d\u00e9connexion num\u00e9rique. Transats et poufs n\u2019attendent que vous, sous la pergola ombrag\u00e9e derri\u00e8re la dune.<\/p>\n<p><strong> Savoir+<\/strong><br \/>&#13;<br \/>\nR\u00e9servations aux ateliers et renseignements au 06.22.96.61.00. Biblioth\u00e8que de la plage, all\u00e9e Danielle-Mitterrand aux Sablettes, ouverte du mardi au vendredi de 8h30 \u00e0 19h.<\/p>\n<p>            Le programme<br \/>\n            Juillet<\/p>\n<p>Mercredi 2, cabine d\u2019essayage \u00e0 poils et \u00e0 plumes. Mardi 8, atelier scientifique. Mercredi 9, tapis de lecture iod\u00e9e et cabine d\u2019essayage \u00e0 \u00e9cailles et nageoires. Mercredi 16, rencontre atelier Carine Prache. Vendredi 18, remise des prix du concours d\u2019\u00e9criture. Mercredi 23, l\u2019heure du conte. Jeudi 24, atelier d\u2019arts plastiques. Mardi 29, atelier d\u2019arts plastiques. Mercredi 30, l\u2019heure du conte.<\/p>\n<p>Ao\u00fbt <\/p>\n<p>Mardi 5, atelier cr\u00e9atif. Mercredi 6, l\u2019heure du conte. Mardi 12, atelier scientifique. Mercredi 13, l\u2019heure du conte. Mercredi 20, l\u2019heure du conte. Jeudi 21, escape game des explorateurs de M\u00e9diterran\u00e9e. Mercredi 29, l\u2019heure du conte.<\/p>\n<p>\u00a0<\/p>\n","protected":false},"excerpt":{"rendered":"D\u00e9tourner ses yeux des portables et tablettes hypnotiques pour les plonger dans des ouvrages d\u2019aventures, de contes et&hellip;\n","protected":false},"author":2,"featured_media":209355,"comment_status":"","ping_status":"","sticky":false,"template":"","format":"standard","meta":{"footnotes":""},"categories":[9619],"tags":[1111,11,251,1777,674,1011,27,1351,12,882,25,2310],"class_list":{"0":"post-209354","1":"post","2":"type-post","3":"status-publish","4":"format-standard","5":"has-post-thumbnail","7":"category-toulon","8":"tag-actu","9":"tag-actualites","10":"tag-culture","11":"tag-eu","12":"tag-europe","13":"tag-fr","14":"tag-france","15":"tag-litterature","16":"tag-news","17":"tag-provence-alpes-cote-dazur","18":"tag-republique-francaise","19":"tag-toulon"},"share_on_mastodon":{"url":"https:\/\/pubeurope.com\/@fr\/114757545720401591","error":""},"_links":{"self":[{"href":"https:\/\/www.europesays.com\/fr\/wp-json\/wp\/v2\/posts\/209354","targetHints":{"allow":["GET"]}}],"collection":[{"href":"https:\/\/www.europesays.com\/fr\/wp-json\/wp\/v2\/posts"}],"about":[{"href":"https:\/\/www.europesays.com\/fr\/wp-json\/wp\/v2\/types\/post"}],"author":[{"embeddable":true,"href":"https:\/\/www.europesays.com\/fr\/wp-json\/wp\/v2\/users\/2"}],"replies":[{"embeddable":true,"href":"https:\/\/www.europesays.com\/fr\/wp-json\/wp\/v2\/comments?post=209354"}],"version-history":[{"count":0,"href":"https:\/\/www.europesays.com\/fr\/wp-json\/wp\/v2\/posts\/209354\/revisions"}],"wp:featuredmedia":[{"embeddable":true,"href":"https:\/\/www.europesays.com\/fr\/wp-json\/wp\/v2\/media\/209355"}],"wp:attachment":[{"href":"https:\/\/www.europesays.com\/fr\/wp-json\/wp\/v2\/media?parent=209354"}],"wp:term":[{"taxonomy":"category","embeddable":true,"href":"https:\/\/www.europesays.com\/fr\/wp-json\/wp\/v2\/categories?post=209354"},{"taxonomy":"post_tag","embeddable":true,"href":"https:\/\/www.europesays.com\/fr\/wp-json\/wp\/v2\/tags?post=209354"}],"curies":[{"name":"wp","href":"https:\/\/api.w.org\/{rel}","templated":true}]}}