{"id":209360,"date":"2025-06-27T21:54:24","date_gmt":"2025-06-27T21:54:24","guid":{"rendered":"https:\/\/www.europesays.com\/fr\/209360\/"},"modified":"2025-06-27T21:54:24","modified_gmt":"2025-06-27T21:54:24","slug":"ils-lobligent-a-se-deshabiller-et-a-courir-nu-dans-la-rue-coups-de-couteau-tabassage-filme-et-scene-dhumiliation-a-montpellier","status":"publish","type":"post","link":"https:\/\/www.europesays.com\/fr\/209360\/","title":{"rendered":"Ils l\u2019obligent \u00e0 se d\u00e9shabiller et \u00e0 courir nu dans la rue\u00a0: coups de couteau, tabassage film\u00e9 et sc\u00e8ne d\u2019humiliation \u00e0 Montpellier"},"content":{"rendered":"<p>\n                                                                Deux hommes de 23 ans ont \u00e9t\u00e9 interpell\u00e9s \u00e0 Montpellier apr\u00e8s une agression d\u2019une extr\u00eame violence survenue dans la nuit du 3 au 4\u00a0juin dans le quartier Saint-Martin. Deux victimes ont \u00e9t\u00e9 rou\u00e9es de coups, l\u2019une poignard\u00e9e, l\u2019autre humili\u00e9e et forc\u00e9e de fuir nue dans la rue. Une sc\u00e8ne qui a \u00e9t\u00e9 film\u00e9e par leurs agresseurs.\n                            <\/p>\n<p>Une agression d\u2019une extr\u00eame violence s\u2019est produite dans la nuit du mardi\u00a03 au mercredi 4\u00a0juin, vers 1 heure du matin, dans le quartier Saint-Martin \u00e0 Montpellier. Deux jeunes hommes d\u2019une vingtaine d\u2019ann\u00e9es ont en effet \u00e9t\u00e9 violemment pris \u00e0 partie par deux individus de 23 ans, sans motif apparent, alors qu\u2019ils \u00e9taient assis sur un banc du square Hildevert, en compagnie d\u2019une amie.<\/p>\n<p>Ce qui n\u2019\u00e9tait au d\u00e9part qu\u2019un \u00e9change tendu a tr\u00e8s vite d\u00e9g\u00e9n\u00e9r\u00e9. Les deux agresseurs, visiblement \u00e0 la recherche de confrontation, ont commenc\u00e9 par pousser l\u00e9g\u00e8rement les deux amis tout en les provoquant verbalement et physiquement. Pour \u00e9viter l\u2019escalade, les deux jeunes hommes pris \u00e0 partie ont pr\u00e9f\u00e9r\u00e9 se lever et quitter les lieux. Mais les provocateurs les ont suivis\u00a0et la situation a rapidement tourn\u00e9 au pugilat.<\/p>\n<p>Sept points de suture<\/p>\n<p>Tandis que la jeune femme est parvenue\u00a0\u00e0 s\u2019\u00e9loigner pour se mettre \u00e0 l\u2019abri chez elle, l\u2019un des d\u2019eux a re\u00e7u un coup de couteau au flanc gauche. Si la blessure est superficielle, elle a toutefois n\u00e9cessit\u00e9\u00a0sept\u00a0points de suture et cinq jours d\u2019ITT. Il est n\u00e9anmoins parvenu \u00e0 s\u2019enfuir.<\/p>\n<p>Ses agresseurs ont ensuite pass\u00e9 \u00e0 tabac son ami qui \u00e9tait rest\u00e9 pour tenter de calmer la situation. Menac\u00e9 dans un premier temps par l\u2019individu au\u00a0couteau, il a \u00e9t\u00e9 ceintur\u00e9 par son complice. Selon son t\u00e9moignage, le premier a alors\u00a0rang\u00e9 son arme et lui a ass\u00e9n\u00e9\u00a0plusieurs coups de poing au visage, notamment au nez. Trois jours d\u2019ITT lui ont \u00e9t\u00e9 prescrits. Mais les violences ne se sont pas arr\u00eat\u00e9es l\u00e0 puisque\u00a0les mis en cause l\u2019ont ensuite forc\u00e9\u00a0\u00e0 se d\u00e9shabiller enti\u00e8rement, avant de l\u2019obliger \u00e0 s\u2019enfuir, nu, en pleine rue. Une sc\u00e8ne d\u2019humiliation que\u00a0le bin\u00f4me a pris un malin plaisir \u00e0 filmer.<\/p>\n<p>Une rencontre fortuite, marqu\u00e9e par une agressivit\u00e9 gratuite<\/p>\n<p>Une plainte a \u00e9t\u00e9 d\u00e9pos\u00e9e d\u00e8s le lendemain. Les enqu\u00eateurs de la s\u00fbret\u00e9 d\u00e9partementale de Montpellier, saisis de l\u2019enqu\u00eate ont\u00a0su identifier progressivement les deux suspects, \u00e2g\u00e9s de 23 ans, gr\u00e2ce aux vid\u00e9os et aux t\u00e9moignages. Aucune connaissance pr\u00e9alable ne liait les victimes aux auteurs. Tout laisse \u00e0 conclure qu\u2019il s\u2019agissait l\u00e0 d\u2019une rencontre fortuite, marqu\u00e9e par une agressivit\u00e9 gratuite.<\/p>\n<p>Finalement interpell\u00e9s concomitamment mercredi 26\u00a0juin \u00e0 Montpellier, les deux suspects ont \u00e9t\u00e9 plac\u00e9s en garde \u00e0 vue o\u00f9 ils ont reconnu en grande partie les faits qui leur sont reproch\u00e9s. Ils ont \u00e9t\u00e9 d\u00e9f\u00e9r\u00e9s ce vendredi 27\u00a0juin au parquet de Montpellier en vue d\u2019une comparution imm\u00e9diate.<\/p>\n","protected":false},"excerpt":{"rendered":"Deux hommes de 23 ans ont \u00e9t\u00e9 interpell\u00e9s \u00e0 Montpellier apr\u00e8s une agression d\u2019une extr\u00eame violence survenue dans&hellip;\n","protected":false},"author":2,"featured_media":209361,"comment_status":"","ping_status":"","sticky":false,"template":"","format":"standard","meta":{"footnotes":""},"categories":[9599],"tags":[1111,11,1777,674,1011,27,2208,12,2680,25],"class_list":{"0":"post-209360","1":"post","2":"type-post","3":"status-publish","4":"format-standard","5":"has-post-thumbnail","7":"category-montpellier","8":"tag-actu","9":"tag-actualites","10":"tag-eu","11":"tag-europe","12":"tag-fr","13":"tag-france","14":"tag-montpellier","15":"tag-news","16":"tag-occitanie","17":"tag-republique-francaise"},"share_on_mastodon":{"url":"https:\/\/pubeurope.com\/@fr\/114757557471280554","error":""},"_links":{"self":[{"href":"https:\/\/www.europesays.com\/fr\/wp-json\/wp\/v2\/posts\/209360","targetHints":{"allow":["GET"]}}],"collection":[{"href":"https:\/\/www.europesays.com\/fr\/wp-json\/wp\/v2\/posts"}],"about":[{"href":"https:\/\/www.europesays.com\/fr\/wp-json\/wp\/v2\/types\/post"}],"author":[{"embeddable":true,"href":"https:\/\/www.europesays.com\/fr\/wp-json\/wp\/v2\/users\/2"}],"replies":[{"embeddable":true,"href":"https:\/\/www.europesays.com\/fr\/wp-json\/wp\/v2\/comments?post=209360"}],"version-history":[{"count":0,"href":"https:\/\/www.europesays.com\/fr\/wp-json\/wp\/v2\/posts\/209360\/revisions"}],"wp:featuredmedia":[{"embeddable":true,"href":"https:\/\/www.europesays.com\/fr\/wp-json\/wp\/v2\/media\/209361"}],"wp:attachment":[{"href":"https:\/\/www.europesays.com\/fr\/wp-json\/wp\/v2\/media?parent=209360"}],"wp:term":[{"taxonomy":"category","embeddable":true,"href":"https:\/\/www.europesays.com\/fr\/wp-json\/wp\/v2\/categories?post=209360"},{"taxonomy":"post_tag","embeddable":true,"href":"https:\/\/www.europesays.com\/fr\/wp-json\/wp\/v2\/tags?post=209360"}],"curies":[{"name":"wp","href":"https:\/\/api.w.org\/{rel}","templated":true}]}}