{"id":209368,"date":"2025-06-27T22:00:24","date_gmt":"2025-06-27T22:00:24","guid":{"rendered":"https:\/\/www.europesays.com\/fr\/209368\/"},"modified":"2025-06-27T22:00:24","modified_gmt":"2025-06-27T22:00:24","slug":"grenoble-le-radar-est-arrive-sur-la-voie-de-covoiturage-de-la48-et-les-premieres-amendes-aussi","status":"publish","type":"post","link":"https:\/\/www.europesays.com\/fr\/209368\/","title":{"rendered":"Grenoble. Le radar est arriv\u00e9 sur la voie de covoiturage de l&rsquo;A48, et les premi\u00e8res amendes aussi"},"content":{"rendered":"<p>            Par<br \/>\n        <strong><br \/>\n            <a href=\"https:\/\/actu.fr\/auteur\/lisa-rodrigues\" title=\"Consulter tous les articles de Lisa Rodrigues\" target=\"_blank\" rel=\"noopener\">Lisa Rodrigues<\/a><br \/>\n        <\/strong><\/p>\n<p>        Publi\u00e9 le<\/p>\n<p>            27 juin 2025 \u00e0 17h22        <\/p>\n<p>Avis aux automobilistes : si vous circulez seul sur la <strong>voie de covoiturage de l\u2019autoroute A48<\/strong> en Is\u00e8re dans le sens Lyon-Grenoble, vous risquez de vous faire flasher. Car oui, un radar est bien en activit\u00e9 sur la voie de covoiturage, au niveau de <a href=\"https:\/\/actu.fr\/auvergne-rhone-alpes\/saint-egreve_38382\" target=\"_blank\" rel=\"noopener\">Saint-\u00c9gr\u00e8ve<\/a>. Soit un peu plus de <a href=\"https:\/\/actu.fr\/societe\/agglomeration-grenobloise-voie-de-covoiturage-sur-l-a48-donnez-votre-avis_46436915.html\" target=\"_blank\" rel=\"noopener\">quatre ans apr\u00e8s<\/a> le lancement du dispositif \u00e0 l\u2019entr\u00e9e de la m\u00e9tropole grenobloise\u2026<br \/>Pour rappel, l\u2019agglom\u00e9ration de Grenoble a \u00e9t\u00e9 la <strong>premi\u00e8re en France<\/strong> \u00e0\u00a0instaurer une voie de covoiturage, qui s\u2019\u00e9tend sur 8 kilom\u00e8tres entre le p\u00e9age de Voreppe et Saint-\u00c9gr\u00e8ve. Comme actu Grenoble le rapportait <a href=\"https:\/\/actu.fr\/auvergne-rhone-alpes\/grenoble_38185\/grenoble-voies-de-covoiturage-sur-l-a48-pourquoi-il-n-y-a-toujours-pas-de-radar_61500086.html\" target=\"_blank\" rel=\"noopener\">en 2024<\/a>, la mise en place effective des contr\u00f4les radars a pris du retard \u00e0 cause de questions administratives. Une p\u00e9riode de latence qui a pris fin en janvier 2025, pr\u00e9cise la pr\u00e9fecture de l\u2019Is\u00e8re \u00e0 notre r\u00e9daction.<\/p>\n<p>200 verbalisations depuis janvier<\/p>\n<p class=\" wall-content\">Depuis que le radar est en activit\u00e9, environ 200 verbalisations ont \u00e9t\u00e9 envoy\u00e9es, pour une <strong>quarantaine d\u2019activations<\/strong> de la voie de covoiturage de l\u2019A48. Une activation \u2013 visible avec l\u2019apparition du losange lumineux sur les panneaux d\u2019autoroute \u2013 qui est d\u00e9cid\u00e9e par le gestionnaire de l\u2019autoroute, Area, notamment pendant les pics de trafic en direction de <a href=\"https:\/\/actu.fr\/auvergne-rhone-alpes\/grenoble_38185\" target=\"_blank\" rel=\"noopener\">Grenoble<\/a>.\u00a0<\/p>\n<p class=\" wall-content\">Contact\u00e9, le gestionnaire autoroutier rappelle que \u00ab\u00a0la voie de covoiturage sur l\u2019A48 est un <strong>dispositif exp\u00e9rimental<\/strong>\u00a0\u00bb qui a pour but premier la \u00ab\u00a0fluidit\u00e9 du trafic\u00a0\u00bb. \u00ab\u00a0Les am\u00e9nagements d\u00e9velopp\u00e9s et conduits sur l\u2019A48 ont grandement am\u00e9lior\u00e9 les probl\u00e8mes initiaux de congestion\u00a0\u00bb, assure Area, qui n\u2019a toutefois aucune donn\u00e9e chiffr\u00e9e \u00e0 transmettre.<\/p>\n<p class=\" wall-content\">La lutte contre l\u2019autosolisme (le fait d\u2019\u00eatre seul dans sa voiture) est \u00e9galement l\u2019un des objectifs annonc\u00e9s de la voie de covoiturage.\u00a0<\/p>\n<p>La police municipale assure les verbalisations<\/p>\n<p class=\" wall-content\">Pour la verbalisation, c\u2019est la police municipale de Saint-\u00c9gr\u00e8ve qui s\u2019en charge. Celle-ci n\u2019\u00e9tant habituellement pas comp\u00e9tente sur les autoroutes, la loi a \u00e9t\u00e9 modifi\u00e9e pour lui permettre, avec l\u2019accord de la Ville, de r\u00e9aliser les verbalisations.<\/p>\n<p class=\" wall-content\">D\u00e8s lors que la voie de covoiturage est activ\u00e9e, \u00ab\u00a0suivant les disponibilit\u00e9s du service, je mets un agent sur cette t\u00e2che\u00a0\u00bb de verbalisation, explique \u00e0 <a href=\"https:\/\/actu.fr\/grenoble\/\" target=\"_blank\" rel=\"noopener\">actu Grenoble<\/a> Yoann Breul, responsable du service de police municipale de Saint-\u00c9gr\u00e8ve et Fontanil-Cornillon. \u00ab\u00a0C\u2019est un service en plus de notre activit\u00e9, qui se fait dans nos locaux.\u00a0\u00bb<\/p>\n<p class=\" wall-content\">Tout est <strong>automatis\u00e9<\/strong> et s\u00e9curis\u00e9. \u00ab\u00a0On a un ordinateur sp\u00e9cialement d\u00e9di\u00e9\u00a0\u00bb aux contr\u00f4les de la voie r\u00e9serv\u00e9e. \u00ab\u00a0Tout arrive sur un logiciel, avec les fiches de tous les v\u00e9hicules flash\u00e9s\u00a0\u00bb, comprenant plusieurs clich\u00e9s de la voiture, sa plaque d\u2019immatriculation, ou l\u2019heure et la date du contr\u00f4le.\u00a0<\/p>\n<p>\u00ab\u00a0On ne conna\u00eet pas la vitesse du v\u00e9hicule\u00a0\u00bb<\/p>\n<p class=\" wall-content\">L\u2019agent de police municipal affect\u00e9 au contr\u00f4le de la voie de covoiturage s\u2019assure que tout correspond avant de valider la verbalisation. \u00ab\u00a0On regarde juste <strong>combien de personnes sont dans la voiture<\/strong>. On ne conna\u00eet pas la vitesse du v\u00e9hicule\u00a0\u00bb qui, elle, est prise par d\u2019autres radars, insiste Yoann Breul.<\/p>\n<p class=\" wall-content\">Au minimum, il faut donc \u00eatre deux dans la voiture, enfant compris. \u00ab\u00a0On voit bien sur les photos quand une t\u00eate d\u00e9passe du si\u00e8ge auto \u00e0 l\u2019arri\u00e8re, assure le policier municipal. Et s\u2019il y a un doute, \u00e7a profite toujours \u00e0 l\u2019automobiliste !\u00a0\u00bb \u00ab\u00a0En cas de doute les fiches sont recal\u00e9es\u00a0\u00bb, confirme \u00e0 la r\u00e9daction la pr\u00e9fecture de l\u2019<a href=\"https:\/\/actu.fr\/auvergne-rhone-alpes\/isere_38\" target=\"_blank\" rel=\"noopener\">Is\u00e8re<\/a>.<\/p>\n<p class=\" wall-content\">Les verbalisations sont ensuite transmises \u00e0 l\u2019ANTAI (Agence nationale de traitement automatis\u00e9 des infractions) qui envoie <strong>l\u2019amende de 135 euros<\/strong> par voie postale quelques jours plus tard.<\/p>\n<p>\u00ab\u00a0On fait office de bon \u00e9l\u00e8ve\u00a0\u00bb<\/p>\n<p class=\" wall-content\">Si la verbalisation n\u2019est pas la seule solution, elle reste une m\u00e9thode pertinente en mati\u00e8re de <strong>s\u00e9curit\u00e9 routi\u00e8re<\/strong>. Pour autant, \u00e0 Grenoble \u00ab\u00a0on fait office de bon \u00e9l\u00e8ve\u00a0\u00bb, assure Yoann Breul.<\/p>\n<blockquote class=\"ac-article-quote wall-content\">\n<p>La voie de covoiturage est quand m\u00eame relativement bien respect\u00e9e. Quand on met en parall\u00e8le le nombre d&rsquo;activation de la voie et le nombre de verbalisations, \u00e7a reste peu \u00e9lev\u00e9.<\/p>\n<p>    <strong>Yoann Breul<\/strong><br \/>\n        Responsable du service de police municipale de Saint-\u00c9gr\u00e8ve    <\/p><\/blockquote>\n<p class=\" wall-content\">D\u2019autres villes en France ont vu fleurir en entr\u00e9e d\u2019agglom\u00e9ration des voies r\u00e9serv\u00e9es au covoiturage, <a href=\"https:\/\/actu.fr\/auvergne-rhone-alpes\/lyon_69123\/les-radars-covoiturage-en-service-des-lundi-aux-entrees-de-lyon-que-risquez-vous_61410958.html\" target=\"_blank\" rel=\"noopener\">comme \u00e0 Lyon<\/a>. \u00ab\u00a0L\u00e0-bas, la voie de covoiturage est permanente et ils ont un service d\u00e9di\u00e9\u00a0\u00bb pour le contr\u00f4le et la verbalisation, continue le policier municipal is\u00e9rois. \u00ab\u00a0Eux, ils sont \u00e0 plusieurs milliers de verbalisations !\u00a0\u00bb\u00a0<\/p>\n<p class=\" wall-content\">Un bilan sur les diff\u00e9rentes voies r\u00e9serv\u00e9es au covoiturage en France doit \u00eatre pr\u00e9sent\u00e9 au cours de l\u2019\u00e9t\u00e9 2025 au Parlement. \u00ab\u00a0Ce point d\u2019\u00e9tape permettra d\u2019informer la repr\u00e9sentation nationale des gains constat\u00e9s en termes de temps de parcours et de lutte contre l\u2019autosolisme\u00a0\u00bb, indique Area.<\/p>\n<p class=\" wall-content\">Suivez toute l\u2019actualit\u00e9 de vos villes et m\u00e9dias favoris en vous inscrivant \u00e0 <a href=\"https:\/\/moncompte.actu.fr\" title=\"D\u00e9couvez Mon Actu\" rel=\"nofollow noopener\" data-trk=\"{&quot;cta&quot;:{&quot;action&quot;:&quot;https:\\\/\\\/moncompte.actu.fr&quot;,&quot;category&quot;:&quot;mon compte&quot;,&quot;from&quot;:&quot;article footer&quot;,&quot;name&quot;:&quot;Mon actu&quot;,&quot;type&quot;:&quot;cta&quot;}}\" target=\"_blank\">Mon Actu<\/a>.<\/p>\n","protected":false},"excerpt":{"rendered":"Par Lisa Rodrigues Publi\u00e9 le 27 juin 2025 \u00e0 17h22 Avis aux automobilistes : si vous circulez seul&hellip;\n","protected":false},"author":2,"featured_media":209369,"comment_status":"","ping_status":"","sticky":false,"template":"","format":"standard","meta":{"footnotes":""},"categories":[9566],"tags":[1111,11,7622,2430,3542,1777,674,1011,27,2731,12,6957,25,104],"class_list":{"0":"post-209368","1":"post","2":"type-post","3":"status-publish","4":"format-standard","5":"has-post-thumbnail","7":"category-grenoble","8":"tag-actu","9":"tag-actualites","10":"tag-amendes","11":"tag-auvergne-rhone-alpes","12":"tag-circulation","13":"tag-eu","14":"tag-europe","15":"tag-fr","16":"tag-france","17":"tag-grenoble","18":"tag-news","19":"tag-radars","20":"tag-republique-francaise","21":"tag-societe"},"share_on_mastodon":{"url":"https:\/\/pubeurope.com\/@fr\/114757581086780336","error":""},"_links":{"self":[{"href":"https:\/\/www.europesays.com\/fr\/wp-json\/wp\/v2\/posts\/209368","targetHints":{"allow":["GET"]}}],"collection":[{"href":"https:\/\/www.europesays.com\/fr\/wp-json\/wp\/v2\/posts"}],"about":[{"href":"https:\/\/www.europesays.com\/fr\/wp-json\/wp\/v2\/types\/post"}],"author":[{"embeddable":true,"href":"https:\/\/www.europesays.com\/fr\/wp-json\/wp\/v2\/users\/2"}],"replies":[{"embeddable":true,"href":"https:\/\/www.europesays.com\/fr\/wp-json\/wp\/v2\/comments?post=209368"}],"version-history":[{"count":0,"href":"https:\/\/www.europesays.com\/fr\/wp-json\/wp\/v2\/posts\/209368\/revisions"}],"wp:featuredmedia":[{"embeddable":true,"href":"https:\/\/www.europesays.com\/fr\/wp-json\/wp\/v2\/media\/209369"}],"wp:attachment":[{"href":"https:\/\/www.europesays.com\/fr\/wp-json\/wp\/v2\/media?parent=209368"}],"wp:term":[{"taxonomy":"category","embeddable":true,"href":"https:\/\/www.europesays.com\/fr\/wp-json\/wp\/v2\/categories?post=209368"},{"taxonomy":"post_tag","embeddable":true,"href":"https:\/\/www.europesays.com\/fr\/wp-json\/wp\/v2\/tags?post=209368"}],"curies":[{"name":"wp","href":"https:\/\/api.w.org\/{rel}","templated":true}]}}