{"id":209378,"date":"2025-06-27T22:05:11","date_gmt":"2025-06-27T22:05:11","guid":{"rendered":"https:\/\/www.europesays.com\/fr\/209378\/"},"modified":"2025-06-27T22:05:11","modified_gmt":"2025-06-27T22:05:11","slug":"les-gens-du-voyage-sont-arrives-a-saint-laurent-du-var-vendredi-soir","status":"publish","type":"post","link":"https:\/\/www.europesays.com\/fr\/209378\/","title":{"rendered":"Les gens du voyage sont arriv\u00e9s \u00e0 Saint-Laurent-du-Var vendredi soir"},"content":{"rendered":"<p>Les gens du voyage sont arriv\u00e9s \u00e0 Saint-Laurent-du-Var ce vendredi 27 juin 2025 en fin de journ\u00e9e.<\/p>\n<p>Depuis 17h30, entre 150 et 200 caravanes (soit une grosse centaine de familles) sont en cours d&rsquo;installation dans le quartier des Iscles, sur les terrains r\u00e9quisitionn\u00e9s par le pr\u00e9fet pour les accueillir.<\/p>\n<p>Tous doivent arriver ce vendredi et monter leur chapiteau dans la soir\u00e9e.<\/p>\n<p>Apr\u00e8s la pol\u00e9mique<\/p>\n<p>Les terrains, dont certains priv\u00e9s, sur lesquels s&rsquo;installent les caravanes ont \u00e9t\u00e9 r\u00e9quisitionn\u00e9s il y a quelques jours par le nouveau pr\u00e9fet des Alpes-Maritimes, Laurent Hottiaux, du 28 juin au 5 ao\u00fbt. Faute d&rsquo;aire de grand passage dans le d\u00e9partement, comme l&rsquo;impose une loi datant de 2000, le pr\u00e9fet a sign\u00e9 un arr\u00eat\u00e9 pour l&rsquo;h\u00e9bergement d&rsquo;urgence et l&rsquo;accueil du groupe sur ces parcelles situ\u00e9es \u00e0 c\u00f4t\u00e9 du terrain de sport et de la caserne des pompiers.<\/p>\n<p>              <img ci-src=\"https:\/\/www.nicematin.com\/vie-locale\/20250627_181936-gOBnzCtI.webp?vh=d6a1fb&amp;ci_seal=4222d7912a\" alt=\"\"\/><br \/>\n        Les gens du voyage \u00e0 Saint-Laurent-du-Var, vendredi 27 juin 2025. <strong>Photo A. R..<\/strong> <\/p>\n<p>Un arr\u00eat\u00e9 que le maire de Saint-Laurent-du-Var, Joseph S\u00e9gura, a tent\u00e9 de faire annuler devant la justice, jugeant le choix de l&#8217;emplacement \u00ab\u00a0inadapt\u00e9\u00a0\u00bb. Mais le juge des r\u00e9f\u00e9r\u00e9s du tribunal administratif de Nice a rejet\u00e9 son recours, mardi.<\/p>\n<p>En 2023 et 2024, la pr\u00e9fecture avait r\u00e9quisitionn\u00e9 des terrains \u00e0 Mandelieu, Grasse et Levens. Le pr\u00e9fet ne souhaitait pas les r\u00e9quisitionner de nouveau cette ann\u00e9e au nom du \u00ab\u00a0principe d\u2019alternance\u00a0\u00bb qu&rsquo;il pr\u00f4ne, dont \u00ab\u00a0le but est de ne pas faire porter sur les m\u00eames collectivit\u00e9s la charge de l\u2019accueil deux ann\u00e9es d\u2019affil\u00e9e\u00a0\u00bb.<\/p>\n<p>              <img ci-src=\"https:\/\/www.nicematin.com\/vie-locale\/1000092635-3ZbqWntK.webp?vh=28dcdb&amp;ci_seal=dda707dc47\" alt=\"\"\/><br \/>\n        Les gens du voyage \u00e0 Saint-Laurent-du-Var, vendredi 27 juin 2025. <strong>Photo A. R. .<\/strong> <\/p>\n","protected":false},"excerpt":{"rendered":"Les gens du voyage sont arriv\u00e9s \u00e0 Saint-Laurent-du-Var ce vendredi 27 juin 2025 en fin de journ\u00e9e. Depuis&hellip;\n","protected":false},"author":2,"featured_media":209379,"comment_status":"","ping_status":"","sticky":false,"template":"","format":"standard","meta":{"footnotes":""},"categories":[2819],"tags":[1111,11,1777,674,1011,27,12,2401,882,25,3366],"class_list":{"0":"post-209378","1":"post","2":"type-post","3":"status-publish","4":"format-standard","5":"has-post-thumbnail","7":"category-nice","8":"tag-actu","9":"tag-actualites","10":"tag-eu","11":"tag-europe","12":"tag-fr","13":"tag-france","14":"tag-news","15":"tag-nice","16":"tag-provence-alpes-cote-dazur","17":"tag-republique-francaise","18":"tag-vie-locale"},"share_on_mastodon":{"url":"https:\/\/pubeurope.com\/@fr\/114757600778675754","error":""},"_links":{"self":[{"href":"https:\/\/www.europesays.com\/fr\/wp-json\/wp\/v2\/posts\/209378","targetHints":{"allow":["GET"]}}],"collection":[{"href":"https:\/\/www.europesays.com\/fr\/wp-json\/wp\/v2\/posts"}],"about":[{"href":"https:\/\/www.europesays.com\/fr\/wp-json\/wp\/v2\/types\/post"}],"author":[{"embeddable":true,"href":"https:\/\/www.europesays.com\/fr\/wp-json\/wp\/v2\/users\/2"}],"replies":[{"embeddable":true,"href":"https:\/\/www.europesays.com\/fr\/wp-json\/wp\/v2\/comments?post=209378"}],"version-history":[{"count":0,"href":"https:\/\/www.europesays.com\/fr\/wp-json\/wp\/v2\/posts\/209378\/revisions"}],"wp:featuredmedia":[{"embeddable":true,"href":"https:\/\/www.europesays.com\/fr\/wp-json\/wp\/v2\/media\/209379"}],"wp:attachment":[{"href":"https:\/\/www.europesays.com\/fr\/wp-json\/wp\/v2\/media?parent=209378"}],"wp:term":[{"taxonomy":"category","embeddable":true,"href":"https:\/\/www.europesays.com\/fr\/wp-json\/wp\/v2\/categories?post=209378"},{"taxonomy":"post_tag","embeddable":true,"href":"https:\/\/www.europesays.com\/fr\/wp-json\/wp\/v2\/tags?post=209378"}],"curies":[{"name":"wp","href":"https:\/\/api.w.org\/{rel}","templated":true}]}}