{"id":209380,"date":"2025-06-27T22:06:14","date_gmt":"2025-06-27T22:06:14","guid":{"rendered":"https:\/\/www.europesays.com\/fr\/209380\/"},"modified":"2025-06-27T22:06:14","modified_gmt":"2025-06-27T22:06:14","slug":"voici-ou-il-va-faire-le-plus-chaud","status":"publish","type":"post","link":"https:\/\/www.europesays.com\/fr\/209380\/","title":{"rendered":"voici o\u00f9 il va faire le plus chaud"},"content":{"rendered":"<p>            Par<br \/>\n        <strong><br \/>\n            <a href=\"https:\/\/actu.fr\/auteur\/ugo-maillard\" title=\"Consulter tous les articles de Ugo Maillard\" rel=\"nofollow noopener\" target=\"_blank\">Ugo Maillard<\/a><br \/>\n        <\/strong><\/p>\n<p>        Publi\u00e9 le<\/p>\n<p>            27 juin 2025 \u00e0 18h12        <\/p>\n<p>Quatorze <a href=\"https:\/\/actu.fr\/meteo\/canicule-la-vigilance-etendue-a-une-quinzaine-de-departements-ce-samedi-plus-de-40-c-attendus_62835840.html\" rel=\"nofollow noopener\" target=\"_blank\">d\u00e9partements<\/a> de la vall\u00e9e du Rh\u00f4ne et du littoral m\u00e9diterran\u00e9en sont concern\u00e9s. Un d\u00f4me de chaleur qui va peser dans le ciel des <a href=\"https:\/\/actu.fr\/provence-alpes-cote-d-azur\/alpes-maritimes_06\" rel=\"nofollow noopener\" target=\"_blank\">Alpes-Maritimes<\/a>. C\u2019est pour cette raison que M\u00e9t\u00e9o France a plac\u00e9 le d\u00e9partement en <strong>vigilance orange canicule<\/strong> pour la journ\u00e9e du samedi 28\u00a0juin 2025.<\/p>\n<p class=\" wall-content\">Sur le territoire maralpin, le mercure va s\u2019affoler,<strong> fr\u00f4lant localement les 40\u00b0C<\/strong>. On fait le point sur les pr\u00e9visions m\u00e9t\u00e9orologiques de ces prochaines heures.<\/p>\n<p>Des pics \u00e0 36\u00b0C<\/p>\n<p class=\" wall-content\">La vigilance \u00e9mise par M\u00e9t\u00e9o France entrera en vigueur \u00e0 partir de ce samedi \u00e0 12h. \u00c0 <a href=\"https:\/\/actu.fr\/nice\/\" rel=\"nofollow noopener\" target=\"_blank\">Nice<\/a>, la maximale de ce samedi devrait \u00eatre de 33\u00b0C.<\/p>\n<p class=\" wall-content\">La maximale du jour devrait \u00eatre enregistr\u00e9e sur plusieurs communes de l\u2019arri\u00e8re-pays ni\u00e7ois comme \u00e0 Saint-Martin-du-Var, Guillaumes ou encore Puget-Th\u00e9niers.<\/p>\n<p class=\" wall-content\">\u00c0 noter que les services m\u00e9t\u00e9orologiques ne se sont pas encore prononc\u00e9s quant \u00e0 la journ\u00e9e de dimanche, mais il para\u00eet tr\u00e8s probable que les Alpes-Maritimes soient \u00e0 nouveau plac\u00e9s en vigilance orange canicule. Le mercure devrait grimper j<strong>usqu\u2019\u00e0 37\u00b0C<\/strong>.<\/p>\n<p>Vid\u00e9os : en ce moment sur Actu<\/p>\n<p class=\" wall-content\">C\u00f4t\u00e9 ciel, la journ\u00e9e sera marqu\u00e9e par un immense soleil.<\/p>\n<p>Les bons gestes \u00e0 adopter<\/p>\n<p class=\" wall-content\">Face \u00e0 ces conditions caniculaires, des\u00a0recommandations\u00a0\u00e0 destination de toute la population sont transmises par les services de l\u2019\u00c9tat.<\/p>\n<p class=\" wall-content\">\n<ul class=\" wall-content\">\n<li>Pensez \u00e0 vous hydrater correctement<\/li>\n<li>Limitez votre pratique sportive en cas de fortes chaleurs<\/li>\n<li>Mangez en quantit\u00e9 suffisante et limitez la consommation d\u2019alcool<\/li>\n<li>Prenez des nouvelles de vos proches, particuli\u00e8rement des personnes fragiles<\/li>\n<\/ul>\n<p class=\" wall-content\">Tous les comportements \u00e0 suivre sont \u00e0 retrouver sur le <a href=\"https:\/\/www.alpes-maritimes.gouv.fr\/\" rel=\"nofollow noopener\" target=\"_blank\">site<\/a> de la pr\u00e9fecture.<\/p>\n<p class=\" wall-content\">Suivez toute l\u2019actualit\u00e9 de vos villes et m\u00e9dias favoris en vous inscrivant \u00e0 <a href=\"https:\/\/moncompte.actu.fr\" title=\"D\u00e9couvez Mon Actu\" rel=\"nofollow noopener\" data-trk=\"{&quot;cta&quot;:{&quot;action&quot;:&quot;https:\\\/\\\/moncompte.actu.fr&quot;,&quot;category&quot;:&quot;mon compte&quot;,&quot;from&quot;:&quot;article footer&quot;,&quot;name&quot;:&quot;Mon actu&quot;,&quot;type&quot;:&quot;cta&quot;}}\" target=\"_blank\">Mon Actu<\/a>.<\/p>\n","protected":false},"excerpt":{"rendered":"Par Ugo Maillard Publi\u00e9 le 27 juin 2025 \u00e0 18h12 Quatorze d\u00e9partements de la vall\u00e9e du Rh\u00f4ne et&hellip;\n","protected":false},"author":2,"featured_media":209381,"comment_status":"","ping_status":"","sticky":false,"template":"","format":"standard","meta":{"footnotes":""},"categories":[2819],"tags":[1111,11,6698,1777,674,1011,27,2487,2357,12,2401,882,25],"class_list":{"0":"post-209380","1":"post","2":"type-post","3":"status-publish","4":"format-standard","5":"has-post-thumbnail","7":"category-nice","8":"tag-actu","9":"tag-actualites","10":"tag-canicule","11":"tag-eu","12":"tag-europe","13":"tag-fr","14":"tag-france","15":"tag-meteo","16":"tag-meteo-france","17":"tag-news","18":"tag-nice","19":"tag-provence-alpes-cote-dazur","20":"tag-republique-francaise"},"share_on_mastodon":{"url":"https:\/\/pubeurope.com\/@fr\/114757604700285103","error":""},"_links":{"self":[{"href":"https:\/\/www.europesays.com\/fr\/wp-json\/wp\/v2\/posts\/209380","targetHints":{"allow":["GET"]}}],"collection":[{"href":"https:\/\/www.europesays.com\/fr\/wp-json\/wp\/v2\/posts"}],"about":[{"href":"https:\/\/www.europesays.com\/fr\/wp-json\/wp\/v2\/types\/post"}],"author":[{"embeddable":true,"href":"https:\/\/www.europesays.com\/fr\/wp-json\/wp\/v2\/users\/2"}],"replies":[{"embeddable":true,"href":"https:\/\/www.europesays.com\/fr\/wp-json\/wp\/v2\/comments?post=209380"}],"version-history":[{"count":0,"href":"https:\/\/www.europesays.com\/fr\/wp-json\/wp\/v2\/posts\/209380\/revisions"}],"wp:featuredmedia":[{"embeddable":true,"href":"https:\/\/www.europesays.com\/fr\/wp-json\/wp\/v2\/media\/209381"}],"wp:attachment":[{"href":"https:\/\/www.europesays.com\/fr\/wp-json\/wp\/v2\/media?parent=209380"}],"wp:term":[{"taxonomy":"category","embeddable":true,"href":"https:\/\/www.europesays.com\/fr\/wp-json\/wp\/v2\/categories?post=209380"},{"taxonomy":"post_tag","embeddable":true,"href":"https:\/\/www.europesays.com\/fr\/wp-json\/wp\/v2\/tags?post=209380"}],"curies":[{"name":"wp","href":"https:\/\/api.w.org\/{rel}","templated":true}]}}