{"id":209383,"date":"2025-06-27T22:08:14","date_gmt":"2025-06-27T22:08:14","guid":{"rendered":"https:\/\/www.europesays.com\/fr\/209383\/"},"modified":"2025-06-27T22:08:14","modified_gmt":"2025-06-27T22:08:14","slug":"fortes-chaleurs-a-nantes-les-mairies-adaptent-leurs-heures-douverture","status":"publish","type":"post","link":"https:\/\/www.europesays.com\/fr\/209383\/","title":{"rendered":"Fortes chaleurs\u00a0: \u00e0 Nantes, les mairies adaptent leurs heures d\u2019ouverture"},"content":{"rendered":"<p>Du lundi 30\u00a0juin au mercredi 2\u00a0juillet inclus, la mairie centrale de Nantes et les diff\u00e9rentes mairies de quartier am\u00e9nagent leurs horaires, pour faire face \u00e0 <a href=\"https:\/\/nantes.maville.com\/actu\/actudet_-une-vague-de-chaleur-arrive-en-loire-atlantique-le-departement-place-en-vigilance-jaune-canicule-_8-6875103_actu.Htm\" target=\"_blank\" rel=\"noopener\">un nouvel \u00e9pisode de fortes chaleurs<\/a>, avec un placement probable du d\u00e9partement en vigilance canicule par M\u00e9t\u00e9o France.<\/p>\n<p>Pendant trois journ\u00e9es<\/p>\n<p>Les services d\u2019accueil (\u00e9tat civil, formalit\u00e9s administratives, op\u00e9rations fun\u00e9raires, objets trouv\u00e9s) sont ouverts au public, de 7\u00a0h\u00a030 \u00e0 14\u00a0h\u00a030, au cours de ces trois journ\u00e9es. Les mariages sont bien s\u00fbr c\u00e9l\u00e9br\u00e9s et, dans les cimeti\u00e8res, les agents d\u2019accueil assurent un service normal.<\/p>\n<p>Les mesures mises en place par la Ville de Nantes sont disponibles sur le site internet de la collectivit\u00e9\u00a0: <a href=\"https:\/\/metropole.nantes.fr\/\" target=\"_blank\" rel=\"noopener\">metropole.nantes.fr<\/a>.<\/p>\n<p>\u00a0<\/p>\n","protected":false},"excerpt":{"rendered":"Du lundi 30\u00a0juin au mercredi 2\u00a0juillet inclus, la mairie centrale de Nantes et les diff\u00e9rentes mairies de quartier&hellip;\n","protected":false},"author":2,"featured_media":209384,"comment_status":"","ping_status":"","sticky":false,"template":"","format":"standard","meta":{"footnotes":""},"categories":[2818],"tags":[1111,11,33611,32639,1777,674,32638,1011,27,6203,34835,766,12,14570,2636,25],"class_list":{"0":"post-209383","1":"post","2":"type-post","3":"status-publish","4":"format-standard","5":"has-post-thumbnail","7":"category-nantes","8":"tag-actu","9":"tag-actualites","10":"tag-adaptent","11":"tag-chaleurs","12":"tag-eu","13":"tag-europe","14":"tag-fortes","15":"tag-fr","16":"tag-france","17":"tag-heures","18":"tag-mairies","19":"tag-nantes","20":"tag-news","21":"tag-ouverture","22":"tag-pays-de-la-loire","23":"tag-republique-francaise"},"share_on_mastodon":{"url":"https:\/\/pubeurope.com\/@fr\/114757612558139853","error":""},"_links":{"self":[{"href":"https:\/\/www.europesays.com\/fr\/wp-json\/wp\/v2\/posts\/209383","targetHints":{"allow":["GET"]}}],"collection":[{"href":"https:\/\/www.europesays.com\/fr\/wp-json\/wp\/v2\/posts"}],"about":[{"href":"https:\/\/www.europesays.com\/fr\/wp-json\/wp\/v2\/types\/post"}],"author":[{"embeddable":true,"href":"https:\/\/www.europesays.com\/fr\/wp-json\/wp\/v2\/users\/2"}],"replies":[{"embeddable":true,"href":"https:\/\/www.europesays.com\/fr\/wp-json\/wp\/v2\/comments?post=209383"}],"version-history":[{"count":0,"href":"https:\/\/www.europesays.com\/fr\/wp-json\/wp\/v2\/posts\/209383\/revisions"}],"wp:featuredmedia":[{"embeddable":true,"href":"https:\/\/www.europesays.com\/fr\/wp-json\/wp\/v2\/media\/209384"}],"wp:attachment":[{"href":"https:\/\/www.europesays.com\/fr\/wp-json\/wp\/v2\/media?parent=209383"}],"wp:term":[{"taxonomy":"category","embeddable":true,"href":"https:\/\/www.europesays.com\/fr\/wp-json\/wp\/v2\/categories?post=209383"},{"taxonomy":"post_tag","embeddable":true,"href":"https:\/\/www.europesays.com\/fr\/wp-json\/wp\/v2\/tags?post=209383"}],"curies":[{"name":"wp","href":"https:\/\/api.w.org\/{rel}","templated":true}]}}