{"id":209387,"date":"2025-06-27T22:10:18","date_gmt":"2025-06-27T22:10:18","guid":{"rendered":"https:\/\/www.europesays.com\/fr\/209387\/"},"modified":"2025-06-27T22:10:18","modified_gmt":"2025-06-27T22:10:18","slug":"finale-top-14-limmense-defi-du-stade-toulousain-face-a-bordeaux-begles-dans-un-duel-de-champions-xxl","status":"publish","type":"post","link":"https:\/\/www.europesays.com\/fr\/209387\/","title":{"rendered":"Finale Top 14. L&rsquo;immense d\u00e9fi du Stade Toulousain face \u00e0 Bordeaux-B\u00e8gles, dans un duel de champions XXL"},"content":{"rendered":"<p>            Par<br \/>\n        <strong><br \/>\n            <a href=\"https:\/\/actu.fr\/auteur\/guillaume-laurens\" title=\"Consulter tous les articles de Guillaume Laurens\" target=\"_blank\" rel=\"noopener\">Guillaume Laurens<\/a><br \/>\n        <\/strong><\/p>\n<p>        Publi\u00e9 le<\/p>\n<p>            27 juin 2025 \u00e0 18h46        <\/p>\n<p>\u00c0 quelques heures de la finale tant attendue du <strong>Top\u00a014<\/strong> de rugby, entre les deux \u00e9curies qui dominent la plan\u00e8te ovale en France et en Europe, la fi\u00e8vre monte \u00e0 <strong>Toulouse<\/strong>, tant ce duel entre le <strong><a href=\"https:\/\/actu.fr\/tag\/stade-toulousain\" target=\"_blank\" rel=\"noopener\">Stade Toulousain<\/a><\/strong> et son grand rival de <strong>l\u2019Union Bordeaux-B\u00e8gles<\/strong> prend des allures de tectonique des plaques.\u00a0Samedi 28\u00a0juin 2025, la bande \u00e0<strong> Romain Ntamack<\/strong> affronte celle de <strong>Louis Bielle-Biarrey<\/strong>. Et cette affiche de gala entre deux \u00e9quipes bard\u00e9es d\u2019internationaux promet de faire <strong>des \u00e9tincelles<\/strong>. L\u2019avant-go\u00fbt des hostilit\u00e9s.<\/p>\n<p>Retrouvailles \u00e9tincelantes et revanches tous azimuts\u2009!<\/p>\n<p class=\" wall-content\">Apr\u00e8s <a href=\"https:\/\/actu.fr\/sports\/rugby\/top-14-inarretable-toulouse-ecrase-bordeaux-s-offre-un-23e-bouclier-de-brennus-et-realise-le-double_61274264.html\" target=\"_blank\" rel=\"noopener\">une finale explosive l\u2019an dernier, marqu\u00e9e par une <strong>domination \u00e9crasante,<\/strong> sinon une racl\u00e9e m\u00e9morable des Rouge et Noir (59-3),<\/a> le Stade Toulousain et l\u2019Union Bordeaux-B\u00e8gles se retrouvent donc une nouvelle fois au sommet du Top\u00a014. Mais le <strong>contexte<\/strong> a-t-il chang\u00e9\u2009?<\/p>\n<p class=\" wall-content\">Si Toulouse est large dominateur de la phase r\u00e9guli\u00e8re, cette saison, les deux \u00e9quipes ont d\u00e9j\u00e0 eu droit \u00e0 <strong>trois confrontations<\/strong>, toutes remport\u00e9es\u2026 par <strong>l\u2019UBB<\/strong>\u2009: deux en championnat et une en<a href=\"https:\/\/actu.fr\/occitanie\/toulouse_31555\/champions-cup-fin-de-parcours-pour-le-stade-toulousain-stoppe-net-a-bordeaux_62593410.html\" target=\"_blank\" rel=\"noopener\"> demi-finale de Champions Cup, au Matmut Atlantique, le fief des Bordelais (35-18).<\/a><\/p>\n<p>Toulouse en qu\u00eate d\u2019un 24e Brennus, Bordeaux d\u2019un doubl\u00e9<\/p>\n<p class=\" wall-content\">D\u2019un c\u00f4t\u00e9, jamais rassasi\u00e9, le club le plus titr\u00e9 de la plan\u00e8te ovale (23 Boucliers de Brennus et six Champions Cup soulev\u00e9s) est en qu\u00eate d\u2019un <strong>troisi\u00e8me titre cons\u00e9cutif<\/strong> en Top\u00a014. Mais de l\u2019autre, fra\u00eechement aur\u00e9ol\u00e9e de sa premi\u00e8re \u00e9toile en Champions Cup, l\u2019UBB disputera la deuxi\u00e8me finale de Top\u00a014 de son histoire\u2026 et peut pr\u00e9tendre \u00e0 <strong>un doubl\u00e9 in\u00e9dit<\/strong>.\u00a0C\u2019est donc peu dire que cette opposition de titans aura un parfum de <strong>revanche\u2026 tous azimuts\u2009!<\/strong><\/p>\n<p>Toulouse va devoir changer de braquet en finale<\/p>\n<p class=\" wall-content\">Avant <a href=\"https:\/\/actu.fr\/occitanie\/toulouse_31555\/top-14-le-stade-toulousain-ecarte-bayonne-et-jouera-une-3e-finale-d-affilee_62805552.html\" target=\"_blank\" rel=\"noopener\">leur succ\u00e8s pas franchement brillant en demi-finale<\/a>, les Stadistes s\u2019\u00e9taient directement qualifi\u00e9s bien avant la fin de la phase r\u00e9guli\u00e8re, en r\u00e9alisant <a href=\"https:\/\/actu.fr\/occitanie\/toulouse_31555\/top-14-toulouse-en-route-vers-trois-records-a-la-fin-de-la-saison-2024-2025-ce-que-disent-les-statistiques_62621233.html\" target=\"_blank\" rel=\"noopener\">une <\/a><strong><a href=\"https:\/\/actu.fr\/occitanie\/toulouse_31555\/top-14-toulouse-en-route-vers-trois-records-a-la-fin-de-la-saison-2024-2025-ce-que-disent-les-statistiques_62621233.html\" target=\"_blank\" rel=\"noopener\">saison de tous les records<\/a>.<\/strong><\/p>\n<p class=\" wall-content\">Pour s\u2019assurer un billet pour la finale, ont-ils simplement <strong>g\u00e9r\u00e9 leur effort<\/strong> lors de cette victoire un brin poussive face \u00e0 l\u2019Aviron Bayonnais\u2009? Il va clairement falloir <strong>changer de braquet<\/strong> et ce sera la mission des prot\u00e9g\u00e9s d\u2019Ugo Mola face \u00e0 ceux de Yannick Bru, le tacticien bordelais (par ailleurs ancien joueur du Stade Toulousain).<\/p>\n<p>Vid\u00e9os : en ce moment sur Actu(Tr\u00e8s) amput\u00e9, le\u00a0Stade Toulousain a de la ressource<\/p>\n<p class=\" wall-content\">Pour cet ultime combat de la saison, Toulouse pourra compter sur de nombreux cadres, mais devra aussi faire avec les nombreux abonn\u00e9s\u2026 \u00e0 son <strong>infirmerie<\/strong>.<\/p>\n<p class=\" wall-content\">Dot\u00e9 d\u2019un effectif XXL, le Stade Toulousain sera en effet encore priv\u00e9 de nombreux joueurs majeurs\u2009: parmi eux, citons le virevoltant <strong>Ange Capuozzo<\/strong>, le talonneur <strong>Peato Mauvaka<\/strong>, et bien \u00e9videmment le joueur vedette lorgn\u00e9 par toute la plan\u00e8te. En l\u2019absence du ma\u00eetre \u00e0 jouer <strong>Antoine Dupont<\/strong>, Ugo Mola alignera \u00e0 nouveau la charni\u00e8re <strong>Paul Graou<\/strong> \u2013 <strong>Romain Ntamack<\/strong>, tous deux ayant inscrit un essai face \u00e0 Bayonne.<\/p>\n<p class=\" wall-content\">Le Stade pourra aussi compter sur le chef d\u2019orchestre <strong>Thomas Ramos<\/strong>, aussi pr\u00e9cis que pr\u00e9cieux \u00e0 l\u2019arri\u00e8re, tant il est toujours constant dans les grands moments. Parmi les autres hommes en forme, on pourra \u00e0 coup s\u00fbr compter sur son capitaine <strong>Julien Marchand<\/strong>, sur le taulier <strong>Fran\u00e7ois Cros<\/strong>, ou encore l\u2019Anglais <strong>Jack Willis<\/strong>, qui encha\u00eene les performances folles cette saison, avec quelque <strong>28 ballons gratt\u00e9s<\/strong>\u2009!<\/p>\n<p class=\" wall-content\">\n<p>Gare \u00e0 Bordeaux et ses fameux trois-quarts<\/p>\n<p class=\" wall-content\">Mais en face, l\u2019UBB impressionne. Apr\u00e8s avoir gagn\u00e9 leur premier troph\u00e9e majeur, les Champions d\u2019Europe ont soif de doubl\u00e9 et pourront compter sur leur fameuse <strong>ligne de trois-quarts<\/strong>, compos\u00e9e des internationaux <strong>Damian Penaud<\/strong>, <strong>Matthieu Jalibert<\/strong>, <strong>Yoram Moefana, <\/strong>et un certain <strong>Louis Bielle-Biarrey,<\/strong> meilleur marqueur d\u2019essais du Top\u00a014 et tout juste revenu de blessure\u2026 Ils pourront aussi s\u2019appuyer sur le tr\u00e8s en forme <strong>Maxime Lamothe<\/strong>, qui a inscrit trois des cinq essais de l\u2019UBB en demi-finale\u2026 Une bagatelle pour un talonneur\u2009!<\/p>\n<p>    <a href=\"https:\/\/www.facebook.com\/plugins\/post.php?href=https%3A%2F%2Fwww.facebook.com%2Fubbrugby%2Fposts%2Fpfbid02uiNoC9hSNjPCmw4UrwGC5hqpS2CWx44MVtLikYLBqF5U4LqEHcfmwy6eU6hwnBT4l&amp;show_text=true&amp;width=350\" title=\"Ouvrie le lien\" target=\"_blank\" rel=\"noopener\">Cliquez ici pour visualiser le contenu<\/a><\/p>\n<p>Les supporters vont pousser pour renverser la montagne UBB<\/p>\n<p class=\" wall-content\">Riche d\u2019un centre de formation unique en France, le Stade Toulousain aura-t-il suffisamment de ressource pour <strong>renverser la montagne UBB<\/strong>\u2009? Sans doute faudra-t-il d\u00e9j\u00e0 <strong>r\u00e9ussir \u00e0 tenir le ballon<\/strong>, un domaine dans lequel a excell\u00e9 Toulouse pendant toute la saison (55,3\u2009% de temps de possession, le meilleur du championnat), \u00e0 l\u2019exception\u2026 de la demi-finale (45\u2009% seulement)\u2009! Dans cet immense d\u00e9fi qui s\u2019annonce, les Toulousains pourront aussi trouver de la force aupr\u00e8s de leur 13e homme et<strong> la mar\u00e9e rouge et noire<\/strong> qui devrait se masser place du Capitole samedi soir.<\/p>\n<p>En direct sur Canal +\u00a0et sur France 2<\/p>\n<p class=\" wall-content\">\u00c0 savoir que si vous pr\u00e9f\u00e9rez le regarder entre amis ou en famille, ce match sera bien \u00e9videmment diffus\u00e9 en direct sur <strong>Canal +<\/strong>\u00a0(qui diffuse l\u2019int\u00e9gralit\u00e9 du Top\u00a014), mais cette finale de r\u00eave entre le champion de France en titre et le champion d\u2019Europe sera aussi<a href=\"https:\/\/actu.fr\/sports\/rugby\/top-14\/top-14-pourquoi-la-finale-de-rugby-toulouse-bordeaux-est-egalement-diffusee-en-clair_62821805.html\" target=\"_blank\" rel=\"noopener\"> exceptionnellement accessible en clair sur <strong>France 2.<\/strong><\/a><\/p>\n<p class=\" wall-content\"><strong>Infos pratiques\u2009:<\/strong><br \/>Finale de Top\u00a014 de rugby<br \/>Samedi 28\u00a0juin \u00e0 21h05<br \/>Au Stade de France<br \/>En direct sur Canal +\u00a0et France 2<\/p>\n<p class=\" wall-content\">Suivez toute l\u2019actualit\u00e9 de vos villes et m\u00e9dias favoris en vous inscrivant \u00e0 <a href=\"https:\/\/moncompte.actu.fr\" title=\"D\u00e9couvez Mon Actu\" rel=\"nofollow noopener\" data-trk=\"{&quot;cta&quot;:{&quot;action&quot;:&quot;https:\\\/\\\/moncompte.actu.fr&quot;,&quot;category&quot;:&quot;mon compte&quot;,&quot;from&quot;:&quot;article footer&quot;,&quot;name&quot;:&quot;Mon actu&quot;,&quot;type&quot;:&quot;cta&quot;}}\" target=\"_blank\">Mon Actu<\/a>.<\/p>\n<ul class=\"ac-article-tag wall-content\">\n<li><a href=\"https:\/\/actu.fr\/tag\/stade-toulousain\" data-trk=\"{&quot;cta&quot;:{&quot;action&quot;:&quot;Stade toulousain&quot;,&quot;category&quot;:&quot;tag&quot;,&quot;from&quot;:&quot;article footer&quot;,&quot;name&quot;:&quot;Stade toulousain&quot;,&quot;type&quot;:&quot;cta&quot;}}\" target=\"_blank\" rel=\"noopener\">#Stade toulousain<\/a><\/li>\n<li><a href=\"https:\/\/actu.fr\/tag\/usb-union-bordeaux-begles\" data-trk=\"{&quot;cta&quot;:{&quot;action&quot;:&quot;UBB Union Bordeaux B\\u00e8gles&quot;,&quot;category&quot;:&quot;tag&quot;,&quot;from&quot;:&quot;article footer&quot;,&quot;name&quot;:&quot;UBB Union Bordeaux B\\u00e8gles&quot;,&quot;type&quot;:&quot;cta&quot;}}\" target=\"_blank\" rel=\"noopener\">#UBB Union Bordeaux B\u00e8gles<\/a><\/li>\n<\/ul>\n","protected":false},"excerpt":{"rendered":"Par Guillaume Laurens Publi\u00e9 le 27 juin 2025 \u00e0 18h46 \u00c0 quelques heures de la finale tant attendue&hellip;\n","protected":false},"author":2,"featured_media":209388,"comment_status":"","ping_status":"","sticky":false,"template":"","format":"standard","meta":{"footnotes":""},"categories":[2817],"tags":[1111,11,1997,1777,674,1011,27,12,2219,25,479,60,476,478,4435],"class_list":{"0":"post-209387","1":"post","2":"type-post","3":"status-publish","4":"format-standard","5":"has-post-thumbnail","7":"category-bordeaux","8":"tag-actu","9":"tag-actualites","10":"tag-bordeaux","11":"tag-eu","12":"tag-europe","13":"tag-fr","14":"tag-france","15":"tag-news","16":"tag-nouvelle-aquitaine","17":"tag-republique-francaise","18":"tag-rugby","19":"tag-sports","20":"tag-stade-toulousain","21":"tag-top-14","22":"tag-ubb-union-bordeaux-begles"},"share_on_mastodon":{"url":"https:\/\/pubeurope.com\/@fr\/114757620490681584","error":""},"_links":{"self":[{"href":"https:\/\/www.europesays.com\/fr\/wp-json\/wp\/v2\/posts\/209387","targetHints":{"allow":["GET"]}}],"collection":[{"href":"https:\/\/www.europesays.com\/fr\/wp-json\/wp\/v2\/posts"}],"about":[{"href":"https:\/\/www.europesays.com\/fr\/wp-json\/wp\/v2\/types\/post"}],"author":[{"embeddable":true,"href":"https:\/\/www.europesays.com\/fr\/wp-json\/wp\/v2\/users\/2"}],"replies":[{"embeddable":true,"href":"https:\/\/www.europesays.com\/fr\/wp-json\/wp\/v2\/comments?post=209387"}],"version-history":[{"count":0,"href":"https:\/\/www.europesays.com\/fr\/wp-json\/wp\/v2\/posts\/209387\/revisions"}],"wp:featuredmedia":[{"embeddable":true,"href":"https:\/\/www.europesays.com\/fr\/wp-json\/wp\/v2\/media\/209388"}],"wp:attachment":[{"href":"https:\/\/www.europesays.com\/fr\/wp-json\/wp\/v2\/media?parent=209387"}],"wp:term":[{"taxonomy":"category","embeddable":true,"href":"https:\/\/www.europesays.com\/fr\/wp-json\/wp\/v2\/categories?post=209387"},{"taxonomy":"post_tag","embeddable":true,"href":"https:\/\/www.europesays.com\/fr\/wp-json\/wp\/v2\/tags?post=209387"}],"curies":[{"name":"wp","href":"https:\/\/api.w.org\/{rel}","templated":true}]}}