{"id":209399,"date":"2025-06-27T22:16:12","date_gmt":"2025-06-27T22:16:12","guid":{"rendered":"https:\/\/www.europesays.com\/fr\/209399\/"},"modified":"2025-06-27T22:16:12","modified_gmt":"2025-06-27T22:16:12","slug":"cinq-personnes-placees-en-detention-provisoire-par-la-justice-a-marseille","status":"publish","type":"post","link":"https:\/\/www.europesays.com\/fr\/209399\/","title":{"rendered":"cinq personnes plac\u00e9es en d\u00e9tention provisoire par la justice \u00e0 Marseille"},"content":{"rendered":"<p>Six mois seulement apr\u00e8s l&rsquo;assassinat de Camille Orsoni, cinq personnes viennent d&rsquo;\u00eatre plac\u00e9es en d\u00e9tention provisoire par la Jirs (juridiction inter-r\u00e9gionale sp\u00e9cialis\u00e9e) de Marseille entre jeudi 26 juin et vendredi 27 juin. Christian Marini, Jean-Marie Giudicelli, Julien Penciolelli, Ludovic Lavergne et Lucas Sabiani ont \u00e9t\u00e9 mis en examen, par un juge d&rsquo;instruction de la Jirs et plac\u00e9s en d\u00e9tention provisoire \u00e0 l&rsquo;issue du d\u00e9bat devant le juge des libert\u00e9s et de la d\u00e9tention (JLD), confirme le parquet de Marseille dans un communiqu\u00e9 de presse. Ils sont poursuivis pour \u00ab\u00a0assassinat et vol avec arme, destruction du bien d&rsquo;autrui par incendie ou moyen dangereux, association de malfaiteurs en vue de la pr\u00e9paration de crime, recel de bien provenant d&rsquo;un vol, d\u00e9tention de substance ou produit incendiaire ou explosif ou d&rsquo;\u00e9l\u00e9ments composant un engin incendiaire pour pr\u00e9parer une destruction, d\u00e9gradation ou atteinte aux personnes, transport sans motif l\u00e9gitime d&rsquo;arme, munition ou de leurs \u00e9l\u00e9ments de cat\u00e9gorie B, acquisition et d\u00e9tention non autoris\u00e9e d&rsquo;arme, munition ou de leurs \u00e9l\u00e9ments de cat\u00e9gorie B.\u00a0\u00bb Le tout en bande organis\u00e9e.<\/p>\n<p>\u00ab\u00a0Mon client conteste fermement les faits reproch\u00e9s, indique Me Romain Profit, l&rsquo;avocat de Christian Marini. La pr\u00e9somption d&rsquo;innocence, dont il b\u00e9n\u00e9ficie, s&rsquo;impose plus que jamais dans ce dossier fragile.\u00a0\u00bb\u00a0D\u00e9crit par les autorit\u00e9s comme ayant un lien avec la sph\u00e8re du crime organis\u00e9, <a href=\"https:\/\/www.corsematin.com\/article\/faits-diversjustice\/1260778931134215\/trafic-de-drogue-entre-corse-et-continent-trois-nouvelles-personnes-mises-en-examen\" target=\"_blank\" rel=\"noopener\">Christian Marini est d\u00e9j\u00e0 en d\u00e9tention provisoire, pour un trafic de stup\u00e9fiants d&rsquo;ampleur, dans un dossier instruit \u00e0 Bastia<\/a>. Ce dernier appara\u00eet, dans un fichier de la police judiciaire, comme appartenant \u00e0 l&rsquo;\u00e9quipe Mattei, un clan originaire de Corscia dans le Niolu, dont certains membres sont pr\u00e9sent\u00e9s par la justice comme des figures du grand banditisme insulaire.<\/p>\n<p>Christian Marini et Jean-Marie Giudicelli, pr\u00e9sent\u00e9s par les services de police comme proches du grand banditisme<\/p>\n<p>Me Lia Simoni, conseil de Jean-Marie Giudicelli, r\u00e9agit aussi aux int\u00e9r\u00eats de son client\u00a0: \u00ab\u00a0il conteste vivement les faits qui lui sont reproch\u00e9s et b\u00e9n\u00e9ficie \u00e0 ce stade, tout comme chaque justiciable, de la pr\u00e9somption d&rsquo;innocence.\u00a0\u00bb\u00a0Ce dernier est lui aussi d\u00e9j\u00e0 plac\u00e9 en d\u00e9tention provisoire pour trafic de stup\u00e9fiants, dans une affaire instruite \u00e0 Bastia. Il est pr\u00e9sent\u00e9 par les services de police comme proche du grand banditisme. Me Emmanuel Maestrini, conseil de Julien Penciolelli, r\u00e9agit \u00e9galement\u00a0: \u00ab\u00a0il conteste avec force quelque responsabilit\u00e9 que ce soit dans les faits investigu\u00e9s. L&rsquo;information judiciaire en cours ne pourra que le d\u00e9montrer.\u00a0\u00bb<\/p>\n<p>De son c\u00f4t\u00e9, Ludovic Lavergne, est d\u00e9j\u00e0 plac\u00e9 en d\u00e9tention provisoire dans deux autres dossiers\u00a0: le premier pour trafic de stup\u00e9fiants en compagnie, notamment, de Christian Marini, <a href=\"https:\/\/www.corsematin.com\/article\/faits-diversjustice\/9148428117912214\/enquete-sur-des-attentats-en-corse-ghjuvan-battista-pieri-maintenu-en-detention-provisoire\" target=\"_blank\" rel=\"noopener\">le second pour une s\u00e9rie d&rsquo;attentats revendiqu\u00e9s par le FLNC.<\/a><\/p>\n<p>Les suspects avaient \u00e9t\u00e9 plac\u00e9s en garde \u00e0 vue, lundi 23 juin, lors d&rsquo;une op\u00e9ration de police judiciaire entre la Corse et la Continent, notamment sur la C\u00f4te d&rsquo;Azur. Les avocats de Lucas Sabiani et Ludovic Lavergne n&rsquo;ont pu \u00eatre joints.<\/p>\n<p>Selon nos informations, les enqu\u00eateurs de la PJ ont r\u00e9colt\u00e9 plusieurs indices autour du v\u00e9hicule vol\u00e9, mais aussi lors de perquisitions dans un box o\u00f9 des armes ont \u00e9t\u00e9 saisies. L&rsquo;ADN de plusieurs suspects a notamment \u00e9t\u00e9 relev\u00e9 sur ces \u00e9l\u00e9ments.<\/p>\n<p>Un homicide qui s&rsquo;inscrit dans la guerre entre les clans Costa et Mattei<\/p>\n<p><a href=\"https:\/\/www.corsematin.com\/article\/faits-diversjustice\/2126256312403915\/oletta-haute-corse-un-homme-grievement-blesse-par-arme-a-feu\" target=\"_blank\" rel=\"noopener\">Camille Orsoni, avait \u00e9t\u00e9 assassin\u00e9 le 10 janvier 2025 \u00e0 Oletta (Haute-Corse)<\/a>, vers 18 heures, sur la RD 82 qui relie la commune d&rsquo;Oletta \u00e0 Saint-Florent. Ce pompier avait \u00e9t\u00e9 tu\u00e9 par des tirs de kalachnikov au volant de son v\u00e9hicule. Les tueurs avaient incendi\u00e9 un v\u00e9hicule non loin de la sc\u00e8ne de crime avant de braquer un automobiliste pour lui voler sa voiture, laquelle avait \u00e0 son tour \u00e9t\u00e9 br\u00fbl\u00e9e au col de Teghime au-dessus de Bastia en Haute-Corse<strong>.<\/strong><\/p>\n<p>Selon une source proche de l&rsquo;enqu\u00eate, cet homicide s&rsquo;inscrit dans une guerre men\u00e9e, entre le clan Mattei et le clan Costa, en Haute-Corse.<\/p>\n<p>Cet homme consid\u00e9r\u00e9 comme \u00ab\u00a0proche du clan Costa\u00a0\u00bb par les services de police, avait d\u00e9j\u00e0 \u00e9t\u00e9 la cible, le 30 mai 2014, d&rsquo;une tentative d&rsquo;assassinat devant son domicile, sur le parking de la r\u00e9sidence Les horizons bleus, dans le quartier du Fangu, \u00e0 Bastia. Cette affaire avait d\u00e9bouch\u00e9 sur la mise en examen d&rsquo;un suspect avant de se solder, en octobre 2016, par un non-lieu.<\/p>\n","protected":false},"excerpt":{"rendered":"Six mois seulement apr\u00e8s l&rsquo;assassinat de Camille Orsoni, cinq personnes viennent d&rsquo;\u00eatre plac\u00e9es en d\u00e9tention provisoire par la&hellip;\n","protected":false},"author":2,"featured_media":209400,"comment_status":"","ping_status":"","sticky":false,"template":"","format":"standard","meta":{"footnotes":""},"categories":[2814],"tags":[17,1111,11,6744,1102,16630,3216,1777,674,274,1011,27,884,12,34837,21838,3744,34838,882,25],"class_list":{"0":"post-209399","1":"post","2":"type-post","3":"status-publish","4":"format-standard","5":"has-post-thumbnail","7":"category-marseille","8":"tag-17","9":"tag-actu","10":"tag-actualites","11":"tag-assassinat","12":"tag-breakingnews","13":"tag-camille","14":"tag-cinq","15":"tag-eu","16":"tag-europe","17":"tag-faits-divers-justice","18":"tag-fr","19":"tag-france","20":"tag-marseille","21":"tag-news","22":"tag-oletta","23":"tag-orsoni","24":"tag-personnes","25":"tag-placees","26":"tag-provence-alpes-cote-dazur","27":"tag-republique-francaise"},"share_on_mastodon":{"url":"https:\/\/pubeurope.com\/@fr\/114757644038204745","error":""},"_links":{"self":[{"href":"https:\/\/www.europesays.com\/fr\/wp-json\/wp\/v2\/posts\/209399","targetHints":{"allow":["GET"]}}],"collection":[{"href":"https:\/\/www.europesays.com\/fr\/wp-json\/wp\/v2\/posts"}],"about":[{"href":"https:\/\/www.europesays.com\/fr\/wp-json\/wp\/v2\/types\/post"}],"author":[{"embeddable":true,"href":"https:\/\/www.europesays.com\/fr\/wp-json\/wp\/v2\/users\/2"}],"replies":[{"embeddable":true,"href":"https:\/\/www.europesays.com\/fr\/wp-json\/wp\/v2\/comments?post=209399"}],"version-history":[{"count":0,"href":"https:\/\/www.europesays.com\/fr\/wp-json\/wp\/v2\/posts\/209399\/revisions"}],"wp:featuredmedia":[{"embeddable":true,"href":"https:\/\/www.europesays.com\/fr\/wp-json\/wp\/v2\/media\/209400"}],"wp:attachment":[{"href":"https:\/\/www.europesays.com\/fr\/wp-json\/wp\/v2\/media?parent=209399"}],"wp:term":[{"taxonomy":"category","embeddable":true,"href":"https:\/\/www.europesays.com\/fr\/wp-json\/wp\/v2\/categories?post=209399"},{"taxonomy":"post_tag","embeddable":true,"href":"https:\/\/www.europesays.com\/fr\/wp-json\/wp\/v2\/tags?post=209399"}],"curies":[{"name":"wp","href":"https:\/\/api.w.org\/{rel}","templated":true}]}}