{"id":209417,"date":"2025-06-27T22:26:10","date_gmt":"2025-06-27T22:26:10","guid":{"rendered":"https:\/\/www.europesays.com\/fr\/209417\/"},"modified":"2025-06-27T22:26:10","modified_gmt":"2025-06-27T22:26:10","slug":"edito-ukraine-les-enfants-voles","status":"publish","type":"post","link":"https:\/\/www.europesays.com\/fr\/209417\/","title":{"rendered":"[\u00c9dito] Ukraine\u00a0: les enfants vol\u00e9s"},"content":{"rendered":"<p>35\u00a0000\u00a0! Ce serait, selon les experts internationaux, le nombre hallucinant d\u2019enfants ukrainiens port\u00e9s disparus depuis l\u2019invasion russe, en f\u00e9vrier 2022. Ils seraient retenus par la Russie. Le pouvoir poutinien rejette les demandes de restitution.<\/p>\n<p>Le travail des journalistes et des ONG, les initiatives d\u00e9sesp\u00e9r\u00e9es de nombreuses familles, ont permis de retrouver certains d\u2019entre eux. Les t\u00e9moignages, comme ceux recueillis, cette semaine, par Clara Marchaud, l\u2019envoy\u00e9e sp\u00e9ciale de L\u2019Express, sont \u00e9difiants.<\/p>\n<p>Apr\u00e8s avoir \u00e9t\u00e9 enlev\u00e9s \u00e0 leurs parents, \u00e0 leurs \u00e9coles, ces gamins sont d\u00e9port\u00e9s en F\u00e9d\u00e9ration de Russie, plac\u00e9s dans des familles, des centres de redressement ou des camps militaris\u00e9s.<\/p>\n<p>Selon des m\u00e9thodes \u00e9prouv\u00e9es par les dictatures du XXe si\u00e8cle, on leur lave le cerveau, on cherche \u00e0 effacer leur m\u00e9moire. Une russification \u00e0 marche forc\u00e9e est \u00e0 l\u2019\u0153uvre.<\/p>\n<blockquote><p>Pour retrouver ses enfants, l\u2019Ukraine a lanc\u00e9 l\u2019initiative \u00ab\u00a0Bring the kids back UA\u00a0\u00bb. Neuf personnalit\u00e9s, parmi lesquelles Salman Rushdie, Sting, Sean Penn, et Bernard-Henri L\u00e9vy ont sign\u00e9 un appel international.<\/p><\/blockquote>\n<p>Comble du cynisme, certains d\u2019entre eux sont transform\u00e9s en enfants-soldats envoy\u00e9s sur le front combattre les leurs. \u00c0 l\u2019instar des \u00ab\u00a0lionceaux du califat\u00a0\u00bb enr\u00f4l\u00e9s par Daesh.<\/p>\n<p>Pour retrouver ses enfants, l\u2019Ukraine a lanc\u00e9 l\u2019initiative \u00ab\u00a0Bring the kids back UA\u00a0\u00bb. Neuf personnalit\u00e9s, parmi lesquelles Salman Rushdie, Sting, Sean Penn, et Bernard-Henri L\u00e9vy ont sign\u00e9 un appel international.<\/p>\n<p>Les Europ\u00e9ens se mobiliseront-ils\u00a0? Le dernier eurobarom\u00e8tre donne un aper\u00e7u de leur \u00e9tat d\u2019esprit. 77\u00a0% d\u2019entre eux estiment que l\u2019Union doit soutenir l\u2019Ukraine jusqu\u2019\u00e0 l\u2019instauration d\u2019une paix durable. Toutefois, ils divergent sur la question du soutien militaire. 59\u00a0% approuvent le financement d\u2019\u00e9quipements militaires pour l\u2019Ukraine. Ils sont 70\u00a0% en Pologne (en baisse de dix points par rapport \u00e0 2024), 63\u00a0% en Allemagne et 54\u00a0% en France. Mais 35\u00a0% en Gr\u00e8ce.<\/p>\n<p>Les enfants d\u2019Ukraine ne sont pas pr\u00e8s de retrouver les leurs.<\/p>\n","protected":false},"excerpt":{"rendered":"35\u00a0000\u00a0! Ce serait, selon les experts internationaux, le nombre hallucinant d\u2019enfants ukrainiens port\u00e9s disparus depuis l\u2019invasion russe, en&hellip;\n","protected":false},"author":2,"featured_media":209418,"comment_status":"","ping_status":"","sticky":false,"template":"","format":"standard","meta":{"footnotes":""},"categories":[1590],"tags":[11,1777,674,3535,131,2069,74,12,1427,220],"class_list":{"0":"post-209417","1":"post","2":"type-post","3":"status-publish","4":"format-standard","5":"has-post-thumbnail","7":"category-ukraine","8":"tag-actualites","9":"tag-eu","10":"tag-europe","11":"tag-geopolitique","12":"tag-guerre-en-ukraine","13":"tag-guerre-ukraine-russie","14":"tag-monde","15":"tag-news","16":"tag-opinions","17":"tag-ukraine"},"share_on_mastodon":{"url":"https:\/\/pubeurope.com\/@fr\/114757683392342980","error":""},"_links":{"self":[{"href":"https:\/\/www.europesays.com\/fr\/wp-json\/wp\/v2\/posts\/209417","targetHints":{"allow":["GET"]}}],"collection":[{"href":"https:\/\/www.europesays.com\/fr\/wp-json\/wp\/v2\/posts"}],"about":[{"href":"https:\/\/www.europesays.com\/fr\/wp-json\/wp\/v2\/types\/post"}],"author":[{"embeddable":true,"href":"https:\/\/www.europesays.com\/fr\/wp-json\/wp\/v2\/users\/2"}],"replies":[{"embeddable":true,"href":"https:\/\/www.europesays.com\/fr\/wp-json\/wp\/v2\/comments?post=209417"}],"version-history":[{"count":0,"href":"https:\/\/www.europesays.com\/fr\/wp-json\/wp\/v2\/posts\/209417\/revisions"}],"wp:featuredmedia":[{"embeddable":true,"href":"https:\/\/www.europesays.com\/fr\/wp-json\/wp\/v2\/media\/209418"}],"wp:attachment":[{"href":"https:\/\/www.europesays.com\/fr\/wp-json\/wp\/v2\/media?parent=209417"}],"wp:term":[{"taxonomy":"category","embeddable":true,"href":"https:\/\/www.europesays.com\/fr\/wp-json\/wp\/v2\/categories?post=209417"},{"taxonomy":"post_tag","embeddable":true,"href":"https:\/\/www.europesays.com\/fr\/wp-json\/wp\/v2\/tags?post=209417"}],"curies":[{"name":"wp","href":"https:\/\/api.w.org\/{rel}","templated":true}]}}