{"id":209423,"date":"2025-06-27T22:29:13","date_gmt":"2025-06-27T22:29:13","guid":{"rendered":"https:\/\/www.europesays.com\/fr\/209423\/"},"modified":"2025-06-27T22:29:13","modified_gmt":"2025-06-27T22:29:13","slug":"cyclisme-championnats-dallemagne-max-schachmann-et-antonia-niedermaier-le-chrono","status":"publish","type":"post","link":"https:\/\/www.europesays.com\/fr\/209423\/","title":{"rendered":"Cyclisme. Championnats d&rsquo;Allemagne &#8211; Max Schachmann et Antonia Niedermaier le chrono"},"content":{"rendered":"<p>Apr\u00e8s ses deux sacres sur la course en ligne en 2019 et 2021, <strong>Maximilian Schachmann<\/strong> compl\u00e8te enfin son palmar\u00e8s avec un titre de Champion d&rsquo;Allemagne du\u00a0contre-la-montre. Ce jeudi, le coureur de <strong>Soudal Quick-Step<\/strong>, \u00e2g\u00e9 de 31 ans, s\u2019est impos\u00e9 sur le parcours de Ramstein, long de 22,5 kilom\u00e8tres, incluant une mont\u00e9e s\u00e9lective en d\u00e9but de trac\u00e9.<\/p>\n<p>Vid\u00e9o &#8211; Schachmann, vainqueur du chrono du Tour du Pays basque Lire la suite de l&rsquo;article&#13;<\/p>\n<p>\u00a0<\/p>\n<p>&#13;<br \/>\n<strong>Antonia Niedermaier sacr\u00e9e chez les Femmes<\/strong>&#13;<\/p>\n<p>Avec un chrono de 27 minutes et 47 secondes, le Berlinois a domin\u00e9 la concurrence, devan\u00e7ant de 17 secondes <strong>Miguel Heidemann<\/strong> (REMBE | rad-net OBwald) et de 25 secondes <strong>Lennard K\u00e4mna<\/strong> (Lidl-Trek). Juste au pied du podium, \u00e0 9 secondes de la troisi\u00e8me place, on retrouve <strong>Nils Politt<\/strong> (UAE Team Emirates XRG), pourtant double tenant du titre.<\/p>\n<p>&#13;<\/p>\n<p>Du c\u00f4t\u00e9 des femmes, la victoire est revenue \u00e0 <strong>Antonia Niedermaier<\/strong>. La coureuse de <strong>Canyon\/\/SRAM zondacrypto<\/strong>\u00a0a domin\u00e9 ses concurrentes en couvrant les 22,5 kilom\u00e8tres en 31 minutes et 10 secondes. Elle s\u2019impose avec plus d\u2019une minute d\u2019avance sur <strong>Franziska BrauBe<\/strong> (Ceratizit Pro Cycling Team) et <strong>Liane Lippert <\/strong>(Movistar Team), rel\u00e9gu\u00e9e \u00e0 1\u201942&Prime;.<\/p>\n<p>Championnats d&rsquo;Allemagne &#8211; CLM Hommes &#8211; Classement g\u00e9n\u00e9ralChampionnats d&rsquo;Allemagne &#8211; CLM Femmes &#8211; Classement g\u00e9n\u00e9ral<\/p>\n","protected":false},"excerpt":{"rendered":"Apr\u00e8s ses deux sacres sur la course en ligne en 2019 et 2021, Maximilian Schachmann compl\u00e8te enfin son&hellip;\n","protected":false},"author":2,"featured_media":209424,"comment_status":"","ping_status":"","sticky":false,"template":"","format":"standard","meta":{"footnotes":""},"categories":[1587],"tags":[11,672,1804,34841,207,1805,1803,1777,674,1801,12,1802,209,208],"class_list":{"0":"post-209423","1":"post","2":"type-post","3":"status-publish","4":"format-standard","5":"has-post-thumbnail","7":"category-allemagne","8":"tag-actualites","9":"tag-allemagne","10":"tag-bundesrepublik-deutschland","11":"tag-championnats-d","12":"tag-cyclisme","13":"tag-de","14":"tag-deutschland","15":"tag-eu","16":"tag-europe","17":"tag-germany","18":"tag-news","19":"tag-republique-federale-dallemagne","20":"tag-route","21":"tag-velo"},"share_on_mastodon":{"url":"https:\/\/pubeurope.com\/@fr\/114757695166046609","error":""},"_links":{"self":[{"href":"https:\/\/www.europesays.com\/fr\/wp-json\/wp\/v2\/posts\/209423","targetHints":{"allow":["GET"]}}],"collection":[{"href":"https:\/\/www.europesays.com\/fr\/wp-json\/wp\/v2\/posts"}],"about":[{"href":"https:\/\/www.europesays.com\/fr\/wp-json\/wp\/v2\/types\/post"}],"author":[{"embeddable":true,"href":"https:\/\/www.europesays.com\/fr\/wp-json\/wp\/v2\/users\/2"}],"replies":[{"embeddable":true,"href":"https:\/\/www.europesays.com\/fr\/wp-json\/wp\/v2\/comments?post=209423"}],"version-history":[{"count":0,"href":"https:\/\/www.europesays.com\/fr\/wp-json\/wp\/v2\/posts\/209423\/revisions"}],"wp:featuredmedia":[{"embeddable":true,"href":"https:\/\/www.europesays.com\/fr\/wp-json\/wp\/v2\/media\/209424"}],"wp:attachment":[{"href":"https:\/\/www.europesays.com\/fr\/wp-json\/wp\/v2\/media?parent=209423"}],"wp:term":[{"taxonomy":"category","embeddable":true,"href":"https:\/\/www.europesays.com\/fr\/wp-json\/wp\/v2\/categories?post=209423"},{"taxonomy":"post_tag","embeddable":true,"href":"https:\/\/www.europesays.com\/fr\/wp-json\/wp\/v2\/tags?post=209423"}],"curies":[{"name":"wp","href":"https:\/\/api.w.org\/{rel}","templated":true}]}}