{"id":209427,"date":"2025-06-27T22:31:10","date_gmt":"2025-06-27T22:31:10","guid":{"rendered":"https:\/\/www.europesays.com\/fr\/209427\/"},"modified":"2025-06-27T22:31:10","modified_gmt":"2025-06-27T22:31:10","slug":"linfluenceuse-helvetico-camerounaise-nathalie-yamb-sanctionnee-par-lue-pour-ses-positions-pro-russes-rts-ch","status":"publish","type":"post","link":"https:\/\/www.europesays.com\/fr\/209427\/","title":{"rendered":"L&rsquo;influenceuse helv\u00e9tico-camerounaise Nathalie Yamb sanctionn\u00e9e par l&rsquo;UE pour ses positions pro-russes &#8211; rts.ch"},"content":{"rendered":"<p>L&rsquo;activiste et influenceuse helv\u00e9tico-camerounaise Nathalie Yamb a \u00e9t\u00e9 sanctionn\u00e9e par l&rsquo;Union europ\u00e9enne pour ses activit\u00e9s et ses prises de position pro-russes, selon le Journal officiel de l&rsquo;UE. La Suisse ne s&rsquo;aligne pour l&rsquo;instant pas sur ce type de sanction en dehors du contexte strictement ukrainien.<\/p>\n<p>Ces sanctions pr\u00e9voient une interdiction d&rsquo;entr\u00e9e et un gel de ses avoirs dans l&rsquo;Union europ\u00e9enne.<\/p>\n<p>Le Conseil de l&rsquo;UE lui reproche de \u00ab\u00a0soutenir ouvertement la Russie\u00a0\u00bb depuis le sommet Russie-Afrique de Sotchi auquel elle a particip\u00e9 en 2019, en \u00ab\u00a0prenant notamment pour cible la France et l&rsquo;Occident, dans le but de les \u00e9vincer du continent africain\u00a0\u00bb.<\/p>\n<p>Des positions pro-russes qui \u00ab\u00a0compromettent ou menacent la d\u00e9mocratie ou la s\u00e9curit\u00e9 de l&rsquo;Union europ\u00e9enne, en recourant \u00e0 la manipulation de l&rsquo;information\u00a0\u00bb, lit-on dans le Journal officiel de l&rsquo;UE.<\/p>\n<p>Sur la liste des personnes physiques ou morales sanctionn\u00e9es<\/p>\n<p>Nathalie Yamb rejoint la liste des personnes physiques ou morales sanctionn\u00e9es par l&rsquo;Union europ\u00e9enne en raison de leurs activit\u00e9s d\u00e9stabilisatrices men\u00e9es par la Russie.\u00a0<\/p>\n<p>Elle \u00e9tait d\u00e9j\u00e0 interdite de territoire en France pour ses propos virulents contre la pr\u00e9sence fran\u00e7aise en Afrique. En 2003, une enqu\u00eate du magazine Temps Pr\u00e9sent dressait le portrait de cette binationale suisse et camerounaise, qui compte plus d&rsquo;un million d&rsquo;abonn\u00e9s sur ses r\u00e9seaux sociaux, tr\u00e8s populaire en Afrique francophone, pour ses discours panafricains, appelant \u00e0 chasser la France du continent.<\/p>\n<p> &gt;&gt; Revoir le sujet de Temps Pr\u00e9sent\u00a0:   <img decoding=\"async\" class=\"embed-responsive-item\" loading=\"lazy\" src=\"https:\/\/www.europesays.com\/fr\/wp-content\/uploads\/2025\/06\/zidr34-26905123.image\" alt=\"Nathalie Yamb, une Suissesse influenceuse de Poutine?RTS [RTS]\"\/>    Nathalie Yamb, une Suissesse influenceuse de Poutine ? \/ Avion contre oiseau, attention danger ! \/ Temps pr\u00e9sent \/ 47 min. \/ le 23 mars 2023 <\/p>\n<p><strong class=\"inline-title\">&gt;&gt; Lire aussi\u00a0: <\/strong><a href=\"https:\/\/www.rts.ch\/info\/suisse\/13884021-linfluenceuse-suisse-nathalie-yamb-menacee-de-mort-pour-son-soutien-a-la-russie.html\" data-item-id=\"richtext_link\" rel=\"nofollow noopener\" target=\"_blank\">L&rsquo;influenceuse suisse Nathalie Yamb menac\u00e9e de mort pour son soutien \u00e0 la Russie<\/a><\/p>\n<p>Ses d\u00e9tracteurs, en France notamment, la soup\u00e7onnent d&rsquo;\u00eatre un agent russe. En 2022, les Etats-Unis la consid\u00e8rent comme un maillon essentiel du r\u00e9seau Prigojine, l&rsquo;ancien patron de Wagner, groupe paramilitaire tr\u00e8s actif sur le continent africain, notamment dans la sph\u00e8re m\u00e9diatique, pour imposer la Russie dans la zone d&rsquo;influence fran\u00e7aise.<\/p>\n<p>Contact\u00e9e, l&rsquo;activiste renvoie \u00e0 ses r\u00e9seaux sociaux. Sur X, elle s&rsquo;en prend \u00e0 l\u2019Union europ\u00e9enne, qu&rsquo;elle accuse de racisme et de colonialisme: \u00ab\u00a0L\u2019UE, qui en juin 2025, continue d\u2019importer du gaz, du combustible nucl\u00e9aire, du palladium, de l\u2019aluminium, du lithium, du cobalt, des engrais de Russie, vient de prouver ce que je d\u00e9nonce depuis des ann\u00e9es: leur hypocrisie et leur m\u00e9pris sont syst\u00e9miques\u00a0\u00bb, dit-elle notamment.<\/p>\n<p>Secr\u00e9tariat d&rsquo;\u00c9tat \u00e0 l&rsquo;\u00e9conomie comp\u00e9tent<\/p>\n<p>La Suisse s&rsquo;est associ\u00e9e aux sanctions de l&rsquo;Union europ\u00e9enne li\u00e9es \u00e0 la guerre men\u00e9e par la Russie contre l&rsquo;Ukraine, adopt\u00e9es en 2022. Elle a ainsi repris l&rsquo;ensemble des sanctions financi\u00e8res visant des individus. Leur application rel\u00e8ve du SECO, le Secr\u00e9tariat d&rsquo;\u00c9tat \u00e0 l&rsquo;\u00e9conomie.<\/p>\n<p>En revanche, selon un porte-parole du SECO, la Suisse ne s&rsquo;est pas encore align\u00e9e sur le r\u00e9gime de sanctions adopt\u00e9 par l&rsquo;UE en 2024, qui cible des activit\u00e9s d\u00e9stabilisatrices de la Russie, donc en dehors du contexte strictement ukrainien. C\u2019est ce r\u00e9gime qui concerne le cas de Nathalie Yamb, sur lequel le SECO ne fait pas de commentaire suppl\u00e9mentaire.<\/p>\n<p class=\"sources\">Malika Nedir\/fgn<\/p>\n","protected":false},"excerpt":{"rendered":"L&rsquo;activiste et influenceuse helv\u00e9tico-camerounaise Nathalie Yamb a \u00e9t\u00e9 sanctionn\u00e9e par l&rsquo;Union europ\u00e9enne pour ses activit\u00e9s et ses prises&hellip;\n","protected":false},"author":2,"featured_media":209428,"comment_status":"","ping_status":"","sticky":false,"template":"","format":"standard","meta":{"footnotes":""},"categories":[1586],"tags":[34842,11,1777,674,1779,1011,27,34843,12,316,2543,25,132,10378,34844,3067,1778,364],"class_list":{"0":"post-209427","1":"post","2":"type-post","3":"status-publish","4":"format-standard","5":"has-post-thumbnail","7":"category-europe","8":"tag-activiste","9":"tag-actualites","10":"tag-eu","11":"tag-europe","12":"tag-european-union","13":"tag-fr","14":"tag-france","15":"tag-nathalie-yaomboo","16":"tag-news","17":"tag-politique","18":"tag-relations-internationales","19":"tag-republique-francaise","20":"tag-russie","21":"tag-sanction","22":"tag-seco","23":"tag-suisse","24":"tag-ue","25":"tag-union-europeenne"},"share_on_mastodon":{"url":"https:\/\/pubeurope.com\/@fr\/114757703103019580","error":""},"_links":{"self":[{"href":"https:\/\/www.europesays.com\/fr\/wp-json\/wp\/v2\/posts\/209427","targetHints":{"allow":["GET"]}}],"collection":[{"href":"https:\/\/www.europesays.com\/fr\/wp-json\/wp\/v2\/posts"}],"about":[{"href":"https:\/\/www.europesays.com\/fr\/wp-json\/wp\/v2\/types\/post"}],"author":[{"embeddable":true,"href":"https:\/\/www.europesays.com\/fr\/wp-json\/wp\/v2\/users\/2"}],"replies":[{"embeddable":true,"href":"https:\/\/www.europesays.com\/fr\/wp-json\/wp\/v2\/comments?post=209427"}],"version-history":[{"count":0,"href":"https:\/\/www.europesays.com\/fr\/wp-json\/wp\/v2\/posts\/209427\/revisions"}],"wp:featuredmedia":[{"embeddable":true,"href":"https:\/\/www.europesays.com\/fr\/wp-json\/wp\/v2\/media\/209428"}],"wp:attachment":[{"href":"https:\/\/www.europesays.com\/fr\/wp-json\/wp\/v2\/media?parent=209427"}],"wp:term":[{"taxonomy":"category","embeddable":true,"href":"https:\/\/www.europesays.com\/fr\/wp-json\/wp\/v2\/categories?post=209427"},{"taxonomy":"post_tag","embeddable":true,"href":"https:\/\/www.europesays.com\/fr\/wp-json\/wp\/v2\/tags?post=209427"}],"curies":[{"name":"wp","href":"https:\/\/api.w.org\/{rel}","templated":true}]}}