{"id":209430,"date":"2025-06-27T22:33:14","date_gmt":"2025-06-27T22:33:14","guid":{"rendered":"https:\/\/www.europesays.com\/fr\/209430\/"},"modified":"2025-06-27T22:33:14","modified_gmt":"2025-06-27T22:33:14","slug":"les-images-hallucinantes-dun-agent-de-maintenance-percute-par-un-camion-dans-sa-nacelle","status":"publish","type":"post","link":"https:\/\/www.europesays.com\/fr\/209430\/","title":{"rendered":"Les images hallucinantes d\u2019un agent de maintenance percut\u00e9 par un camion dans sa nacelle"},"content":{"rendered":"<p>Une sc\u00e8ne hallucinante qui aurait pu tourner au drame. A Denham Springs, en <a href=\"https:\/\/www.20minutes.fr\/dossier\/louisiane\" class=\"color-ultramarine c-link\" rel=\"nofollow noopener\" target=\"_blank\">Louisiane<\/a> (<a href=\"https:\/\/www.20minutes.fr\/monde\/etats-unis\/\" class=\"color-ultramarine c-link\" rel=\"nofollow noopener\" target=\"_blank\">\u00c9tats-Unis<\/a>), un employ\u00e9 du r\u00e9seau \u00e9lectrique local travaillait en hauteur sur un feu tricolore lorsqu\u2019un poids lourd l\u2019a percut\u00e9 en passant juste en dessous. Sous la violence du choc, l\u2019ouvrier a \u00e9t\u00e9 violemment projet\u00e9 dans sa nacelle, se retrouvant suspendu, la t\u00eate en bas, durant de longues minutes.<\/p>\n<p>La sc\u00e8ne, saisissante, a \u00e9t\u00e9 capt\u00e9e par une dashcam (ces cam\u00e9ras embarqu\u00e9es sur les tableaux de bord) d\u2019un automobiliste arr\u00eat\u00e9 au feu rouge. La vid\u00e9o, initialement publi\u00e9e sur Facebook, montre la nacelle se balancer dangereusement apr\u00e8s l\u2019impact, tandis que le poids lourd poursuit sa route sans s\u2019arr\u00eater ni m\u00eame ralentir.<\/p>\n<p class=\"mb-xxl@xs color-ultramarine font-weight-semi-bold@xs font-source-serif-pro heading-s@xs\">L\u2019acc\u00e8s \u00e0 ce contenu a \u00e9t\u00e9 bloqu\u00e9 afin de respecter votre choix de consentement<\/p>\n<p class=\"mb-m@xs text-l@xs\">En cliquant sur\u00ab J\u2019accepte \u00bb, vous acceptez le d\u00e9p\u00f4t de cookies par des services externes et aurez ainsi acc\u00e8s aux contenus de nos partenaires.<\/p>\n<p class=\"mb-xl@xs text-s@xs\">Plus d\u2019informations sur la page<a href=\"https:\/\/www.20minutes.fr\/gestion-cookies\" class=\"mx-xxs@xs color-ultramarine\" rel=\"nofollow noopener\" target=\"_blank\">Politique de gestion des cookies<\/a><\/p>\n<p>J\u2019accepteUn harnais de s\u00e9curit\u00e9 qui a sauv\u00e9 sa vie<\/p>\n<p>D\u2019apr\u00e8s la police, interrog\u00e9e par <a href=\"https:\/\/www.wbrz.com\/news\/dashcam-video-shows-electrical-worker-hit-by-18-wheeler-ladotd-denham-springs-police-investigating\/\" rel=\"nofollow noopener\" target=\"_blank\" class=\"color-ultramarine c-link\">la cha\u00eene locale WBRZ<\/a>, l\u2019accident s\u2019est produit au moment o\u00f9 le poids lourd effectuait un large virage \u00e0 droite pour rejoindre la rampe d\u2019acc\u00e8s \u00e0 l\u2019autoroute I-12. La cabine du camion a heurt\u00e9 la nacelle \u00e9l\u00e9vatrice dans laquelle se trouvait l\u2019ouvrier, le projetant brutalement en arri\u00e8re.<\/p>\n<p>Fort heureusement, le travailleur portait un harnais de s\u00e9curit\u00e9, ce qui lui a probablement sauv\u00e9 la vie. Selon les autorit\u00e9s de Denham Springs, il s\u2019en sort avec des blessures mineures.<\/p>\n<p><a href=\"https:\/\/www.20minutes.fr\/monde\/etats-unis\/\" class=\"c-link c-btn c-btn--primary\" rel=\"nofollow noopener\" target=\"_blank\">Notre dossier sur les \u00c9tats-Unis<\/a>La s\u00e9curit\u00e9 comme \u00ab\u00a0priorit\u00e9 absolue\u00a0\u00bb<\/p>\n<p>Une enqu\u00eate est en cours, men\u00e9e \u00e0 la fois par la police municipale et le minist\u00e8re des transports de <a href=\"https:\/\/www.20minutes.fr\/dossier\/louisiane\" class=\"color-ultramarine c-link\" rel=\"nofollow noopener\" target=\"_blank\">Louisiane<\/a>, puisque le feu tricolore endommag\u00e9 est g\u00e9r\u00e9 par l\u2019\u00c9tat. Il reste \u00e0 d\u00e9terminer si le chauffeur du poids lourd a respect\u00e9 les r\u00e8gles de s\u00e9curit\u00e9 et s\u2019il sera poursuivi.<\/p>\n<p>Fred Raiford, responsable des transports du comt\u00e9 o\u00f9 l\u2019accident s\u2019est produit, a rappel\u00e9 que les ouvriers doivent obligatoirement porter un harnais lors de ce type d\u2019intervention. Il insiste aussi sur l\u2019importance de la signalisation autour des zones de travaux\u00a0: \u00ab\u00a0La s\u00e9curit\u00e9 reste notre priorit\u00e9 absolue\u00a0\u00bb, a-t-il d\u00e9clar\u00e9 \u00e0 WBRZ<\/p>\n","protected":false},"excerpt":{"rendered":"Une sc\u00e8ne hallucinante qui aurait pu tourner au drame. A Denham Springs, en Louisiane (\u00c9tats-Unis), un employ\u00e9 du&hellip;\n","protected":false},"author":2,"featured_media":209431,"comment_status":"","ping_status":"","sticky":false,"template":"","format":"standard","meta":{"footnotes":""},"categories":[2],"tags":[119,4376,47,11,6955,73,1011,27,22815,74,12,10635,25],"class_list":{"0":"post-209430","1":"post","2":"type-post","3":"status-publish","4":"format-standard","5":"has-post-thumbnail","7":"category-actualites","8":"tag-accident","9":"tag-accident-de-la-route","10":"tag-actualite","11":"tag-actualites","12":"tag-autoroute","13":"tag-etats-unis","14":"tag-fr","15":"tag-france","16":"tag-louisiane","17":"tag-monde","18":"tag-news","19":"tag-poids-lourd","20":"tag-republique-francaise"},"share_on_mastodon":{"url":"https:\/\/pubeurope.com\/@fr\/114757711025869917","error":""},"_links":{"self":[{"href":"https:\/\/www.europesays.com\/fr\/wp-json\/wp\/v2\/posts\/209430","targetHints":{"allow":["GET"]}}],"collection":[{"href":"https:\/\/www.europesays.com\/fr\/wp-json\/wp\/v2\/posts"}],"about":[{"href":"https:\/\/www.europesays.com\/fr\/wp-json\/wp\/v2\/types\/post"}],"author":[{"embeddable":true,"href":"https:\/\/www.europesays.com\/fr\/wp-json\/wp\/v2\/users\/2"}],"replies":[{"embeddable":true,"href":"https:\/\/www.europesays.com\/fr\/wp-json\/wp\/v2\/comments?post=209430"}],"version-history":[{"count":0,"href":"https:\/\/www.europesays.com\/fr\/wp-json\/wp\/v2\/posts\/209430\/revisions"}],"wp:featuredmedia":[{"embeddable":true,"href":"https:\/\/www.europesays.com\/fr\/wp-json\/wp\/v2\/media\/209431"}],"wp:attachment":[{"href":"https:\/\/www.europesays.com\/fr\/wp-json\/wp\/v2\/media?parent=209430"}],"wp:term":[{"taxonomy":"category","embeddable":true,"href":"https:\/\/www.europesays.com\/fr\/wp-json\/wp\/v2\/categories?post=209430"},{"taxonomy":"post_tag","embeddable":true,"href":"https:\/\/www.europesays.com\/fr\/wp-json\/wp\/v2\/tags?post=209430"}],"curies":[{"name":"wp","href":"https:\/\/api.w.org\/{rel}","templated":true}]}}