{"id":209432,"date":"2025-06-27T22:34:15","date_gmt":"2025-06-27T22:34:15","guid":{"rendered":"https:\/\/www.europesays.com\/fr\/209432\/"},"modified":"2025-06-27T22:34:15","modified_gmt":"2025-06-27T22:34:15","slug":"benjamin-duhamel-quitte-finalement-bfm-tv-pour-france-inter-liberation","status":"publish","type":"post","link":"https:\/\/www.europesays.com\/fr\/209432\/","title":{"rendered":"Benjamin Duhamel quitte finalement BFM TV pour France Inter \u2013 Lib\u00e9ration"},"content":{"rendered":"<p class=\"sc-ksZaOG ehjQrN text-element\"><a href=\"https:\/\/www.liberation.fr\/economie\/medias\/france-inter-benjamin-duhamel-recrute-pour-linterview-de-7-h-50-20250602_A4TLKLLABFE3RO3DIYVWIW4BAA\/\" target=\"_blank\" rel=\"nofollow noopener\" title=\"https:\/\/www.liberation.fr\/economie\/medias\/france-inter-benjamin-duhamel-recrute-pour-linterview-de-7-h-50-20250602_A4TLKLLABFE3RO3DIYVWIW4BAA\/\">Le transfert \u00e0 France Inter<\/a> de Benjamin Duhamel \u00e0 la rentr\u00e9e, annonc\u00e9 le lundi 2 juin, avait suscit\u00e9 beaucoup de m\u00e9fiance au sein de la cha\u00eene publique. Le journaliste politique de 30 ans, rempla\u00e7ant Sonia Devillers qui a occup\u00e9 la tranche pendant deux ans, devait cumuler deux postes : l\u2019interview \u00e0 7 h 50 dans la matinale \u00e0 la radio du lundi et au jeudi et sa quotidienne t\u00e9l\u00e9 d\u2019une heure sur BFM \u00e0 18 h 50, Tout le monde veut savoir, \u00e9galement du lundi au jeudi.<\/p>\n<p class=\"sc-ksZaOG ehjQrN text-element\"><a href=\"https:\/\/www.liberation.fr\/economie\/medias\/france-inter-ou-bfmtv-il-faut-choisir-les-syndicats-de-radio-france-sopposent-au-cumul-des-fonctions-de-benjamin-duhamel-20250605_5AR5LIGCWRCMNO2VO2K6HK3H6A\/\" target=\"_blank\" rel=\"nofollow noopener\" title=\"https:\/\/www.liberation.fr\/economie\/medias\/france-inter-ou-bfmtv-il-faut-choisir-les-syndicats-de-radio-france-sopposent-au-cumul-des-fonctions-de-benjamin-duhamel-20250605_5AR5LIGCWRCMNO2VO2K6HK3H6A\/\">La r\u00e9daction de la cha\u00eene publique s\u2019\u00e9tait mobilis\u00e9e<\/a> deux jours apr\u00e8s, demandant \u00e0 la direction de refuser ce cumul des postes accord\u00e9 au journaliste, l\u2019un dans le public, l\u2019autre dans le priv\u00e9. Six syndicats et la soci\u00e9t\u00e9 des journalistes de Radio France avaient d\u00e9nonc\u00e9 le m\u00e9lange de fonctions de la nouvelle recrue de la station publique.<\/p>\n<p class=\"sc-ksZaOG ehjQrN text-element\">Mais le d\u00e9part de L\u00e9a Salam\u00e9 de la matinale a rebattu les cartes. Selon Le Parisien, <a href=\"https:\/\/www.leparisien.fr\/culture-loisirs\/tv\/mercato-deja-promu-a-france-inter-benjamin-duhamel-quitte-finalement-bfmtv-26-06-2025-WZKMVNCZTFDMDPZNAMU66CSM4A.php?ts=1750927216189\" target=\"_blank\" rel=\"nofollow noopener\" title=\"https:\/\/www.leparisien.fr\/culture-loisirs\/tv\/mercato-deja-promu-a-france-inter-benjamin-duhamel-quitte-finalement-bfmtv-26-06-2025-WZKMVNCZTFDMDPZNAMU66CSM4A.php?ts=1750927216189\">qui r\u00e9v\u00e8le l\u2019information ce jeudi<\/a>, Benjamin Duhamel devrait voir sa place \u00e9largie dans la matinale de France Inter, sans apporter plus de pr\u00e9cisions. Le journaliste aurait \u00e9galement \u00e9t\u00e9 \u00abagac\u00e9\u00bb, avance le quotidien, que BFM TV propose \u00e0 la star de France Inter sa propre tranche d\u2019info le soir \u00e0 18 h 50. Proposition que L\u00e9a Salam\u00e9 a finalement refus\u00e9e. Elle a pr\u00e9f\u00e9r\u00e9 <a href=\"https:\/\/www.liberation.fr\/economie\/medias\/lea-salame-quitte-la-matinale-d-france-inter-pour-le-20-heures-de-france-2-20250619_2QRWHRZVYZHMDGUULDEKTTFV3E\/\" target=\"_blank\" rel=\"nofollow noopener\" title=\"https:\/\/www.liberation.fr\/economie\/medias\/lea-salame-quitte-la-matinale-d-france-inter-pour-le-20-heures-de-france-2-20250619_2QRWHRZVYZHMDGUULDEKTTFV3E\/\">prendre la succession d\u2019Anne-Sophie <\/a>Lapix au 20 heures de France 2.<\/p>\n<p class=\"sc-ksZaOG ehjQrN text-element\">Apr\u00e8s avoir commenc\u00e9 sa carri\u00e8re \u00e0 RTL, Benjamin Duhamel avait rejoint BFM TV en 2019, d\u2019abord pour suivre l\u2019extr\u00eame droite, puis comme \u00e9ditorialiste et intervieweur. H\u00e9ritier d\u2019une longue lign\u00e9e m\u00e9diatique historiquement li\u00e9e \u00e0 l\u2019audiovisuel public, il est le fils de Patrice Duhamel, ancien directeur g\u00e9n\u00e9ral de France T\u00e9l\u00e9visions et de Nathalie Saint-Cricq ainsi que le neveu d\u2019Alain Duhamel.<\/p>\n<p class=\"sc-ksZaOG ehjQrN text-element\">Sur ces accusations de profiter d\u2019un certain n\u00e9potisme m\u00e9diatique, Benjamin Duhamel <a href=\"https:\/\/www.liberation.fr\/economie\/medias\/benjamin-duhamel-nepo-mais-pas-trop-20240915_UBLLKXWCOBBFXJGI3UNWIGILW4\/\" target=\"_blank\" rel=\"nofollow noopener\" title=\"https:\/\/www.liberation.fr\/economie\/medias\/benjamin-duhamel-nepo-mais-pas-trop-20240915_UBLLKXWCOBBFXJGI3UNWIGILW4\/\">expliquait en septembre \u00e0 Lib\u00e9ration<\/a> qu\u2019il \u00abserait ind\u00e9cent de [s] e plaindre\u00bb : \u00abLes fils de femme de m\u00e9nage ou d\u2019agriculteurs ne partent \u00e9videmment pas avec les m\u00eames chances dans la vie. \u00c7a m\u2019agace juste quand \u00e7a m\u2019essentialise. J\u2019esp\u00e8re quand m\u00eame que si je suis arriv\u00e9 l\u00e0, ce n\u2019est pas simplement \u00e0 cause de mon nom.\u00bb<\/p>\n","protected":false},"excerpt":{"rendered":"Le transfert \u00e0 France Inter de Benjamin Duhamel \u00e0 la rentr\u00e9e, annonc\u00e9 le lundi 2 juin, avait suscit\u00e9&hellip;\n","protected":false},"author":2,"featured_media":209433,"comment_status":"","ping_status":"","sticky":false,"template":"","format":"standard","meta":{"footnotes":""},"categories":[4],"tags":[11,1011,27,9102,12,25],"class_list":{"0":"post-209432","1":"post","2":"type-post","3":"status-publish","4":"format-standard","5":"has-post-thumbnail","7":"category-france","8":"tag-actualites","9":"tag-fr","10":"tag-france","11":"tag-france-inter","12":"tag-news","13":"tag-republique-francaise"},"share_on_mastodon":{"url":"https:\/\/pubeurope.com\/@fr\/114757714804645556","error":""},"_links":{"self":[{"href":"https:\/\/www.europesays.com\/fr\/wp-json\/wp\/v2\/posts\/209432","targetHints":{"allow":["GET"]}}],"collection":[{"href":"https:\/\/www.europesays.com\/fr\/wp-json\/wp\/v2\/posts"}],"about":[{"href":"https:\/\/www.europesays.com\/fr\/wp-json\/wp\/v2\/types\/post"}],"author":[{"embeddable":true,"href":"https:\/\/www.europesays.com\/fr\/wp-json\/wp\/v2\/users\/2"}],"replies":[{"embeddable":true,"href":"https:\/\/www.europesays.com\/fr\/wp-json\/wp\/v2\/comments?post=209432"}],"version-history":[{"count":0,"href":"https:\/\/www.europesays.com\/fr\/wp-json\/wp\/v2\/posts\/209432\/revisions"}],"wp:featuredmedia":[{"embeddable":true,"href":"https:\/\/www.europesays.com\/fr\/wp-json\/wp\/v2\/media\/209433"}],"wp:attachment":[{"href":"https:\/\/www.europesays.com\/fr\/wp-json\/wp\/v2\/media?parent=209432"}],"wp:term":[{"taxonomy":"category","embeddable":true,"href":"https:\/\/www.europesays.com\/fr\/wp-json\/wp\/v2\/categories?post=209432"},{"taxonomy":"post_tag","embeddable":true,"href":"https:\/\/www.europesays.com\/fr\/wp-json\/wp\/v2\/tags?post=209432"}],"curies":[{"name":"wp","href":"https:\/\/api.w.org\/{rel}","templated":true}]}}